{"id":155169,"date":"2024-09-05T12:11:30","date_gmt":"2024-09-05T12:11:30","guid":{"rendered":"https:\/\/puntoapunto.com.ar\/?p=364237"},"modified":"2024-09-05T12:11:30","modified_gmt":"2024-09-05T12:11:30","slug":"llego-el-dia-del-super-net-detalles-del-evento-empresarial-del-ano","status":"publish","type":"post","link":"http:\/\/cordobadirecto.com\/index.php\/2024\/09\/05\/llego-el-dia-del-super-net-detalles-del-evento-empresarial-del-ano\/","title":{"rendered":"\u00a1Lleg\u00f3 el d\u00eda del Super Net! detalles del evento empresarial del a\u00f1o"},"content":{"rendered":"<div class=\"g g-36\">\n<div class=\"g-dyn a-29 c-1\"><a class=\"gofollow\" data-track=\"MjksMzYsMSw2MA==\" href=\"https:\/\/www.harmoniechateau.com.ar\/\" target=\"_blank\" rel=\"noopener\"><img src=\"http:\/\/cordobadirecto.com\/wp-content\/uploads\/2024\/09\/llego-el-dia-del-super-net-detalles-del-evento-empresarial-del-ano.gif\" loading=\"lazy\"><\/a><\/div>\n<\/div>\n<p>&nbsp;\n<\/p>\n<p><strong>\u00a1Lleg\u00f3 el d\u00eda, hoy se realiza la segunda edici\u00f3n del Super NET, el evento insignia que une a Punto a Punto y Revista OCIO para celebrar sus aniversarios!<\/strong> Este Networking Day se ha consolidado como la cita obligada para la comunidad empresarial de C\u00f3rdoba, ofreciendo una combinaci\u00f3n \u00fanica de negocios, entretenimiento y novedades empresariales.<!-- \u00a1O bien no hay banners, estan desactivados o no estan programados para esta ubicaci\u00f3n! -->\n<\/p>\n<p>Como cada a\u00f1o, el hist\u00f3rico evento demuestra ser un \u00e9xito, no solo por la cantidad de asistentes, sino por la calidad de las interacciones y la generaci\u00f3n de nuevas oportunidades de negocio.\n<\/p>\n<p><strong>Este a\u00f1o la cita es este jueves 5 de septiembre a las 18:30 en el Hotel Quinto Centenario.<\/strong> El Super NET reunir\u00e1 a personalidades destacadas de ambas comunidades en un evento que ya es un cl\u00e1sico. Adem\u00e1s del tradicional desfile de moda con las tendencias de primavera-verano, contar\u00e1 con sorteos, banda en vivo y m\u00e1s sorpresas.<!-- \u00a1O bien no hay banners, estan desactivados o no estan programados para esta ubicaci\u00f3n! -->\n<\/p>\n<p><iframe title=\"SUPERNET 2024 | Dos medios imprescindibles, un evento obligatorio\" width=\"500\" height=\"281\" src=\"https:\/\/www.youtube.com\/embed\/fn-gx6PhjQs?feature=oembed\" frameborder=\"0\" allow=\"accelerometer; autoplay; clipboard-write; encrypted-media; gyroscope; picture-in-picture; web-share\" referrerpolicy=\"strict-origin-when-cross-origin\" allowfullscreen loading=\"lazy\">[embedded content]<\/iframe><\/p>\n<p>Todo lo ocurrido en el Super NET ser\u00e1 reflejado en una edici\u00f3n especial impresa, con las mejores fotos y toda la informaci\u00f3n del evento. Entre las marcas que ya han confirmado su presencia se encuentran<strong> Deloitte, Remax<\/strong><br \/><strong>Social, Pueblo Nativo, Infinito Open, Hospital Privado, Grupo Edisur, Bacar, Nobis y m\u00e1s.<\/strong><\/p>\n<p><strong>Si deseas que tu empresa forme parte de la revista impresa, comun\u00edcate al siguiente mail <a href=\"https:\/\/puntoapunto.com.ar\/cdn-cgi\/l\/email-protection\" class=\"__cf_email__\" data-cfemail=\"23424d4241464f514c4e46514263444e424a4f0d404c4e\">[email&nbsp;protected]<\/a>.<\/strong>\n<\/p>\n<p><strong>Algunas postales del Super NET 2023<\/strong>\n<\/p>\n<p><img decoding=\"async\" class=\"aligncenter wp-image-364261 size-full\" src=\"http:\/\/cordobadirecto.com\/wp-content\/uploads\/2024\/09\/llego-el-dia-del-super-net-detalles-del-evento-empresarial-del-ano.jpg\" alt width=\"2560\" height=\"1707\" srcset=\"http:\/\/cordobadirecto.com\/wp-content\/uploads\/2024\/09\/llego-el-dia-del-super-net-detalles-del-evento-empresarial-del-ano.jpg 2560w, http:\/\/cordobadirecto.com\/wp-content\/uploads\/2024\/09\/llego-el-dia-del-super-net-detalles-del-evento-empresarial-del-ano-8.jpg 300w, http:\/\/cordobadirecto.com\/wp-content\/uploads\/2024\/09\/llego-el-dia-del-super-net-detalles-del-evento-empresarial-del-ano-9.jpg 1024w, http:\/\/cordobadirecto.com\/wp-content\/uploads\/2024\/09\/llego-el-dia-del-super-net-detalles-del-evento-empresarial-del-ano-10.jpg 768w, http:\/\/cordobadirecto.com\/wp-content\/uploads\/2024\/09\/llego-el-dia-del-super-net-detalles-del-evento-empresarial-del-ano-11.jpg 1536w, http:\/\/cordobadirecto.com\/wp-content\/uploads\/2024\/09\/llego-el-dia-del-super-net-detalles-del-evento-empresarial-del-ano-12.jpg 2048w, http:\/\/cordobadirecto.com\/wp-content\/uploads\/2024\/09\/llego-el-dia-del-super-net-detalles-del-evento-empresarial-del-ano-13.jpg 750w, http:\/\/cordobadirecto.com\/wp-content\/uploads\/2024\/09\/llego-el-dia-del-super-net-detalles-del-evento-empresarial-del-ano-14.jpg 1140w\" sizes=\"(max-width: 2560px) 100vw, 2560px\" loading=\"lazy\">\n<\/p>\n<p><img decoding=\"async\" class=\"aligncenter wp-image-364263 size-full\" src=\"http:\/\/cordobadirecto.com\/wp-content\/uploads\/2024\/09\/llego-el-dia-del-super-net-detalles-del-evento-empresarial-del-ano-1.jpg\" alt width=\"2560\" height=\"1707\" srcset=\"http:\/\/cordobadirecto.com\/wp-content\/uploads\/2024\/09\/llego-el-dia-del-super-net-detalles-del-evento-empresarial-del-ano-1.jpg 2560w, http:\/\/cordobadirecto.com\/wp-content\/uploads\/2024\/09\/llego-el-dia-del-super-net-detalles-del-evento-empresarial-del-ano-15.jpg 300w, http:\/\/cordobadirecto.com\/wp-content\/uploads\/2024\/09\/llego-el-dia-del-super-net-detalles-del-evento-empresarial-del-ano-16.jpg 1024w, http:\/\/cordobadirecto.com\/wp-content\/uploads\/2024\/09\/llego-el-dia-del-super-net-detalles-del-evento-empresarial-del-ano-17.jpg 768w, http:\/\/cordobadirecto.com\/wp-content\/uploads\/2024\/09\/llego-el-dia-del-super-net-detalles-del-evento-empresarial-del-ano-18.jpg 1536w, http:\/\/cordobadirecto.com\/wp-content\/uploads\/2024\/09\/llego-el-dia-del-super-net-detalles-del-evento-empresarial-del-ano-19.jpg 2048w, http:\/\/cordobadirecto.com\/wp-content\/uploads\/2024\/09\/llego-el-dia-del-super-net-detalles-del-evento-empresarial-del-ano-20.jpg 750w, http:\/\/cordobadirecto.com\/wp-content\/uploads\/2024\/09\/llego-el-dia-del-super-net-detalles-del-evento-empresarial-del-ano-21.jpg 1140w\" sizes=\"(max-width: 2560px) 100vw, 2560px\" loading=\"lazy\">\n<\/p>\n<p><img decoding=\"async\" class=\"aligncenter wp-image-364264 size-full\" src=\"http:\/\/cordobadirecto.com\/wp-content\/uploads\/2024\/09\/llego-el-dia-del-super-net-detalles-del-evento-empresarial-del-ano-2.jpg\" alt width=\"2560\" height=\"1707\" srcset=\"http:\/\/cordobadirecto.com\/wp-content\/uploads\/2024\/09\/llego-el-dia-del-super-net-detalles-del-evento-empresarial-del-ano-2.jpg 2560w, http:\/\/cordobadirecto.com\/wp-content\/uploads\/2024\/09\/llego-el-dia-del-super-net-detalles-del-evento-empresarial-del-ano-22.jpg 300w, http:\/\/cordobadirecto.com\/wp-content\/uploads\/2024\/09\/llego-el-dia-del-super-net-detalles-del-evento-empresarial-del-ano-23.jpg 1024w, http:\/\/cordobadirecto.com\/wp-content\/uploads\/2024\/09\/llego-el-dia-del-super-net-detalles-del-evento-empresarial-del-ano-24.jpg 768w, http:\/\/cordobadirecto.com\/wp-content\/uploads\/2024\/09\/llego-el-dia-del-super-net-detalles-del-evento-empresarial-del-ano-25.jpg 1536w, http:\/\/cordobadirecto.com\/wp-content\/uploads\/2024\/09\/llego-el-dia-del-super-net-detalles-del-evento-empresarial-del-ano-26.jpg 2048w, http:\/\/cordobadirecto.com\/wp-content\/uploads\/2024\/09\/llego-el-dia-del-super-net-detalles-del-evento-empresarial-del-ano-27.jpg 750w, http:\/\/cordobadirecto.com\/wp-content\/uploads\/2024\/09\/llego-el-dia-del-super-net-detalles-del-evento-empresarial-del-ano-28.jpg 1140w\" sizes=\"(max-width: 2560px) 100vw, 2560px\" loading=\"lazy\"><img decoding=\"async\" class=\"aligncenter wp-image-364265 size-full\" src=\"http:\/\/cordobadirecto.com\/wp-content\/uploads\/2024\/09\/llego-el-dia-del-super-net-detalles-del-evento-empresarial-del-ano-3.jpg\" alt width=\"2560\" height=\"1707\" srcset=\"http:\/\/cordobadirecto.com\/wp-content\/uploads\/2024\/09\/llego-el-dia-del-super-net-detalles-del-evento-empresarial-del-ano-3.jpg 2560w, http:\/\/cordobadirecto.com\/wp-content\/uploads\/2024\/09\/llego-el-dia-del-super-net-detalles-del-evento-empresarial-del-ano-29.jpg 300w, http:\/\/cordobadirecto.com\/wp-content\/uploads\/2024\/09\/llego-el-dia-del-super-net-detalles-del-evento-empresarial-del-ano-30.jpg 1024w, http:\/\/cordobadirecto.com\/wp-content\/uploads\/2024\/09\/llego-el-dia-del-super-net-detalles-del-evento-empresarial-del-ano-31.jpg 768w, http:\/\/cordobadirecto.com\/wp-content\/uploads\/2024\/09\/llego-el-dia-del-super-net-detalles-del-evento-empresarial-del-ano-32.jpg 1536w, http:\/\/cordobadirecto.com\/wp-content\/uploads\/2024\/09\/llego-el-dia-del-super-net-detalles-del-evento-empresarial-del-ano-33.jpg 2048w, http:\/\/cordobadirecto.com\/wp-content\/uploads\/2024\/09\/llego-el-dia-del-super-net-detalles-del-evento-empresarial-del-ano-34.jpg 750w, http:\/\/cordobadirecto.com\/wp-content\/uploads\/2024\/09\/llego-el-dia-del-super-net-detalles-del-evento-empresarial-del-ano-35.jpg 1140w\" sizes=\"(max-width: 2560px) 100vw, 2560px\" loading=\"lazy\"> <img decoding=\"async\" class=\"aligncenter wp-image-364266 size-full\" src=\"http:\/\/cordobadirecto.com\/wp-content\/uploads\/2024\/09\/llego-el-dia-del-super-net-detalles-del-evento-empresarial-del-ano-4.jpg\" alt width=\"2560\" height=\"1707\" srcset=\"http:\/\/cordobadirecto.com\/wp-content\/uploads\/2024\/09\/llego-el-dia-del-super-net-detalles-del-evento-empresarial-del-ano-4.jpg 2560w, http:\/\/cordobadirecto.com\/wp-content\/uploads\/2024\/09\/llego-el-dia-del-super-net-detalles-del-evento-empresarial-del-ano-36.jpg 300w, http:\/\/cordobadirecto.com\/wp-content\/uploads\/2024\/09\/llego-el-dia-del-super-net-detalles-del-evento-empresarial-del-ano-37.jpg 1024w, http:\/\/cordobadirecto.com\/wp-content\/uploads\/2024\/09\/llego-el-dia-del-super-net-detalles-del-evento-empresarial-del-ano-38.jpg 768w, http:\/\/cordobadirecto.com\/wp-content\/uploads\/2024\/09\/llego-el-dia-del-super-net-detalles-del-evento-empresarial-del-ano-39.jpg 1536w, http:\/\/cordobadirecto.com\/wp-content\/uploads\/2024\/09\/llego-el-dia-del-super-net-detalles-del-evento-empresarial-del-ano-40.jpg 2048w, http:\/\/cordobadirecto.com\/wp-content\/uploads\/2024\/09\/llego-el-dia-del-super-net-detalles-del-evento-empresarial-del-ano-41.jpg 750w, http:\/\/cordobadirecto.com\/wp-content\/uploads\/2024\/09\/llego-el-dia-del-super-net-detalles-del-evento-empresarial-del-ano-42.jpg 1140w\" sizes=\"(max-width: 2560px) 100vw, 2560px\" loading=\"lazy\"> <img decoding=\"async\" class=\"aligncenter wp-image-364267 size-full\" src=\"http:\/\/cordobadirecto.com\/wp-content\/uploads\/2024\/09\/llego-el-dia-del-super-net-detalles-del-evento-empresarial-del-ano-5.jpg\" alt width=\"2560\" height=\"1707\" srcset=\"http:\/\/cordobadirecto.com\/wp-content\/uploads\/2024\/09\/llego-el-dia-del-super-net-detalles-del-evento-empresarial-del-ano-5.jpg 2560w, http:\/\/cordobadirecto.com\/wp-content\/uploads\/2024\/09\/llego-el-dia-del-super-net-detalles-del-evento-empresarial-del-ano-43.jpg 300w, http:\/\/cordobadirecto.com\/wp-content\/uploads\/2024\/09\/llego-el-dia-del-super-net-detalles-del-evento-empresarial-del-ano-44.jpg 1024w, http:\/\/cordobadirecto.com\/wp-content\/uploads\/2024\/09\/llego-el-dia-del-super-net-detalles-del-evento-empresarial-del-ano-45.jpg 768w, http:\/\/cordobadirecto.com\/wp-content\/uploads\/2024\/09\/llego-el-dia-del-super-net-detalles-del-evento-empresarial-del-ano-46.jpg 1536w, http:\/\/cordobadirecto.com\/wp-content\/uploads\/2024\/09\/llego-el-dia-del-super-net-detalles-del-evento-empresarial-del-ano-47.jpg 2048w, http:\/\/cordobadirecto.com\/wp-content\/uploads\/2024\/09\/llego-el-dia-del-super-net-detalles-del-evento-empresarial-del-ano-48.jpg 750w, http:\/\/cordobadirecto.com\/wp-content\/uploads\/2024\/09\/llego-el-dia-del-super-net-detalles-del-evento-empresarial-del-ano-49.jpg 1140w\" sizes=\"(max-width: 2560px) 100vw, 2560px\" loading=\"lazy\"> <img decoding=\"async\" class=\"aligncenter wp-image-364268 size-full\" src=\"http:\/\/cordobadirecto.com\/wp-content\/uploads\/2024\/09\/llego-el-dia-del-super-net-detalles-del-evento-empresarial-del-ano-6.jpg\" alt width=\"2560\" height=\"1707\" srcset=\"http:\/\/cordobadirecto.com\/wp-content\/uploads\/2024\/09\/llego-el-dia-del-super-net-detalles-del-evento-empresarial-del-ano-6.jpg 2560w, http:\/\/cordobadirecto.com\/wp-content\/uploads\/2024\/09\/llego-el-dia-del-super-net-detalles-del-evento-empresarial-del-ano-50.jpg 300w, http:\/\/cordobadirecto.com\/wp-content\/uploads\/2024\/09\/llego-el-dia-del-super-net-detalles-del-evento-empresarial-del-ano-51.jpg 1024w, http:\/\/cordobadirecto.com\/wp-content\/uploads\/2024\/09\/llego-el-dia-del-super-net-detalles-del-evento-empresarial-del-ano-52.jpg 768w, http:\/\/cordobadirecto.com\/wp-content\/uploads\/2024\/09\/llego-el-dia-del-super-net-detalles-del-evento-empresarial-del-ano-53.jpg 1536w, http:\/\/cordobadirecto.com\/wp-content\/uploads\/2024\/09\/llego-el-dia-del-super-net-detalles-del-evento-empresarial-del-ano-54.jpg 2048w, http:\/\/cordobadirecto.com\/wp-content\/uploads\/2024\/09\/llego-el-dia-del-super-net-detalles-del-evento-empresarial-del-ano-55.jpg 750w, http:\/\/cordobadirecto.com\/wp-content\/uploads\/2024\/09\/llego-el-dia-del-super-net-detalles-del-evento-empresarial-del-ano-56.jpg 1140w\" sizes=\"(max-width: 2560px) 100vw, 2560px\" loading=\"lazy\">\n<\/p>\n<div class=\"g g-38\">\n<div class=\"g-dyn a-12 c-1\"><a class=\"gofollow\" data-track=\"MTIsMzgsMSw2MA==\" href=\"https:\/\/form.jotform.com\/240784464263663\" target=\"_blank\" rel=\"noopener\"><img src=\"http:\/\/cordobadirecto.com\/wp-content\/uploads\/2024\/09\/llego-el-dia-del-super-net-detalles-del-evento-empresarial-del-ano-7.jpg\" loading=\"lazy\"><\/a><\/div>\n<\/div>\n","protected":false},"excerpt":{"rendered":"<p>&nbsp; \u00a1Lleg\u00f3 el d\u00eda, hoy se realiza la segunda edici\u00f3n del Super NET, el evento insignia que une a Punto a Punto y Revista OCIO para celebrar sus aniversarios! Este Networking Day se ha consolidado como la cita obligada para la comunidad empresarial de C\u00f3rdoba, ofreciendo una combinaci\u00f3n \u00fanica de negocios, entretenimiento y novedades empresariales. [&hellip;]<\/p>\n","protected":false},"author":1,"featured_media":155170,"comment_status":"closed","ping_status":"closed","sticky":false,"template":"","format":"standard","meta":[],"categories":[25],"tags":[],"_links":{"self":[{"href":"http:\/\/cordobadirecto.com\/index.php\/wp-json\/wp\/v2\/posts\/155169"}],"collection":[{"href":"http:\/\/cordobadirecto.com\/index.php\/wp-json\/wp\/v2\/posts"}],"about":[{"href":"http:\/\/cordobadirecto.com\/index.php\/wp-json\/wp\/v2\/types\/post"}],"author":[{"embeddable":true,"href":"http:\/\/cordobadirecto.com\/index.php\/wp-json\/wp\/v2\/users\/1"}],"replies":[{"embeddable":true,"href":"http:\/\/cordobadirecto.com\/index.php\/wp-json\/wp\/v2\/comments?post=155169"}],"version-history":[{"count":0,"href":"http:\/\/cordobadirecto.com\/index.php\/wp-json\/wp\/v2\/posts\/155169\/revisions"}],"wp:featuredmedia":[{"embeddable":true,"href":"http:\/\/cordobadirecto.com\/index.php\/wp-json\/wp\/v2\/media\/155170"}],"wp:attachment":[{"href":"http:\/\/cordobadirecto.com\/index.php\/wp-json\/wp\/v2\/media?parent=155169"}],"wp:term":[{"taxonomy":"category","embeddable":true,"href":"http:\/\/cordobadirecto.com\/index.php\/wp-json\/wp\/v2\/categories?post=155169"},{"taxonomy":"post_tag","embeddable":true,"href":"http:\/\/cordobadirecto.com\/index.php\/wp-json\/wp\/v2\/tags?post=155169"}],"curies":[{"name":"wp","href":"https:\/\/api.w.org\/{rel}","templated":true}]}}