{"id":155185,"date":"2024-09-04T20:48:22","date_gmt":"2024-09-04T20:48:22","guid":{"rendered":"https:\/\/www.ole.com.ar\/autos\/carreras-formula-1-colapinto-podran-ver-tv-pagar-peso-extra-cable_0_Sq2hhmSwaK.html"},"modified":"2024-09-04T20:48:22","modified_gmt":"2024-09-04T20:48:22","slug":"las-carreras-de-formula-1-que-le-faltan-a-colapinto-se-podran-ver-por-tv-sin-pagar-un-peso-extra","status":"publish","type":"post","link":"http:\/\/cordobadirecto.com\/index.php\/2024\/09\/04\/las-carreras-de-formula-1-que-le-faltan-a-colapinto-se-podran-ver-por-tv-sin-pagar-un-peso-extra\/","title":{"rendered":"Las carreras de F\u00f3rmula 1 que le faltan a Colapinto se podr\u00e1n ver por TV sin pagar un peso extra"},"content":{"rendered":"<p><time class=\"createDate\" datetime=\"2024-09-04T15:48:22-05:00\">04\/09\/2024 15:48hs.<\/time><\/p>\n<div id=\"storyBody\">\n<div class=\"custom-text \" readability=\"36.432911392405\">\n<p>No hay mediciones p\u00fablicas, pero todo aquel que pudo ver el debut de <strong><a href=\"https:\/\/www.ole.com.ar\/tema\/franco-colapinto.html\" title=\"Franco Colapinto\" alt=\"Franco Colapinto\" class=\"slug\">Franco Colapinto<\/a><\/strong> en la <strong><a href=\"https:\/\/www.ole.com.ar\/tema\/formula-1.html\" title=\"F\u00f3rmula 1\" alt=\"F\u00f3rmula 1\" class=\"slug\">F\u00f3rmula 1<\/a><\/strong>, se peg\u00f3 a la pantalla el fin de semana \u00faltimo para disfrutar del debut del bonerense, que cort\u00f3 una sequ\u00eda de 23 a\u00f1os sin argentinos en la M\u00e1xima. Miles de personas seguramente disfrutaron viendo ese Williams azul #43 en el circuito de Monza, donde Colapa termin\u00f3 12\u00b0 en la carrera.<\/p>\n<\/div>\n<div class=\"custom-text \" readability=\"44\">\n<p>Es cierto que no se dio por la televisi\u00f3n abierta, ni tampoco el cable (pago, naturalmente). En vivo solo se pudo disfrutar por el stream de <strong>Disney+<\/strong> (plataforma que absorbi\u00f3 a Star+) y, los m\u00e1s habituados al automovilismo, por F1 TV, con la diferencia de que la oferta de esta \u00faltima opci\u00f3n es solo sobre la categor\u00eda y la otra, del deporte en general, pel\u00edculas, series, etc.<\/p>\n<\/div>\n<p><h2>C\u00f3mo se va a poder la F\u00f3rmula 1 de ahora en m\u00e1s<\/h2>\n<\/p>\n<div class=\"custom-text \" readability=\"40\">\n<p>Franco Colapinto, quien tiene un contrato con la escuder\u00eda brit\u00e1nica hasta fin de temporada, o sea ocho Grandes Premios m\u00e1s, vovler\u00e1 a aprecer en las pantallas mencionadas, y tambi\u00e9n se agregar\u00e1 una tyercera: la de <strong>Fox Sports<\/strong>. O msea que volver\u00e1 al cable habitual, en la se\u00f1al que sol\u00eda pasar la F1.<\/p>\n<\/div>\n<div class=\"custom-text \" readability=\"37\">\n<p>El canal anunci\u00f3 que televisar\u00e1n las carreras<strong> de ac\u00e1 hasta que termine la temporada 2024<\/strong>, incluyendo los enayos, las clasificaciones y las pruebas Sprint, las de algunos s\u00e1bados. \u00bfCon cortes? S\u00ed. \u00bfSeguir\u00e1 teniendo cortes Disney+? No se confirm\u00f3.<\/p>\n<\/div>\n<div class=\"sc-e7b891c4-0 ifHnQL\"><img alt=\"Franco Colapinto en la transmisi\u00f3n de Disney+ el domingo.\" loading=\"lazy\" width=\"720\" height=\"100\" decoding=\"async\" data-nimg=\"1\" src=\"http:\/\/cordobadirecto.com\/wp-content\/uploads\/2024\/09\/las-carreras-de-formula-1-que-le-faltan-a-colapinto-se-podran-ver-por-tv-sin-pagar-un-peso-extra.jpg\"><span class=\"epigraphe\">Franco Colapinto en la transmisi\u00f3n de Disney+ el domingo.<\/span><\/div>\n<div class=\"custom-text \" readability=\"41\">\n<p>S\u00ed se sabe, por experiencia, que entre ambas se\u00f1ales seguir\u00e1 habiando una diferencia de contenido. Disney+ mantendr\u00e1 la posibilidad de ver la <strong>c\u00e1mara onboard<\/strong> (o sea desde el interior del auto), lo mismo que retroceder la imagen que se est\u00e1 viendo en vivo, lo mismo que ver los programas on demand, o sea cuando uno quiere. Adem\u00e1s, cuenta con una previa y un post m\u00e1s extenso.<\/p>\n<\/div>\n<div class=\"sc-e7b891c4-0 ifHnQL\"><img alt=\"El Williams se volver\u00e1 a ver dentro de dos fines de semana por tv.\" loading=\"lazy\" width=\"720\" height=\"100\" decoding=\"async\" data-nimg=\"1\" src=\"http:\/\/cordobadirecto.com\/wp-content\/uploads\/2024\/09\/las-carreras-de-formula-1-que-le-faltan-a-colapinto-se-podran-ver-por-tv-sin-pagar-un-peso-extra-1.jpg\"><span class=\"epigraphe\">El Williams se volver\u00e1 a ver dentro de dos fines de semana por tv.<\/span><\/div>\n<p><h2>Lo que queda del calendario de la F\u00f3rmula 1<\/h2>\n<\/p>\n<div class=\"custom-text \">\n<ul>\n<li>15 de septiembre: Azerbaiy\u00e1n<\/li>\n<li>22 de septiembre: Singapur<\/li>\n<li>20 de octubre: Estados Unidos (Austin, Texas)<\/li>\n<li>27 de octubre: M\u00e9xico<\/li>\n<li>3 de noviembre: Brasil<\/li>\n<li>23 de noviembre: Estados Unidos (Las Vegas)<\/li>\n<li>1\u00b0 de diciembre: Qatar<\/li>\n<li>8 de diciembre: Abu Dhabi<\/li>\n<\/ul>\n<\/div>\n<div class=\"sc-a7166897-0 eoLsBE\" readability=\"6\">\n<section readability=\"2\"><picture><img alt=\"El nuevo elogio del jefe de Williams a Colapinto\" loading=\"lazy\" width=\"290\" height=\"290\" decoding=\"async\" data-nimg=\"1\" src=\"http:\/\/cordobadirecto.com\/wp-content\/uploads\/2024\/09\/las-carreras-de-formula-1-que-le-faltan-a-colapinto-se-podran-ver-por-tv-sin-pagar-un-peso-extra-2.jpg\"><\/picture>\n<p><span>Mir\u00e1 tambi\u00e9n<\/span><\/p>\n<hr>\n<h3>El nuevo elogio del jefe de Williams a Colapinto<\/h3>\n<\/p>\n<\/section>\n<\/div>\n<div class=\"sc-a7166897-0 eoLsBE\" readability=\"6.5\">\n<section readability=\"3\"><picture><img alt=\"Colapinto, rendido ante las palabras de Scaloni: &quot;El verdadero N\u00b0 1&quot;\" loading=\"lazy\" width=\"290\" height=\"290\" decoding=\"async\" data-nimg=\"1\" src=\"http:\/\/cordobadirecto.com\/wp-content\/uploads\/2024\/09\/las-carreras-de-formula-1-que-le-faltan-a-colapinto-se-podran-ver-por-tv-sin-pagar-un-peso-extra-3.jpg\"><\/picture>\n<p><span>Mir\u00e1 tambi\u00e9n<\/span><\/p>\n<hr>\n<h3>Colapinto, rendido ante las palabras de Scaloni: &#8220;El verdadero N\u00b0 1&#8221;<\/h3>\n<\/p>\n<\/section>\n<\/div>\n<div class=\"sc-a7166897-0 eoLsBE\" readability=\"6\">\n<section readability=\"2\"><picture><img alt=\"Qui\u00e9nes son los cuatro pilotos de la F1 que siguen a Colapinto en Instagram\" loading=\"lazy\" width=\"290\" height=\"290\" decoding=\"async\" data-nimg=\"1\" src=\"http:\/\/cordobadirecto.com\/wp-content\/uploads\/2024\/09\/las-carreras-de-formula-1-que-le-faltan-a-colapinto-se-podran-ver-por-tv-sin-pagar-un-peso-extra-4.jpg\"><\/picture>\n<p><span>Mir\u00e1 tambi\u00e9n<\/span><\/p>\n<hr>\n<h3>Qui\u00e9nes son los cuatro pilotos de la F1 que siguen a Colapinto en Instagram<\/h3>\n<\/p>\n<\/section>\n<\/div>\n<\/div>\n","protected":false},"excerpt":{"rendered":"<p>04\/09\/2024 15:48hs. No hay mediciones p\u00fablicas, pero todo aquel que pudo ver el debut de Franco Colapinto en la F\u00f3rmula 1, se peg\u00f3 a la pantalla el fin de semana \u00faltimo para disfrutar del debut del bonerense, que cort\u00f3 una sequ\u00eda de 23 a\u00f1os sin argentinos en la M\u00e1xima. Miles de personas seguramente disfrutaron viendo [&hellip;]<\/p>\n","protected":false},"author":1,"featured_media":155186,"comment_status":"closed","ping_status":"closed","sticky":false,"template":"","format":"standard","meta":[],"categories":[21],"tags":[],"_links":{"self":[{"href":"http:\/\/cordobadirecto.com\/index.php\/wp-json\/wp\/v2\/posts\/155185"}],"collection":[{"href":"http:\/\/cordobadirecto.com\/index.php\/wp-json\/wp\/v2\/posts"}],"about":[{"href":"http:\/\/cordobadirecto.com\/index.php\/wp-json\/wp\/v2\/types\/post"}],"author":[{"embeddable":true,"href":"http:\/\/cordobadirecto.com\/index.php\/wp-json\/wp\/v2\/users\/1"}],"replies":[{"embeddable":true,"href":"http:\/\/cordobadirecto.com\/index.php\/wp-json\/wp\/v2\/comments?post=155185"}],"version-history":[{"count":0,"href":"http:\/\/cordobadirecto.com\/index.php\/wp-json\/wp\/v2\/posts\/155185\/revisions"}],"wp:featuredmedia":[{"embeddable":true,"href":"http:\/\/cordobadirecto.com\/index.php\/wp-json\/wp\/v2\/media\/155186"}],"wp:attachment":[{"href":"http:\/\/cordobadirecto.com\/index.php\/wp-json\/wp\/v2\/media?parent=155185"}],"wp:term":[{"taxonomy":"category","embeddable":true,"href":"http:\/\/cordobadirecto.com\/index.php\/wp-json\/wp\/v2\/categories?post=155185"},{"taxonomy":"post_tag","embeddable":true,"href":"http:\/\/cordobadirecto.com\/index.php\/wp-json\/wp\/v2\/tags?post=155185"}],"curies":[{"name":"wp","href":"https:\/\/api.w.org\/{rel}","templated":true}]}}