{"id":155206,"date":"2024-09-05T20:41:06","date_gmt":"2024-09-05T20:41:06","guid":{"rendered":"https:\/\/es.digitaltrends.com\/?p=1039394"},"modified":"2024-09-05T20:41:06","modified_gmt":"2024-09-05T20:41:06","slug":"la-maquina-la-serie-que-vuelve-a-reunir-a-gael-garcia-y-diego-luna","status":"publish","type":"post","link":"http:\/\/cordobadirecto.com\/index.php\/2024\/09\/05\/la-maquina-la-serie-que-vuelve-a-reunir-a-gael-garcia-y-diego-luna\/","title":{"rendered":"La M\u00e1quina: la serie que vuelve a reunir a Gael Garc\u00eda y Diego Luna"},"content":{"rendered":"<p>Hulu se prepara para este pr\u00f3ximo 9 de octubre estrenar su primera serie original en espa\u00f1ol, que seguramente se ver\u00e1 en <a href=\"https:\/\/es.digitaltrends.com\/entretenimiento\/disney-plus-como-activar-controles-parentales\/\">Disney+<\/a> en Latinoam\u00e9rica y que volver\u00e1 a reunir tras 14 a\u00f1os a Gael Garc\u00eda Bernal y <a href=\"https:\/\/es.digitaltrends.com\/entretenimiento\/diego-luna-conexion-sorpresa-andor-rogue-one\/\"><strong>Diego Luna<\/strong><\/a>, quiz\u00e1s los actores mexicanos contempor\u00e1neos m\u00e1s cercanos con Hollywood.<\/p>\n<p>La serie se llama La M\u00e1quina, y se centra en Esteban \u00abLa M\u00e1quina\u00bb Osuna (Garc\u00eda Bernal), un boxeador envejecido que se prepara para subir al ring para una \u00faltima oportunidad de alcanzar la gloria, y su amigo de la infancia \/ m\u00e1nager Andy Luj\u00e1n (Luna), quien est\u00e1 un poco obsesionado con c\u00f3mo se ve en el exterior a pesar de hacer algunos tratos oscuros que lo han puesto a \u00e9l y a Esteban en un camino peligroso con personas cuestionables.<\/p>\n<p>En el programa Diego Luna vive un cambio de look bastante dram\u00e1tico y tendr\u00e1 que usar una pr\u00f3tesis.<\/p>\n<p>\u00abLa nariz no es la m\u00eda y est\u00e1n pasando muchas cosas en la frente. Y esos labios, tristemente, no son m\u00edos. Tuve que devolv\u00e9rselos. No tengo labios, b\u00e1sicamente\u00bb, dice Luna en broma&nbsp;<em>a Entertainment Weekly<\/em>&nbsp;sobre sus pr\u00f3tesis. \u00abVoy a ser honesto aqu\u00ed: ese no es m\u00edo. Es gigantesco. Y estoy feliz de no tenerlo porque, para ser justos, es muy inc\u00f3modo. Los pantalones ten\u00edan que ser hechos a medida para que ese le quedara. Pero quiero decir, [Andy] es alguien que simplemente no est\u00e1 contento con la forma en que se ve, y no est\u00e1 contento con lo que ve en el espejo\u00bb.<\/p>\n<figure id=\"attachment_1039397\" aria-describedby=\"caption-attachment-1039397\" class=\"wp-caption alignnone\"><img src=\"http:\/\/cordobadirecto.com\/wp-content\/uploads\/2024\/09\/la-maquina-la-serie-que-vuelve-a-reunir-a-gael-garcia-y-diego-luna.gif\" data-dt-lazy-src=\"https:\/\/es.digitaltrends.com\/wp-content\/uploads\/2024\/09\/Diego-Luna.jpeg?fit=1521%2C633&amp;p=1\" decoding=\"async\" class=\" size-full wp-image-1039397 h-lightbox is-zoomable dt-lazy-load dt-lazy-pending\" alt><figcaption id=\"caption-attachment-1039397\" class=\"wp-caption-text\"><span class=\"credit\">Imagen utilizada con permiso del titular de los derechos de autor<\/span><\/figcaption><\/figure>\n<p>En tanto, Gael Garc\u00eda Bernal tambi\u00e9n se refiere a su personaje, un boxeador en decadencia que busca recuperar el tiempo perdido.<\/p>\n<p>\u00abTom\u00f3 mucha preparaci\u00f3n y mucho esfuerzo, salidas nocturnas y no dormir. Fue mucha preparaci\u00f3n, mucha\u00bb, bromea. Para \u00e9l, el entrenamiento en realidad comenz\u00f3 hace 10 a\u00f1os cuando, aunque hab\u00eda sido un fan\u00e1tico del boxeo de toda la vida y ocasionalmente incursionaba en el deporte, se meti\u00f3 \u00abrealmente en \u00e9l como un deporte disciplinado\u00bb y comenz\u00f3 a entrenar. \u00abMe llev\u00f3 un tiempo acostumbrarme al menos a cinco o seis elementos que te hacen parecer un boxeador\u00bb, se\u00f1ala. \u00abEs saber defender, tirar, moverse, esquivar, muchas, muchas, muchas cosas. Desafortunadamente, los boxeadores sol\u00edan ser geniales, pero ahora ya no tanto\u00bb.<\/p>\n<figure id=\"attachment_1039398\" aria-describedby=\"caption-attachment-1039398\" class=\"wp-caption alignnone\"><img src=\"http:\/\/cordobadirecto.com\/wp-content\/uploads\/2024\/09\/la-maquina-la-serie-que-vuelve-a-reunir-a-gael-garcia-y-diego-luna.gif\" data-dt-lazy-src=\"https:\/\/es.digitaltrends.com\/wp-content\/uploads\/2024\/09\/Gael-Garcia-Bernal.jpeg?fit=1498%2C676&amp;p=1\" decoding=\"async\" class=\" size-full wp-image-1039398 h-lightbox is-zoomable dt-lazy-load dt-lazy-pending\" alt><figcaption id=\"caption-attachment-1039398\" class=\"wp-caption-text\"><span class=\"credit\">Imagen utilizada con permiso del titular de los derechos de autor<\/span><\/figcaption><\/figure>\n<p>Diego Luna est\u00e1 feliz de volver a trabajar con su amigo y para eso deja una analog\u00eda del boxeo:<\/p>\n<p>\u00abEst\u00e1bamos en un set que era una arena real, hab\u00eda un boxeador real frente a mi amigo, y no se pod\u00eda decir qui\u00e9n ten\u00eda m\u00e1s a\u00f1os entrenando. Fue muy, muy emocionante de ver\u00bb.<\/p>\n<p> <span id=\"publisher-md\" itemprop=\"publisher\" itemscope itemtype=\"https:\/\/schema.org\/Organization\"> <span itemprop=\"url\" itemtype=\"https:\/\/schema.org\/Url\" content=\"https:\/\/es.digitaltrends.com\"> <span itemprop=\"logo\" itemscope itemtype=\"https:\/\/schema.org\/ImageObject\"> <meta itemprop=\"url\" content=\"https:\/\/cdn.dtcn.com\/dt\/dt-logo-small.png\"> <meta itemprop=\"width\" content=\"0\"> <meta itemprop=\"height\" content=\"0\"> <\/span> <meta itemprop=\"name\" content=\"Digital Trends Espa\u00f1ol\"> <\/span> <span itemprop=\"image\" itemscope itemtype=\"https:\/\/schema.org\/ImageObject\"> <meta itemprop=\"url\" content=\"https:\/\/es.digitaltrends.com\/wp-content\/uploads\/2024\/09\/La-Maquina.jpeg?p=1\"> <\/span> <\/span> <\/p>\n","protected":false},"excerpt":{"rendered":"<p>Hulu se prepara para este pr\u00f3ximo 9 de octubre estrenar su primera serie original en espa\u00f1ol, que seguramente se ver\u00e1 en Disney+ en Latinoam\u00e9rica y que volver\u00e1 a reunir tras 14 a\u00f1os a Gael Garc\u00eda Bernal y Diego Luna, quiz\u00e1s los actores mexicanos contempor\u00e1neos m\u00e1s cercanos con Hollywood. La serie se llama La M\u00e1quina, y [&hellip;]<\/p>\n","protected":false},"author":1,"featured_media":155207,"comment_status":"closed","ping_status":"closed","sticky":false,"template":"","format":"standard","meta":[],"categories":[18],"tags":[],"_links":{"self":[{"href":"http:\/\/cordobadirecto.com\/index.php\/wp-json\/wp\/v2\/posts\/155206"}],"collection":[{"href":"http:\/\/cordobadirecto.com\/index.php\/wp-json\/wp\/v2\/posts"}],"about":[{"href":"http:\/\/cordobadirecto.com\/index.php\/wp-json\/wp\/v2\/types\/post"}],"author":[{"embeddable":true,"href":"http:\/\/cordobadirecto.com\/index.php\/wp-json\/wp\/v2\/users\/1"}],"replies":[{"embeddable":true,"href":"http:\/\/cordobadirecto.com\/index.php\/wp-json\/wp\/v2\/comments?post=155206"}],"version-history":[{"count":0,"href":"http:\/\/cordobadirecto.com\/index.php\/wp-json\/wp\/v2\/posts\/155206\/revisions"}],"wp:featuredmedia":[{"embeddable":true,"href":"http:\/\/cordobadirecto.com\/index.php\/wp-json\/wp\/v2\/media\/155207"}],"wp:attachment":[{"href":"http:\/\/cordobadirecto.com\/index.php\/wp-json\/wp\/v2\/media?parent=155206"}],"wp:term":[{"taxonomy":"category","embeddable":true,"href":"http:\/\/cordobadirecto.com\/index.php\/wp-json\/wp\/v2\/categories?post=155206"},{"taxonomy":"post_tag","embeddable":true,"href":"http:\/\/cordobadirecto.com\/index.php\/wp-json\/wp\/v2\/tags?post=155206"}],"curies":[{"name":"wp","href":"https:\/\/api.w.org\/{rel}","templated":true}]}}