{"id":155210,"date":"2024-09-06T04:06:06","date_gmt":"2024-09-06T04:06:06","guid":{"rendered":"http:\/\/cordobadirecto.com\/index.php\/2024\/09\/06\/ix-foro-de-economia-y-cambio-climatico-el-24-en-modalidad-hibrida-cpce\/"},"modified":"2024-09-06T04:06:06","modified_gmt":"2024-09-06T04:06:06","slug":"ix-foro-de-economia-y-cambio-climatico-el-24-en-modalidad-hibrida-cpce","status":"publish","type":"post","link":"http:\/\/cordobadirecto.com\/index.php\/2024\/09\/06\/ix-foro-de-economia-y-cambio-climatico-el-24-en-modalidad-hibrida-cpce\/","title":{"rendered":"IX Foro de <b>Econom\u00eda<\/b> y Cambio Clim\u00e1tico, el 24 en modalidad h\u00edbrida &#8211; CPCE"},"content":{"rendered":"<p>&#8230; <b>Econom\u00eda<\/b> y Equidad de G\u00e9nero del CPCE y Biocombustibles en <b>C\u00f3rdoba<\/b>, con Mariano Santill\u00e1n a cargo de la unidad ejecutora del \u00e1rea en el Ministerio&nbsp;&#8230; <\/p>\n","protected":false},"excerpt":{"rendered":"<p>&#8230; Econom\u00eda y Equidad de G\u00e9nero del CPCE y Biocombustibles en C\u00f3rdoba, con Mariano Santill\u00e1n a cargo de la unidad ejecutora del \u00e1rea en el Ministerio&nbsp;&#8230;<\/p>\n","protected":false},"author":1,"featured_media":0,"comment_status":"closed","ping_status":"closed","sticky":false,"template":"","format":"standard","meta":[],"categories":[40],"tags":[],"_links":{"self":[{"href":"http:\/\/cordobadirecto.com\/index.php\/wp-json\/wp\/v2\/posts\/155210"}],"collection":[{"href":"http:\/\/cordobadirecto.com\/index.php\/wp-json\/wp\/v2\/posts"}],"about":[{"href":"http:\/\/cordobadirecto.com\/index.php\/wp-json\/wp\/v2\/types\/post"}],"author":[{"embeddable":true,"href":"http:\/\/cordobadirecto.com\/index.php\/wp-json\/wp\/v2\/users\/1"}],"replies":[{"embeddable":true,"href":"http:\/\/cordobadirecto.com\/index.php\/wp-json\/wp\/v2\/comments?post=155210"}],"version-history":[{"count":0,"href":"http:\/\/cordobadirecto.com\/index.php\/wp-json\/wp\/v2\/posts\/155210\/revisions"}],"wp:attachment":[{"href":"http:\/\/cordobadirecto.com\/index.php\/wp-json\/wp\/v2\/media?parent=155210"}],"wp:term":[{"taxonomy":"category","embeddable":true,"href":"http:\/\/cordobadirecto.com\/index.php\/wp-json\/wp\/v2\/categories?post=155210"},{"taxonomy":"post_tag","embeddable":true,"href":"http:\/\/cordobadirecto.com\/index.php\/wp-json\/wp\/v2\/tags?post=155210"}],"curies":[{"name":"wp","href":"https:\/\/api.w.org\/{rel}","templated":true}]}}