{"id":155233,"date":"2024-09-06T13:45:09","date_gmt":"2024-09-06T13:45:09","guid":{"rendered":"https:\/\/www.ole.com.ar\/autos\/bearman-corre-baku-suspension-magnussen-gp-arabia-formula1_0_FFPxlBEShJ.html"},"modified":"2024-09-06T13:45:09","modified_gmt":"2024-09-06T13:45:09","slug":"atento-colapinto-se-vuelve-a-mover-la-parrilla-de-la-formula-1","status":"publish","type":"post","link":"http:\/\/cordobadirecto.com\/index.php\/2024\/09\/06\/atento-colapinto-se-vuelve-a-mover-la-parrilla-de-la-formula-1\/","title":{"rendered":"Atento Colapinto: se vuelve a mover la parrilla de la F\u00f3rmula 1"},"content":{"rendered":"<p><time class=\"createDate\" datetime=\"2024-09-06T10:45:09-03:00\">06\/09\/2024 10:45hs.<\/time><time class=\"modificatedDate\" datetime=\"2024-09-06T10:52:05-03:00\"> Actualizado al 06\/09\/2024 10:52hs.<\/time><\/p>\n<div id=\"storyBody\">\n<div class=\"custom-text \" readability=\"34.666666666667\">\n<p>El piloto <strong>Oliver Bearman disputar\u00e1 una nueva carrera de <a href=\"https:\/\/www.ole.com.ar\/tema\/formula-1.html\" title=\"F\u00f3rmula 1\" alt=\"F\u00f3rmula 1\" class=\"slug\">F\u00f3rmula 1<\/a><\/strong>. Ser\u00e1 el 15 de septiembre en el <strong>Gran Premio de Azerbaiy\u00e1n,<\/strong> en el volante de <strong>Kevin Magnussen<\/strong> de la escuder\u00eda Haas. El dan\u00e9s fue suspendido en Monza, y no podr\u00e1 decir presente en el siguiente evento.<\/p>\n<\/div>\n<div class=\"custom-text \" readability=\"39\">\n<p>La ausencia se debe a que sufri\u00f3 una penalizaci\u00f3n de dos puntos, por provocar una colisi\u00f3n con el franc\u00e9s Pierre Gasly. Adem\u00e1s, ya ten\u00eda diez unidades de castigo<strong> y, al llegar a 12, qued\u00f3 autom\u00e1ticamente sin chances de estar en el siguiente Gran Premio<\/strong>. Magnussen es el primer piloto al que se le aplica esta sanci\u00f3n desde la introducci\u00f3n de este sistema hace diez a\u00f1os.<\/p>\n<\/div>\n<div class=\"custom-text \" readability=\"38.245614035088\">\n<p>No obstante, no ser\u00e1 la primera vez que el brit\u00e1nico de 19 a\u00f1os tenga la oportunidad de participar de la F\u00f3rmula 1. Lo hizo en Arabia Saudita, tras reemplazar al espa\u00f1ol Carlos Sainz de <a href=\"https:\/\/www.ole.com.ar\/tema\/ferrari.html\" title=\"Ferrari\" alt=\"Ferrari\" class=\"slug\">Ferrari<\/a>, donde tambi\u00e9n es probador. Termin\u00f3 en la s\u00e9ptima posici\u00f3n, a tres segundos del <a href=\"https:\/\/www.ole.com.ar\/tema\/mercedes-benz.html\" title=\"Mercedes Benz\" alt=\"Mercedes Benz\" class=\"slug\">Mercedes <\/a>comandado por George Russell, que finaliz\u00f3 sexto.<\/p>\n<\/div>\n<div class=\"custom-text \" readability=\"40\">\n<p>&#8220;<strong>Es algo m\u00e1s que dar el salto a una carrera de F\u00f3rmula 1 como piloto reserva, pero estoy en una posici\u00f3n afortunada de haberlo hecho antes este a\u00f1o con Ferrari, as\u00ed que como m\u00ednimo, lo puedo llamar experiencia. Tambi\u00e9n he tenido cuatro sesiones de Libres 1 con Haas, as\u00ed que sin duda ser\u00e1 de gran ayuda para un fin de semana completo en Bak\u00fa<\/strong>&#8220;, declar\u00f3 Bearman ante esta nueva posibilidad. <\/p>\n<\/div>\n<div class=\"sc-e7b891c4-0 ifHnQL\"><img alt=\"Oliver Bearman em el Gran Premio de Arabia con las manos en el Ferrari.\nAFP\" loading=\"lazy\" width=\"720\" height=\"100\" decoding=\"async\" data-nimg=\"1\" src=\"http:\/\/cordobadirecto.com\/wp-content\/uploads\/2024\/09\/atento-colapinto-se-vuelve-a-mover-la-parrilla-de-la-formula-1.jpg\"><span class=\"epigraphe\">Oliver Bearman em el Gran Premio de Arabia con las manos en el Ferrari.<br \/>\nAFP<\/span><\/div>\n<p><h2><strong>C\u00f3mo viene y qu\u00e9 sigue en la F\u00f3rmula 1<\/strong><\/h2>\n<\/p>\n<div class=\"custom-text \" readability=\"30.933045356371\">\n<p>La siguiente carrera ser\u00e1 justamente el 15 en Bak\u00fa, Azerbaiy\u00e1n. Siete d\u00edas m\u00e1s tarde ser\u00e1 el turno de Singapur de alojar el Gran Premio. Estados Unidos (Austin), M\u00e9xico, Brasil, Las Vegas, Catar y Abu Dabi son las que restan para finalizar la temporada. Circuitos claves para que los nuevos pilotos tengan su oportunidad de brillar.<strong><a href=\"https:\/\/www.ole.com.ar\/autos\/franco-colapinto-monza-f1-formula-1-hoy-vivo-hora-ver-tv-online_0_AvpwIuP5AM.html\" target=\"_self\" title=\" Vale recordar que luego de su debut en Monza, el pasado fin de semana, Franco Colapinto dir\u00e1 presente en todas las calles\" alt=\" Vale recordar que luego de su debut en Monza, el pasado fin de semana, Franco Colapinto dir\u00e1 presente en todas las calles\" rel=\"noopener\"> Vale recordar que luego de su debut en Monza, el pasado fin de semana, Franco Colapinto dir\u00e1 presente en todas las calles<\/a><\/strong>.<\/p>\n<\/div>\n<div class=\"custom-text \" readability=\"33.622641509434\">\n<p>El neerland\u00e9s<strong> <a href=\"https:\/\/www.ole.com.ar\/tema\/max-verstappen.html\" title=\"Max Verstappen\" alt=\"Max Verstappen\" class=\"slug\">Max Verstappen<\/a> lidera la tabla de pilotos con 303 puntos en su Red Bull<\/strong>. El ingl\u00e9s Lando Norris de McLaren se ubica segundo, con 241 unidades, y Charles Leclerc (271) en Ferrari completa el podio.<\/p>\n<\/div>\n<div class=\"sc-e7b891c4-0 ifHnQL\"><img alt=\"El piloto Max Verstappen sue\u00f1a con repetir titulo como en 2023.\nAP\" loading=\"lazy\" width=\"720\" height=\"100\" decoding=\"async\" data-nimg=\"1\" src=\"http:\/\/cordobadirecto.com\/wp-content\/uploads\/2024\/09\/atento-colapinto-se-vuelve-a-mover-la-parrilla-de-la-formula-1-1.jpg\"><span class=\"epigraphe\">El piloto Max Verstappen sue\u00f1a con repetir titulo como en 2023.<br \/>\nAP<\/span><\/div>\n<div class=\"custom-text \" readability=\"39.405405405405\">\n<p>Por otro lado, en constructores,<strong> Red Bull mira a todos desde arriba<\/strong>, en tanto que las escuder\u00edas de Norris y el italiano son los que lo siguen. M\u00e1s abajo est\u00e1n Mercedes, Aston Martin, RB, Haas, Alpine, Williams (donde corre <strong><a href=\"https:\/\/www.ole.com.ar\/tema\/franco-colapinto.html\" title=\"Franco Colapinto\" alt=\"Franco Colapinto\" class=\"slug\">Franco Colapinto<\/a><\/strong>) y Kick Sauber.<\/p>\n<\/div>\n<div class=\"sc-a7166897-0 eoLsBE\" readability=\"6\">\n<section readability=\"2\"><picture><img alt=\"Qu\u00e9 dijeron en Williams sobre el futuro de Colapinto en la F1 en 2025\" loading=\"lazy\" width=\"290\" height=\"290\" decoding=\"async\" data-nimg=\"1\" src=\"http:\/\/cordobadirecto.com\/wp-content\/uploads\/2024\/09\/atento-colapinto-se-vuelve-a-mover-la-parrilla-de-la-formula-1-2.jpg\"><\/picture>\n<p><span>Mir\u00e1 tambi\u00e9n<\/span><\/p>\n<hr>\n<h3>Qu\u00e9 dijeron en Williams sobre el futuro de Colapinto en la F1 en 2025<\/h3>\n<\/p>\n<\/section>\n<\/div>\n<div class=\"sc-a7166897-0 eoLsBE\" readability=\"6.5\">\n<section readability=\"3\"><picture><img alt=\"Video: as\u00ed es una vuelta en el peligroso circuito de Bak\u00fa, donde correr\u00e1 Colapinto\" loading=\"lazy\" width=\"290\" height=\"290\" decoding=\"async\" data-nimg=\"1\" src=\"http:\/\/cordobadirecto.com\/wp-content\/uploads\/2024\/09\/atento-colapinto-se-vuelve-a-mover-la-parrilla-de-la-formula-1-3.jpg\"><\/picture>\n<p><span>Mir\u00e1 tambi\u00e9n<\/span><\/p>\n<hr>\n<h3>Video: as\u00ed es una vuelta en el peligroso circuito de Bak\u00fa, donde correr\u00e1 Colapinto<\/h3>\n<\/p>\n<\/section>\n<\/div>\n<div class=\"sc-a7166897-0 eoLsBE\" readability=\"6.5\">\n<section readability=\"3\"><picture><img alt=\"Las carreras de F\u00f3rmula 1 que le faltan a Colapinto se podr\u00e1n ver por TV sin pagar un peso extra\" loading=\"lazy\" width=\"290\" height=\"290\" decoding=\"async\" data-nimg=\"1\" src=\"http:\/\/cordobadirecto.com\/wp-content\/uploads\/2024\/09\/atento-colapinto-se-vuelve-a-mover-la-parrilla-de-la-formula-1-4.jpg\"><\/picture>\n<p><span>Mir\u00e1 tambi\u00e9n<\/span><\/p>\n<hr>\n<h3>Las carreras de F\u00f3rmula 1 que le faltan a Colapinto se podr\u00e1n ver por TV sin pagar un peso extra<\/h3>\n<\/p>\n<\/section>\n<\/div>\n<\/div>\n","protected":false},"excerpt":{"rendered":"<p>06\/09\/2024 10:45hs. Actualizado al 06\/09\/2024 10:52hs. El piloto Oliver Bearman disputar\u00e1 una nueva carrera de F\u00f3rmula 1. Ser\u00e1 el 15 de septiembre en el Gran Premio de Azerbaiy\u00e1n, en el volante de Kevin Magnussen de la escuder\u00eda Haas. El dan\u00e9s fue suspendido en Monza, y no podr\u00e1 decir presente en el siguiente evento. La ausencia [&hellip;]<\/p>\n","protected":false},"author":1,"featured_media":155234,"comment_status":"closed","ping_status":"closed","sticky":false,"template":"","format":"standard","meta":[],"categories":[21],"tags":[],"_links":{"self":[{"href":"http:\/\/cordobadirecto.com\/index.php\/wp-json\/wp\/v2\/posts\/155233"}],"collection":[{"href":"http:\/\/cordobadirecto.com\/index.php\/wp-json\/wp\/v2\/posts"}],"about":[{"href":"http:\/\/cordobadirecto.com\/index.php\/wp-json\/wp\/v2\/types\/post"}],"author":[{"embeddable":true,"href":"http:\/\/cordobadirecto.com\/index.php\/wp-json\/wp\/v2\/users\/1"}],"replies":[{"embeddable":true,"href":"http:\/\/cordobadirecto.com\/index.php\/wp-json\/wp\/v2\/comments?post=155233"}],"version-history":[{"count":0,"href":"http:\/\/cordobadirecto.com\/index.php\/wp-json\/wp\/v2\/posts\/155233\/revisions"}],"wp:featuredmedia":[{"embeddable":true,"href":"http:\/\/cordobadirecto.com\/index.php\/wp-json\/wp\/v2\/media\/155234"}],"wp:attachment":[{"href":"http:\/\/cordobadirecto.com\/index.php\/wp-json\/wp\/v2\/media?parent=155233"}],"wp:term":[{"taxonomy":"category","embeddable":true,"href":"http:\/\/cordobadirecto.com\/index.php\/wp-json\/wp\/v2\/categories?post=155233"},{"taxonomy":"post_tag","embeddable":true,"href":"http:\/\/cordobadirecto.com\/index.php\/wp-json\/wp\/v2\/tags?post=155233"}],"curies":[{"name":"wp","href":"https:\/\/api.w.org\/{rel}","templated":true}]}}