{"id":155235,"date":"2024-09-05T18:15:12","date_gmt":"2024-09-05T18:15:12","guid":{"rendered":"https:\/\/www.ole.com.ar\/autos\/franco-colapinto-futuro-formula1-piloto-reserva-williams_0_IxfxOSB3wp.html"},"modified":"2024-09-05T18:15:12","modified_gmt":"2024-09-05T18:15:12","slug":"que-dijeron-en-williams-sobre-el-futuro-de-colapinto-en-la-f1-en-2025","status":"publish","type":"post","link":"http:\/\/cordobadirecto.com\/index.php\/2024\/09\/05\/que-dijeron-en-williams-sobre-el-futuro-de-colapinto-en-la-f1-en-2025\/","title":{"rendered":"Qu\u00e9 dijeron en Williams sobre el futuro de Colapinto en la F1 en 2025"},"content":{"rendered":"<p><time class=\"createDate\" datetime=\"2024-09-05T15:15:12-03:00\">05\/09\/2024 15:15hs.<\/time><time class=\"modificatedDate\" datetime=\"2024-09-05T15:16:20-03:00\"> Actualizado al 05\/09\/2024 15:16hs.<\/time><\/p>\n<div id=\"storyBody\">\n<div class=\"custom-text \" readability=\"40.214057507987\">\n<p><strong>Franco Colapinto<\/strong> enciende las brasas de la fiebre fierrera que se est\u00e1 viviendo en el pa\u00eds en estas semanas. Desde el anuncio oficial de <strong>Williams <\/strong>hasta el d\u00eda de la fecha de esta nota, el inter\u00e9s por la <strong>F\u00f3rmula 1<\/strong> creci\u00f3 de manera exponencial. Incluso, a niveles insospechados: personas que nunca hab\u00edan visto una carrera se pegaron a la pantalla, otros cambiaron sus planes para no perderse ni un solo giro y varios expandieron su inter\u00e9s leyendo todo tipo de informaci\u00f3n sobre el pilarense. Es que hubo que aguardar 23 a\u00f1os para volver a ver a un piloto argentino en la categor\u00eda reina del deporte motor. Y si bien el v\u00ednculo es por nueve carreras (ya pas\u00f3 la primera, en el Gran Premio de Monza), la realidad es que <strong>el futuro puede cambiar<\/strong>. Pese a que apenas quedan <strong><a href=\"https:\/\/www.ole.com.ar\/autos\/formula1-pilotos-equipos-2025-kimi-antonelli-mercedes-f1_0_j9fWY1fQ4l.html\" target=\"_blank\" title=\"dos butacas libres\" alt=\"dos butacas libres\" rel=\"noopener\">dos butacas libres<\/a><\/strong> por definirse para la parrilla de 2025 (una en Sauber y la otra en RB), no hay que descartar un cambio de planes para el fan\u00e1tico de Boca.<\/p>\n<\/div>\n<div class=\"custom-text \" readability=\"42\">\n<p>\u201cDependiendo de c\u00f3mo se desempe\u00f1e,<strong> el futuro, hasta cierto punto, est\u00e1 en sus manos<\/strong>. Lo que quiero decir con esto es que si se desempe\u00f1a excepcionalmente bien, claramente permanecer\u00e1 aqu\u00ed como piloto de reserva e invertiremos en \u00e9l en t\u00e9rminos de pruebas TPC (NdeR: entrenamientos con monoplazas con dos a\u00f1os de antig\u00fcedad) y otros elementos que somos capaces de hacer con \u00e9l al mismo tiempo\u201d, coment\u00f3 James Volwes, jefe de equipo de la escuder\u00eda brit\u00e1nica, en charla con Motorsport.<\/p>\n<\/div>\n<div class=\"sc-e7b891c4-0 ifHnQL\"><img alt=\"Albon, piloto principal de Williams, con Colapinto. (Reuters)\" loading=\"lazy\" width=\"720\" height=\"100\" decoding=\"async\" data-nimg=\"1\" src=\"http:\/\/cordobadirecto.com\/wp-content\/uploads\/2024\/09\/que-dijeron-en-williams-sobre-el-futuro-de-colapinto-en-la-f1-en-2025.jpg\"><span class=\"epigraphe\">Albon, piloto principal de Williams, con Colapinto. (Reuters)<\/span><\/div>\n<div class=\"custom-text \" readability=\"41\">\n<p>El objetivo principal de Franco ser\u00e1 disfrutar de una experiencia que, por el momento, tiene una primera fecha de vencimiento. Sin embargo, como todo volante, buscar\u00e1 apretar el acelerador a fondo para acabar cada final en la posici\u00f3n m\u00e1s alta posible, tratar\u00e1 de ara\u00f1ar alg\u00fan punto para los campeonatos de pilotos y constructores e intentar\u00e1 reducir al m\u00ednimo cualquier tipo de error. Si cumple con esos puntos, <strong>en Williams tendr\u00e1n una presi\u00f3n extra a la hora de considerar sus pr\u00f3ximas formaciones<\/strong>.<\/p>\n<\/div>\n<div class=\"custom-text \" readability=\"41\">\n<p>M\u00e1s all\u00e1 de que el futuro a corto plazo estar\u00e1 conformado con <strong>Alex Albon<\/strong>, actual compa\u00f1ero del bonaerense, y <strong>Carlos Sainz<\/strong>, quien llegar\u00e1 de Ferrari, la realidad es que el madrile\u00f1o cuenta con un cartel en el mercado que lo podr\u00eda llevar m\u00e1s adelante a moverse de escuder\u00eda. Y Franco, quien ya hab\u00eda sido considerado para ocupar ese segundo asiento en 2025, luchar\u00e1 por estar preparado por si nuevamente se le presenta la ocasi\u00f3n.<\/p>\n<\/div>\n<div class=\"sc-e7b891c4-0 ifHnQL\"><img alt=\"Colapinto, en el trazado de Monza. (AP)\" loading=\"lazy\" width=\"720\" height=\"100\" decoding=\"async\" data-nimg=\"1\" src=\"http:\/\/cordobadirecto.com\/wp-content\/uploads\/2024\/09\/que-dijeron-en-williams-sobre-el-futuro-de-colapinto-en-la-f1-en-2025-1.jpg\"><span class=\"epigraphe\">Colapinto, en el trazado de Monza. (AP)<\/span><\/div>\n<div class=\"custom-text \" readability=\"38\">\n<p>\u201c<strong>Hubo una lista y \u00e9l formaba parte<\/strong>\u201d, reconoci\u00f3 Volwes. Y cont\u00f3 sobre la elecci\u00f3n de Sainz: \u201cCon Carlos buscamos explotar al m\u00e1ximo el rendimiento del auto actual, pero tambi\u00e9n queremos que impulse el desarrollo del equipo y lo que hay a su alrededor.<strong> Es uno de los mejores de la parrilla para ello y para Williams en los pr\u00f3ximos a\u00f1os.<\/strong> Por nuestra historia, era lo que ten\u00edamos que hacer\u201d.<\/p>\n<\/div>\n<p><h2><strong>\u00bfC\u00f3mo sigue el recorrido de Colapinto en la F1?<\/strong><\/h2>\n<\/p>\n<div class=\"custom-text \" readability=\"36\">\n<p>Lo cierto es que ahora, por en la mente de Colapinto, solo pasa su pr\u00f3xima meta: el GP de Bak\u00fa, del 15 de septiembre.<\/p>\n<\/div>\n<div class=\"sc-a7166897-0 eoLsBE\" readability=\"6\">\n<section readability=\"2\"><picture><img alt=\"Pourchaire pidi\u00f3 un lugar en la F1 y habl\u00f3 sobre Colapinto: &quot;Parece injusto...&quot;\" loading=\"lazy\" width=\"290\" height=\"290\" decoding=\"async\" data-nimg=\"1\" src=\"http:\/\/cordobadirecto.com\/wp-content\/uploads\/2024\/09\/que-dijeron-en-williams-sobre-el-futuro-de-colapinto-en-la-f1-en-2025-2.jpg\"><\/picture>\n<p><span>Mir\u00e1 tambi\u00e9n<\/span><\/p>\n<hr>\n<h3>Pourchaire pidi\u00f3 un lugar en la F1 y habl\u00f3 sobre Colapinto: &#8220;Parece injusto&#8230;&#8221;<\/h3>\n<\/p>\n<\/section>\n<\/div>\n<div class=\"sc-a7166897-0 eoLsBE\" readability=\"6.5\">\n<section readability=\"3\"><picture><img alt=\"Colapinto, rendido ante las palabras de Scaloni: &quot;El verdadero N\u00b0 1&quot;\" loading=\"lazy\" width=\"290\" height=\"290\" decoding=\"async\" data-nimg=\"1\" src=\"http:\/\/cordobadirecto.com\/wp-content\/uploads\/2024\/09\/que-dijeron-en-williams-sobre-el-futuro-de-colapinto-en-la-f1-en-2025-3.jpg\"><\/picture>\n<p><span>Mir\u00e1 tambi\u00e9n<\/span><\/p>\n<hr>\n<h3>Colapinto, rendido ante las palabras de Scaloni: &#8220;El verdadero N\u00b0 1&#8221;<\/h3>\n<\/p>\n<\/section>\n<\/div>\n<div class=\"sc-a7166897-0 eoLsBE\" readability=\"6\">\n<section readability=\"2\"><picture><img alt=\"Qui\u00e9nes son los cuatro pilotos de la F1 que siguen a Colapinto en Instagram\" loading=\"lazy\" width=\"290\" height=\"290\" decoding=\"async\" data-nimg=\"1\" src=\"http:\/\/cordobadirecto.com\/wp-content\/uploads\/2024\/09\/que-dijeron-en-williams-sobre-el-futuro-de-colapinto-en-la-f1-en-2025-4.jpg\"><\/picture>\n<p><span>Mir\u00e1 tambi\u00e9n<\/span><\/p>\n<hr>\n<h3>Qui\u00e9nes son los cuatro pilotos de la F1 que siguen a Colapinto en Instagram<\/h3>\n<\/p>\n<\/section>\n<\/div>\n<\/div>\n","protected":false},"excerpt":{"rendered":"<p>05\/09\/2024 15:15hs. Actualizado al 05\/09\/2024 15:16hs. Franco Colapinto enciende las brasas de la fiebre fierrera que se est\u00e1 viviendo en el pa\u00eds en estas semanas. Desde el anuncio oficial de Williams hasta el d\u00eda de la fecha de esta nota, el inter\u00e9s por la F\u00f3rmula 1 creci\u00f3 de manera exponencial. Incluso, a niveles insospechados: personas [&hellip;]<\/p>\n","protected":false},"author":1,"featured_media":155236,"comment_status":"closed","ping_status":"closed","sticky":false,"template":"","format":"standard","meta":[],"categories":[21],"tags":[],"_links":{"self":[{"href":"http:\/\/cordobadirecto.com\/index.php\/wp-json\/wp\/v2\/posts\/155235"}],"collection":[{"href":"http:\/\/cordobadirecto.com\/index.php\/wp-json\/wp\/v2\/posts"}],"about":[{"href":"http:\/\/cordobadirecto.com\/index.php\/wp-json\/wp\/v2\/types\/post"}],"author":[{"embeddable":true,"href":"http:\/\/cordobadirecto.com\/index.php\/wp-json\/wp\/v2\/users\/1"}],"replies":[{"embeddable":true,"href":"http:\/\/cordobadirecto.com\/index.php\/wp-json\/wp\/v2\/comments?post=155235"}],"version-history":[{"count":0,"href":"http:\/\/cordobadirecto.com\/index.php\/wp-json\/wp\/v2\/posts\/155235\/revisions"}],"wp:featuredmedia":[{"embeddable":true,"href":"http:\/\/cordobadirecto.com\/index.php\/wp-json\/wp\/v2\/media\/155236"}],"wp:attachment":[{"href":"http:\/\/cordobadirecto.com\/index.php\/wp-json\/wp\/v2\/media?parent=155235"}],"wp:term":[{"taxonomy":"category","embeddable":true,"href":"http:\/\/cordobadirecto.com\/index.php\/wp-json\/wp\/v2\/categories?post=155235"},{"taxonomy":"post_tag","embeddable":true,"href":"http:\/\/cordobadirecto.com\/index.php\/wp-json\/wp\/v2\/tags?post=155235"}],"curies":[{"name":"wp","href":"https:\/\/api.w.org\/{rel}","templated":true}]}}