{"id":155237,"date":"2024-09-06T14:41:50","date_gmt":"2024-09-06T14:41:50","guid":{"rendered":"https:\/\/www.ole.com.ar\/futbol-ascenso\/ascenso-primera-nacional-colon-refuerzo-estudiantes_0_CJrpa4x0XO.html"},"modified":"2024-09-06T14:41:50","modified_gmt":"2024-09-06T14:41:50","slug":"el-bicampeon-del-futbol-argentino-que-sera-nuevo-refuerzo-de-colon","status":"publish","type":"post","link":"http:\/\/cordobadirecto.com\/index.php\/2024\/09\/06\/el-bicampeon-del-futbol-argentino-que-sera-nuevo-refuerzo-de-colon\/","title":{"rendered":"El bicampe\u00f3n del f\u00fatbol argentino que ser\u00e1 nuevo refuerzo de Col\u00f3n"},"content":{"rendered":"<p><time class=\"createDate\" datetime=\"2024-09-04T19:26:54-03:00\">04\/09\/2024 19:26hs.<\/time><\/p>\n<div id=\"storyBody\">\n<div class=\"custom-text \" readability=\"36.264900662252\">\n<p>El \u00faltimo pedido de Rodolfo De Paoli se hizo realidad. Sobre el cierre del mercado de pases, el flamante det\u00e9 de <a href=\"https:\/\/www.ole.com.ar\/tema\/colon.html\" title=\"Col\u00f3n\" alt=\"Col\u00f3n\" class=\"slug\">Col\u00f3n<\/a> consider\u00f3 que al plantel<strong> le faltaba un defensor zurdo que pudiera ocupar tanto el puesto de central<\/strong> como de lateral, y la dirigencia del Sabalero ya cerr\u00f3 al player en cuesti\u00f3n.<\/p>\n<\/div>\n<div class=\"custom-text \" readability=\"32.125\">\n<p><strong>Se trata de Nicol\u00e1s Fen\u00e1ndez<\/strong>. El pibe de 22 a\u00f1os surgido en <a href=\"https:\/\/www.ole.com.ar\/tema\/estudiantes-de-la-plata.html\" title=\"Estudiantes de La Plata\" alt=\"Estudiantes de La Plata\" class=\"slug\">Estudiantes de La Plata<\/a> pondr\u00e1 el gamcho en las pr\u00f3ximas horas y ser\u00e1 el \u00faltimo refuerzo de Col\u00f3n de cara al resto del torneo. <strong>Llega cedido desde el Pincha <\/strong>hasta diciembre de 2025, sin cargo ni opci\u00f3n de compra.<\/p>\n<\/div>\n<div class=\"sc-e7b891c4-0 ifHnQL\"><img alt=\"Nicol\u00e1s Fern\u00e1ndez ser\u00e1 nuevo jugador de Col\u00f3n.\" loading=\"lazy\" width=\"720\" height=\"100\" decoding=\"async\" data-nimg=\"1\" src=\"http:\/\/cordobadirecto.com\/wp-content\/uploads\/2024\/09\/el-bicampeon-del-futbol-argentino-que-sera-nuevo-refuerzo-de-colon.jpg\"><span class=\"epigraphe\">Nicol\u00e1s Fern\u00e1ndez ser\u00e1 nuevo jugador de Col\u00f3n.<\/span><\/div>\n<div class=\"custom-text \" readability=\"33.07560137457\">\n<p>El arribo de Fern\u00e1ndez se da por<strong> el cupo disponible que tiene Col\u00f3n tras la salida de Cristian Vega <\/strong>a Central C\u00f3rdoba. As\u00ed, De Paoli termina de delinear el plantel de cara al gran objetivo que tiene el conjunto santafesino en la <a href=\"https:\/\/www.ole.com.ar\/tema\/primera-nacional.html\" title=\"Primera Nacional\" alt=\"Primera Nacional\" class=\"slug\">Primera Nacional<\/a>: volver a la \u00e9lite del f\u00fatbol argentino<\/p>\n<\/div>\n<p><h2><strong>Los n\u00fameros de Fern\u00e1ndez<\/strong><\/h2>\n<\/p>\n<div class=\"custom-text \" readability=\"38\">\n<p>El flamante player del Sabalero hizo todas las inferiores en Estudiantes. Surgi\u00f3 como lateral izquierdo, <strong>pero Eduardo Dom\u00ednguez comenz\u00f3 a utilizarlo como segundo zageuero central<\/strong>. Incluso, fue el propio det\u00e9 quien recomend\u00f3 a Fern\u00e1ndez a la dirigencia de Col\u00f3n, entendiendo el poco lugar que iba a tener por las distintas variantes del Pincha.<\/p>\n<\/div>\n<div class=\"custom-text \" readability=\"39\">\n<p>Vistiendo la camiseta de los de La Plata, <strong>el defensor acumula 16 patidos desde su debut<\/strong>. Dentro de ellos se incluyen participaciones en torneo local, Copa Argentina, Libertadores y Sudamericana. De yapa, fue parte del plantel bicampe\u00f3n en el \u00faltimo a\u00f1o bajo las \u00f3rdenes de Dom\u00ednguez: Copa Argentina 2023 y Copa de la Liga 2024. <\/p>\n<\/div>\n<div class=\"sc-e7b891c4-0 ifHnQL\"><img alt=\"Fern\u00e1ndez fue campe\u00f3n con el Pincha.\" loading=\"lazy\" width=\"720\" height=\"100\" decoding=\"async\" data-nimg=\"1\" src=\"http:\/\/cordobadirecto.com\/wp-content\/uploads\/2024\/09\/el-bicampeon-del-futbol-argentino-que-sera-nuevo-refuerzo-de-colon-1.jpg\"><span class=\"epigraphe\">Fern\u00e1ndez fue campe\u00f3n con el Pincha.<\/span><\/div>\n<div class=\"custom-text \" readability=\"35\">\n<p><strong>La llegada de Sebasti\u00e1n Boselli a Estudiantes fue lo que le abri\u00f3 las puertas para su salida<\/strong>. Tal lo mencionado, arriba a Santa Fe en busca de la continuidad deseada para poder explotar su nivel en un club con las responsabilidades que Col\u00f3n conlleva. <\/p>\n<\/div>\n<p><h2><strong>El mercado de pases de Col\u00f3n<\/strong><\/h2>\n<\/p>\n<div class=\"custom-text \" readability=\"36\">\n<p>El Sabalero fue uno de los que menos movimientos tuvo en el mercado que culmina el pr\u00f3ximo viernes 6 de septiembre. Con la llegada de Fern\u00e1ndez, <strong>son tres los refuerzos del equipo de De Paoli.<\/strong> Los otros dos fueron Genaro Rossi y Joel So\u00f1ora, ambos con pasado en Primera Divisi\u00f3n.<\/p>\n<\/div>\n<div class=\"custom-text \" readability=\"39\">\n<p>A\u00fan as\u00ed, hubieron otros dos jugadores que regresaron de sus respectivos pr\u00e9stamos y tambi\u00e9n son considerados refuerzos. Se trata del lateral <strong>Andrew Teut\u00e9n<\/strong> -estuvo en Montevideo City Torque- y <strong>Jos\u00e9 Neris<\/strong> -tuvo un paso por Pe\u00f1arol. En cuanto a bajas, como se mencion\u00f3 anteriorente, <strong>el Kily Vega se march\u00f3 al Ferroviario<\/strong>, d\u00f3nde ya hab\u00eda tenido un fruct\u00edfero paso.<\/p>\n<\/div>\n<div class=\"sc-a7166897-0 eoLsBE\" readability=\"6.5\">\n<section readability=\"3\"><picture><img alt=\"Lisandro Mart\u00ednez con Ol\u00e9: del &quot;hay que adaptarse&quot; al &quot;me parte el alma que no est\u00e9 Fideo&quot;\" loading=\"lazy\" width=\"290\" height=\"290\" decoding=\"async\" data-nimg=\"1\" src=\"http:\/\/cordobadirecto.com\/wp-content\/uploads\/2024\/09\/el-bicampeon-del-futbol-argentino-que-sera-nuevo-refuerzo-de-colon-2.jpg\"><\/picture>\n<p><span>Mir\u00e1 tambi\u00e9n<\/span><\/p>\n<hr>\n<h3>Lisandro Mart\u00ednez con Ol\u00e9: del &#8220;hay que adaptarse&#8221; al &#8220;me parte el alma que no est\u00e9 Fideo&#8221;<\/h3>\n<\/p>\n<\/section>\n<\/div>\n<div class=\"sc-a7166897-0 eoLsBE\" readability=\"6.5\">\n<section readability=\"3\"><picture><img alt=\"Mientras entrena con la Selecci\u00f3n, Garnacho fue nominado al Premio Kopa 2024\" loading=\"lazy\" width=\"290\" height=\"290\" decoding=\"async\" data-nimg=\"1\" src=\"http:\/\/cordobadirecto.com\/wp-content\/uploads\/2024\/09\/el-bicampeon-del-futbol-argentino-que-sera-nuevo-refuerzo-de-colon-3.jpg\"><\/picture>\n<p><span>Mir\u00e1 tambi\u00e9n<\/span><\/p>\n<hr>\n<h3>Mientras entrena con la Selecci\u00f3n, Garnacho fue nominado al Premio Kopa 2024<\/h3>\n<\/p>\n<\/section>\n<\/div>\n<div class=\"sc-a7166897-0 eoLsBE\" readability=\"6.5\">\n<section readability=\"3\"><picture><img alt=\"Bolivia y un partido especial contra Venezuela: sede a 4150 metros de altura y nuevo DT\" loading=\"lazy\" width=\"290\" height=\"290\" decoding=\"async\" data-nimg=\"1\" src=\"http:\/\/cordobadirecto.com\/wp-content\/uploads\/2024\/09\/el-bicampeon-del-futbol-argentino-que-sera-nuevo-refuerzo-de-colon-4.jpg\"><\/picture>\n<p><span>Mir\u00e1 tambi\u00e9n<\/span><\/p>\n<hr>\n<h3>Bolivia y un partido especial contra Venezuela: sede a 4150 metros de altura y nuevo DT<\/h3>\n<\/p>\n<\/section>\n<\/div>\n<div class=\"sc-a7166897-0 eoLsBE\" readability=\"7.5\">\n<section readability=\"5\"><picture><img alt=\"Bassedas con Ol\u00e9, en Pelota Dividida: el rol del director deportivo, Centuri\u00f3n y su trabajo en V\u00e9lez\" loading=\"lazy\" width=\"290\" height=\"290\" decoding=\"async\" data-nimg=\"1\" src=\"http:\/\/cordobadirecto.com\/wp-content\/uploads\/2024\/09\/el-bicampeon-del-futbol-argentino-que-sera-nuevo-refuerzo-de-colon-5.jpg\"><\/picture>\n<p><span>Mir\u00e1 tambi\u00e9n<\/span><\/p>\n<hr>\n<h3>Bassedas con Ol\u00e9, en Pelota Dividida: el rol del director deportivo, Centuri\u00f3n y su trabajo en V\u00e9lez<\/h3>\n<\/p>\n<\/section>\n<\/div>\n<\/div>\n","protected":false},"excerpt":{"rendered":"<p>04\/09\/2024 19:26hs. El \u00faltimo pedido de Rodolfo De Paoli se hizo realidad. Sobre el cierre del mercado de pases, el flamante det\u00e9 de Col\u00f3n consider\u00f3 que al plantel le faltaba un defensor zurdo que pudiera ocupar tanto el puesto de central como de lateral, y la dirigencia del Sabalero ya cerr\u00f3 al player en cuesti\u00f3n. [&hellip;]<\/p>\n","protected":false},"author":1,"featured_media":155238,"comment_status":"closed","ping_status":"closed","sticky":false,"template":"","format":"standard","meta":[],"categories":[21],"tags":[],"_links":{"self":[{"href":"http:\/\/cordobadirecto.com\/index.php\/wp-json\/wp\/v2\/posts\/155237"}],"collection":[{"href":"http:\/\/cordobadirecto.com\/index.php\/wp-json\/wp\/v2\/posts"}],"about":[{"href":"http:\/\/cordobadirecto.com\/index.php\/wp-json\/wp\/v2\/types\/post"}],"author":[{"embeddable":true,"href":"http:\/\/cordobadirecto.com\/index.php\/wp-json\/wp\/v2\/users\/1"}],"replies":[{"embeddable":true,"href":"http:\/\/cordobadirecto.com\/index.php\/wp-json\/wp\/v2\/comments?post=155237"}],"version-history":[{"count":0,"href":"http:\/\/cordobadirecto.com\/index.php\/wp-json\/wp\/v2\/posts\/155237\/revisions"}],"wp:featuredmedia":[{"embeddable":true,"href":"http:\/\/cordobadirecto.com\/index.php\/wp-json\/wp\/v2\/media\/155238"}],"wp:attachment":[{"href":"http:\/\/cordobadirecto.com\/index.php\/wp-json\/wp\/v2\/media?parent=155237"}],"wp:term":[{"taxonomy":"category","embeddable":true,"href":"http:\/\/cordobadirecto.com\/index.php\/wp-json\/wp\/v2\/categories?post=155237"},{"taxonomy":"post_tag","embeddable":true,"href":"http:\/\/cordobadirecto.com\/index.php\/wp-json\/wp\/v2\/tags?post=155237"}],"curies":[{"name":"wp","href":"https:\/\/api.w.org\/{rel}","templated":true}]}}