{"id":155279,"date":"2024-09-06T15:32:28","date_gmt":"2024-09-06T15:32:28","guid":{"rendered":"https:\/\/es.digitaltrends.com\/?p=1039446"},"modified":"2024-09-06T15:32:28","modified_gmt":"2024-09-06T15:32:28","slug":"pavel-durov-y-telegram-quieren-cambiar-las-reglas-de-esta-manera","status":"publish","type":"post","link":"http:\/\/cordobadirecto.com\/index.php\/2024\/09\/06\/pavel-durov-y-telegram-quieren-cambiar-las-reglas-de-esta-manera\/","title":{"rendered":"Pavel Durov y Telegram quieren cambiar las reglas de esta manera"},"content":{"rendered":"<div><img src=\"http:\/\/cordobadirecto.com\/wp-content\/uploads\/2024\/09\/pavel-durov-y-telegram-quieren-cambiar-las-reglas-de-esta-manera.jpg\" class=\"ff-og-image-inserted\"><\/div>\n<p>No han pasado en vano los d\u00edas para<a href=\"https:\/\/es.digitaltrends.com\/guias\/los-mejores-trucos-telegram\/\"><strong> Telegram<\/strong><\/a>&nbsp;y para su fundador, <a href=\"https:\/\/es.digitaltrends.com\/sociales\/pavel-durov-telegram-juicio-actualizacion\/\"><strong>Pavel Durov<\/strong><\/a>, desde que la justicia francesa les abriera una causa por presuntamente permitir que \u00abla actividad criminal continuara sin inmutarse en la aplicaci\u00f3n de mensajer\u00eda\u00bb.<\/p>\n<p>Lo cierto es que ahora el tono del CEO de la aplicaci\u00f3n y de la misma compa\u00f1\u00eda est\u00e1 tomando un giro: Telegram ha eliminado silenciosamente el lenguaje&nbsp;<a href=\"https:\/\/telegram.org\/faq\">de su p\u00e1gina de preguntas frecuentes<\/a>&nbsp;que dice que los chats privados estaban protegidos y que \u00abno procesamos ninguna solicitud relacionada con ellos\u00bb.<\/p>\n<p class=\"duet--article--dangerously-set-cms-markup duet--article--standard-paragraph mb-20 font-fkroman text-18 leading-160 -tracking-1 selection:bg-franklin-20 dark:text-white dark:selection:bg-blurple [&amp;_a:hover]:shadow-highlight-franklin dark:[&amp;_a:hover]:shadow-highlight-blurple [&amp;_a]:shadow-underline-black dark:[&amp;_a]:shadow-underline-white\">M\u00e1s temprano el jueves por la noche, Durov&nbsp;emiti\u00f3 su primera declaraci\u00f3n p\u00fablica desde su arresto, prometiendo moderar m\u00e1s el contenido en la plataforma, un cambio notable en el tono despu\u00e9s de&nbsp;que la compa\u00f1\u00eda dijera inicialmente que no ten\u00eda \u00abnada que ocultar\u00bb.<\/p>\n<p class=\"duet--article--dangerously-set-cms-markup duet--article--standard-paragraph mb-20 font-fkroman text-18 leading-160 -tracking-1 selection:bg-franklin-20 dark:text-white dark:selection:bg-blurple [&amp;_a:hover]:shadow-highlight-franklin dark:[&amp;_a:hover]:shadow-highlight-blurple [&amp;_a]:shadow-underline-black dark:[&amp;_a]:shadow-underline-white\">\u00abEl abrupto aumento de Telegram en el n\u00famero de usuarios a 950 millones caus\u00f3 dolores de crecimiento que facilitaron que los delincuentes abusaran de nuestra plataforma\u00bb, escribi\u00f3 en el comunicado compartido el jueves. \u00abEs por eso que me propuse como objetivo personal asegurarme de que mejor\u00e1ramos significativamente las cosas en este sentido. Ya hemos comenzado ese proceso internamente, y compartir\u00e9 m\u00e1s detalles sobre nuestro progreso con ustedes muy pronto\u00bb.<\/p>\n<blockquote class=\"h-lazy-embed\" data-width=\"500\" data-dnt=\"true\" data-initial-classes=\"twitter-tweet\" data-embed-name=\"twitter\" data-sdk-src=\"\/\/platform.twitter.com\/widgets.js\">\n<p lang=\"en\" dir=\"ltr\">I&amp;#39;m still trying to understand what happened in France. But we hear the concerns. I made it my personal goal to prevent abusers of Telegram&amp;#39;s platform from interfering with the future of our 950+ million users.<\/p>\n<p>My full post below. <a href=\"https:\/\/t.co\/cDvRSodjst\">https:\/\/t.co\/cDvRSodjst<\/a><\/p>\n<p>&amp;mdash; Pavel Durov (@durov) <a href=\"https:\/\/twitter.com\/durov\/status\/1831826862936633657?ref_src=twsrc%5Etfw\">September 5, 2024<\/a><\/p>\n<\/blockquote>\n<p>En las \u00faltimas horas Telegram ha querido actualizar algunas pol\u00edticas de privacidad. Ahora aparece el mensaje: \u00abTodas las aplicaciones de Telegram tienen botones de \u2018Denunciar\u2019 que le permiten marcar contenido ilegal para nuestros moderadores, con solo unos pocos toques\u00bb, seguido de instrucciones sobre c\u00f3mo denunciar.<\/p>\n<p>El portavoz de Telegram, Remi Vaughn, manifest\u00f3 en The Verge que, \u00aben Telegram siempre puedes reportar mensajes de cualquier grupo a los moderadores, esto act\u00faa como un reenv\u00edo. Los chats privados tambi\u00e9n siguen siendo privados, aunque siempre puedes denunciar un nuevo chat entrante a los moderadores mediante el uso de Bloquear &gt; Denunciar. Cualquiera puede comprobar el c\u00f3digo abierto de Telegram y ver que no hubo cambios. El cambio en las preguntas frecuentes solo dej\u00f3 m\u00e1s claro c\u00f3mo denunciar el contenido en Telegram, incluso a trav\u00e9s de DSA. El lenguaje eliminado nunca se relacion\u00f3 con los informes de contenido\u00bb.<\/p>\n<p> <span id=\"publisher-md\" itemprop=\"publisher\" itemscope itemtype=\"https:\/\/schema.org\/Organization\"> <span itemprop=\"url\" itemtype=\"https:\/\/schema.org\/Url\" content=\"https:\/\/es.digitaltrends.com\"> <span itemprop=\"logo\" itemscope itemtype=\"https:\/\/schema.org\/ImageObject\"> <meta itemprop=\"url\" content=\"https:\/\/cdn.dtcn.com\/dt\/dt-logo-small.png\"> <meta itemprop=\"width\" content=\"0\"> <meta itemprop=\"height\" content=\"0\"> <\/span> <meta itemprop=\"name\" content=\"Digital Trends Espa\u00f1ol\"> <\/span> <span itemprop=\"image\" itemscope itemtype=\"https:\/\/schema.org\/ImageObject\"> <meta itemprop=\"url\" content=\"https:\/\/es.digitaltrends.com\/wp-content\/uploads\/2024\/09\/Pavel-Durov.jpeg?p=1\"> <\/span> <\/span> <\/p>\n","protected":false},"excerpt":{"rendered":"<p>No han pasado en vano los d\u00edas para Telegram&nbsp;y para su fundador, Pavel Durov, desde que la justicia francesa les abriera una causa por presuntamente permitir que \u00abla actividad criminal continuara sin inmutarse en la aplicaci\u00f3n de mensajer\u00eda\u00bb. Lo cierto es que ahora el tono del CEO de la aplicaci\u00f3n y de la misma compa\u00f1\u00eda [&hellip;]<\/p>\n","protected":false},"author":1,"featured_media":155280,"comment_status":"closed","ping_status":"closed","sticky":false,"template":"","format":"standard","meta":[],"categories":[26],"tags":[],"_links":{"self":[{"href":"http:\/\/cordobadirecto.com\/index.php\/wp-json\/wp\/v2\/posts\/155279"}],"collection":[{"href":"http:\/\/cordobadirecto.com\/index.php\/wp-json\/wp\/v2\/posts"}],"about":[{"href":"http:\/\/cordobadirecto.com\/index.php\/wp-json\/wp\/v2\/types\/post"}],"author":[{"embeddable":true,"href":"http:\/\/cordobadirecto.com\/index.php\/wp-json\/wp\/v2\/users\/1"}],"replies":[{"embeddable":true,"href":"http:\/\/cordobadirecto.com\/index.php\/wp-json\/wp\/v2\/comments?post=155279"}],"version-history":[{"count":0,"href":"http:\/\/cordobadirecto.com\/index.php\/wp-json\/wp\/v2\/posts\/155279\/revisions"}],"wp:featuredmedia":[{"embeddable":true,"href":"http:\/\/cordobadirecto.com\/index.php\/wp-json\/wp\/v2\/media\/155280"}],"wp:attachment":[{"href":"http:\/\/cordobadirecto.com\/index.php\/wp-json\/wp\/v2\/media?parent=155279"}],"wp:term":[{"taxonomy":"category","embeddable":true,"href":"http:\/\/cordobadirecto.com\/index.php\/wp-json\/wp\/v2\/categories?post=155279"},{"taxonomy":"post_tag","embeddable":true,"href":"http:\/\/cordobadirecto.com\/index.php\/wp-json\/wp\/v2\/tags?post=155279"}],"curies":[{"name":"wp","href":"https:\/\/api.w.org\/{rel}","templated":true}]}}