{"id":15532,"date":"2021-08-25T22:27:26","date_gmt":"2021-08-25T22:27:26","guid":{"rendered":"http:\/\/cordobadirecto.com\/index.php\/2021\/08\/25\/calamaro-rechazo-el-uso-de-su-imagen-en-un-spot-electoral-de-santiago-cuneo\/"},"modified":"2021-08-25T22:27:26","modified_gmt":"2021-08-25T22:27:26","slug":"calamaro-rechazo-el-uso-de-su-imagen-en-un-spot-electoral-de-santiago-cuneo","status":"publish","type":"post","link":"http:\/\/cordobadirecto.com\/index.php\/2021\/08\/25\/calamaro-rechazo-el-uso-de-su-imagen-en-un-spot-electoral-de-santiago-cuneo\/","title":{"rendered":"Calamaro rechaz\u00f3 el uso de su imagen en un spot electoral de Santiago C\u00faneo"},"content":{"rendered":"<div class=\"image\" id=\"image\" readability=\"7\"> <img src=\"http:\/\/cordobadirecto.com\/wp-content\/uploads\/2021\/08\/calamaro-rechazo-el-uso-de-su-imagen-en-un-spot-electoral-de-santiago-cuneo.jpg\" alt=\"Calamaro sali\u00f3 a rechazar el uso que se hizo de un dicho suyo en redes\" title=\"Calamaro sali\u00f3 a rechazar el uso que se hizo de un dicho suyo en redes\"><\/p>\n<p>Calamaro sali\u00f3 a rechazar el uso que se hizo de un dicho suyo en redes<\/p>\n<\/div>\n<p><strong>Andres Calamaro<\/strong> rechaz\u00f3 el uso de su imagen y su testimonio en un spot electoral del periodista <strong>Santiago C\u00faneo<\/strong>, candidato a diputado nacional por la provincia de Buenos Aires que circular\u00eda en redes sociales, al se\u00f1alar que &#8220;no cuenta con su autorizaci\u00f3n ni apoyo alguno al espacio ni a la candidatura&#8221; y que la frase reproducida sobre el dirigente &#8220;est\u00e1 sacada de contexto&#8221;.<\/p>\n<p><strong>&#8220;Rechazamos enf\u00e1ticamente este tipo de pr\u00e1cticas que buscan enga\u00f1ar y confundir a la gente. Ya iniciamos las acciones correspondientes&#8221;<\/strong>, se afirm\u00f3 en el comunicado, publicado en la cuenta oficial del m\u00fasico en Facebook.<\/p>\n<p>En el texto -que evita nombrar al candidato y a su partido- har\u00eda alusi\u00f3n a unas declaraciones formuladas durante un vivo de Instagram del a\u00f1o pasado, en las que el artista aseguraba que le &#8220;encantaba&#8221; la manera de expresarse del periodista aunque no coincidiera &#8220;con todo lo que dice&#8221;.<\/p>\n","protected":false},"excerpt":{"rendered":"<p>Calamaro sali\u00f3 a rechazar el uso que se hizo de un dicho suyo en redes Andres Calamaro rechaz\u00f3 el uso de su imagen y su testimonio en un spot electoral del periodista Santiago C\u00faneo, candidato a diputado nacional por la provincia de Buenos Aires que circular\u00eda en redes sociales, al se\u00f1alar que &#8220;no cuenta con [&hellip;]<\/p>\n","protected":false},"author":1,"featured_media":15533,"comment_status":"closed","ping_status":"closed","sticky":false,"template":"","format":"standard","meta":[],"categories":[20],"tags":[],"_links":{"self":[{"href":"http:\/\/cordobadirecto.com\/index.php\/wp-json\/wp\/v2\/posts\/15532"}],"collection":[{"href":"http:\/\/cordobadirecto.com\/index.php\/wp-json\/wp\/v2\/posts"}],"about":[{"href":"http:\/\/cordobadirecto.com\/index.php\/wp-json\/wp\/v2\/types\/post"}],"author":[{"embeddable":true,"href":"http:\/\/cordobadirecto.com\/index.php\/wp-json\/wp\/v2\/users\/1"}],"replies":[{"embeddable":true,"href":"http:\/\/cordobadirecto.com\/index.php\/wp-json\/wp\/v2\/comments?post=15532"}],"version-history":[{"count":0,"href":"http:\/\/cordobadirecto.com\/index.php\/wp-json\/wp\/v2\/posts\/15532\/revisions"}],"wp:featuredmedia":[{"embeddable":true,"href":"http:\/\/cordobadirecto.com\/index.php\/wp-json\/wp\/v2\/media\/15533"}],"wp:attachment":[{"href":"http:\/\/cordobadirecto.com\/index.php\/wp-json\/wp\/v2\/media?parent=15532"}],"wp:term":[{"taxonomy":"category","embeddable":true,"href":"http:\/\/cordobadirecto.com\/index.php\/wp-json\/wp\/v2\/categories?post=15532"},{"taxonomy":"post_tag","embeddable":true,"href":"http:\/\/cordobadirecto.com\/index.php\/wp-json\/wp\/v2\/tags?post=15532"}],"curies":[{"name":"wp","href":"https:\/\/api.w.org\/{rel}","templated":true}]}}