{"id":155374,"date":"2024-09-06T15:33:57","date_gmt":"2024-09-06T15:33:57","guid":{"rendered":"https:\/\/www.ole.com.ar\/autos\/franco-colapinto-debut-f1-formula-1-ex-piloto-impresionado-jolyon-palmer_0_h9STtd3Yi7.html"},"modified":"2024-09-06T15:33:57","modified_gmt":"2024-09-06T15:33:57","slug":"un-ex-piloto-de-f1-quedo-impresionado-con-el-debut-de-colapinto","status":"publish","type":"post","link":"http:\/\/cordobadirecto.com\/index.php\/2024\/09\/06\/un-ex-piloto-de-f1-quedo-impresionado-con-el-debut-de-colapinto\/","title":{"rendered":"Un ex piloto de F1 qued\u00f3 impresionado con el debut de Colapinto"},"content":{"rendered":"<p><time class=\"createDate\" datetime=\"2024-09-06T12:33:57-03:00\">06\/09\/2024 12:33hs.<\/time><\/p>\n<div id=\"storyBody\">\n<div class=\"custom-text \" readability=\"39\">\n<p>Ya pas\u00f3 una semana de la primera aparici\u00f3n de<strong> Franco Colapinto<\/strong> en los entrenamientos libres del GP de Italia, en Monza, y su desempe\u00f1o no deja de generar reacciones en el mundillo de la <strong>F\u00f3rmula 1<\/strong>. Un 12\u00b0 puesto en el debut, en uno de los autos m\u00e1s lentos -si bien este trazado lo favorece por la potencia del motor- y casi sin haber tenido contacto con el Williams FW46 es m\u00e1s que sorprendente. <strong>En esa l\u00ednea, un ex piloto de la M\u00e1xima que por estos d\u00edas comenta carreras qued\u00f3 impresionado con la primera vez del argentino.<\/strong><\/p>\n<\/div>\n<div class=\"custom-text \" readability=\"34.139682539683\">\n<p>El hombre en cuesti\u00f3n es <strong>Jolyon Palmer<\/strong>, quien corri\u00f3 entre el 2016 y el 2017 en Renault, y les dedic\u00f3 una columna a Colapinto y Kimi Antonelli (piloto de F2 que ascender\u00e1 a la F1 en 2025 con Mercedes) <a href=\"https:\/\/www.formula1.com\/en\/latest\/article\/palmer-antonelli-vs-colapinto-how-did-the-two-f1-rookies-measure-up-at-monza.uzWD0XST3vbsW4picjrq5\" target=\"_self\" title=\"en el sitio web de la categor\u00eda\" alt=\"en el sitio web de la categor\u00eda\" rel=\"noopener\">en el sitio web de la categor\u00eda<\/a>. <strong>En lo que respecta al pilarense de 21 a\u00f1os, el brit\u00e1nico fue muy elogioso<\/strong>.<\/p>\n<\/div>\n<div class=\"sc-e7b891c4-0 ifHnQL\"><img alt=\"Colapinto caus\u00f3 una gran impresi\u00f3n en Monza. (AFP)\" loading=\"lazy\" width=\"720\" height=\"100\" decoding=\"async\" data-nimg=\"1\" src=\"http:\/\/cordobadirecto.com\/wp-content\/uploads\/2024\/09\/un-ex-piloto-de-f1-quedo-impresionado-con-el-debut-de-colapinto.jpg\"><span class=\"epigraphe\">Colapinto caus\u00f3 una gran impresi\u00f3n en Monza. (AFP)<\/span><\/div>\n<div class=\"custom-text \" readability=\"38\">\n<p>&#8220;<strong>Me sorprendi\u00f3 mucho que fuera anunciado en Williams<\/strong>, dadas algunas de las otras opciones disponibles (Mick Schumacher era una de ellas). Objetivamente, su curr\u00edculum es inferior al del saliente Logan Sargeant. <strong>Pero el argentino fue silenciosamente impresionante en Monza<\/strong> con un enfoque completamente diferente al r\u00e1pido y furioso Antonelli (<strong>NdeR<\/strong>: arranc\u00f3 con todo en la FP1 y se estrol\u00f3 en la Parab\u00f3lica)&#8221;, comenz\u00f3 Palmer.<\/p>\n<\/div>\n<div class=\"custom-text \" readability=\"38\">\n<p>Analizando el fin de semana completo de Colapa, sigui\u00f3: &#8220;<strong>Quedarse fuera en la Q1 fue una decepci\u00f3n para Franco<\/strong> y acab\u00f3 echando por tierra lo que podr\u00eda haber sido un resultado m\u00e1s llamativo el domingo. <strong>Teniendo en cuenta todo esto, su carrera fue impresionante<\/strong>: Colapinto termin\u00f3 en el 12\u00ba lugar, en la misma vuelta que el l\u00edder y a tan solo 14 segundos de su compa\u00f1ero de equipo que sum\u00f3 puntos&#8221;.<\/p>\n<\/div>\n<div class=\"sc-e7b891c4-0 ifHnQL\"><img alt=\"El piloto de la izquierda es Jolyon Palmer, quien se desempe\u00f1\u00f3 en Renault. (AFP)\" loading=\"lazy\" width=\"720\" height=\"100\" decoding=\"async\" data-nimg=\"1\" src=\"http:\/\/cordobadirecto.com\/wp-content\/uploads\/2024\/09\/un-ex-piloto-de-f1-quedo-impresionado-con-el-debut-de-colapinto-1.jpg\"><span class=\"epigraphe\">El piloto de la izquierda es Jolyon Palmer, quien se desempe\u00f1\u00f3 en Renault. (AFP)<\/span><\/div>\n<p><h2><strong>Palmer anticip\u00f3 que Colapinto tendr\u00e1 varios retos dif\u00edciles&#8230;<\/strong><\/h2>\n<\/p>\n<div class=\"custom-text \" readability=\"37.973021582734\">\n<p>El brit\u00e1nico qued\u00f3 fascinado, sobre todo, porque <strong>&#8220;logr\u00f3 la dif\u00edcil estrategia de una sola parada sin destruir sus neum\u00e1ticos&#8221; <\/strong>al igual que Albon, con varios a\u00f1os de experiencia en la M\u00e1xima. Pensando en lo que se avecina, cerr\u00f3: &#8220;Monza fue un gran comienzo para Franco, <strong>pero tambi\u00e9n es posiblemente el circuito m\u00e1s sencillo de manejar<\/strong> y un buen lugar para debutar. <a href=\"https:\/\/www.ole.com.ar\/autos\/formula1-franco-colapinto-baku-azerbaiyan-circuito_0_ZrxNXg5quH.html\" target=\"_self\" title=\"Bak\u00fa y Singapur, que se avecinan, presentar\u00e1n mayores desaf\u00edos\" alt=\"Bak\u00fa y Singapur, que se avecinan, presentar\u00e1n mayores desaf\u00edos\" rel=\"noopener\">Bak\u00fa y Singapur, que se avecinan, presentar\u00e1n mayores desaf\u00edos<\/a>. Si Franco puede mantener su impulso all\u00ed, <strong>entonces realmente le har\u00e1 muy bien a sus perspectivas profesionales<\/strong>&#8220;.<\/p>\n<\/div>\n<div class=\"sc-e7b891c4-0 ifHnQL\"><img alt=\"Se viene Bak\u00fa, un circuito muy dif\u00edcil en el que Colapinto nunca corri\u00f3. (EFE)\" loading=\"lazy\" width=\"720\" height=\"100\" decoding=\"async\" data-nimg=\"1\" src=\"http:\/\/cordobadirecto.com\/wp-content\/uploads\/2024\/09\/un-ex-piloto-de-f1-quedo-impresionado-con-el-debut-de-colapinto-2.jpg\"><span class=\"epigraphe\">Se viene Bak\u00fa, un circuito muy dif\u00edcil en el que Colapinto nunca corri\u00f3. (EFE)<\/span><\/div>\n<div class=\"sc-a7166897-0 eoLsBE\" readability=\"6\">\n<section readability=\"2\"><picture><img alt=\"Atento Colapinto: se vuelve a mover la parrilla de la F\u00f3rmula 1\" loading=\"lazy\" width=\"290\" height=\"290\" decoding=\"async\" data-nimg=\"1\" src=\"http:\/\/cordobadirecto.com\/wp-content\/uploads\/2024\/09\/un-ex-piloto-de-f1-quedo-impresionado-con-el-debut-de-colapinto-3.jpg\"><\/picture>\n<p><span>Mir\u00e1 tambi\u00e9n<\/span><\/p>\n<hr>\n<h3>Atento Colapinto: se vuelve a mover la parrilla de la F\u00f3rmula 1<\/h3>\n<\/p>\n<\/section>\n<\/div>\n<div class=\"sc-a7166897-0 eoLsBE\" readability=\"6\">\n<section readability=\"2\"><picture><img alt=\"Ins\u00f3lito: Leclerc golpe\u00f3 su Ferrari en las calles de M\u00f3naco\" loading=\"lazy\" width=\"290\" height=\"290\" decoding=\"async\" data-nimg=\"1\" src=\"http:\/\/cordobadirecto.com\/wp-content\/uploads\/2024\/09\/un-ex-piloto-de-f1-quedo-impresionado-con-el-debut-de-colapinto-4.jpg\"><\/picture>\n<p><span>Mir\u00e1 tambi\u00e9n<\/span><\/p>\n<hr>\n<h3>Ins\u00f3lito: Leclerc golpe\u00f3 su Ferrari en las calles de M\u00f3naco<\/h3>\n<\/p>\n<\/section>\n<\/div>\n<div class=\"sc-a7166897-0 eoLsBE\" readability=\"6\">\n<section readability=\"2\"><picture><img alt=\"Qu\u00e9 dijeron en Williams sobre el futuro de Colapinto en la F1 en 2025\" loading=\"lazy\" width=\"290\" height=\"290\" decoding=\"async\" data-nimg=\"1\" src=\"http:\/\/cordobadirecto.com\/wp-content\/uploads\/2024\/09\/un-ex-piloto-de-f1-quedo-impresionado-con-el-debut-de-colapinto-5.jpg\"><\/picture>\n<p><span>Mir\u00e1 tambi\u00e9n<\/span><\/p>\n<hr>\n<h3>Qu\u00e9 dijeron en Williams sobre el futuro de Colapinto en la F1 en 2025<\/h3>\n<\/p>\n<\/section>\n<\/div>\n<div class=\"sc-a7166897-0 eoLsBE\" readability=\"6.5\">\n<section readability=\"3\"><picture><img alt=\"Video: as\u00ed es una vuelta en el peligroso circuito de Bak\u00fa, donde correr\u00e1 Colapinto\" loading=\"lazy\" width=\"290\" height=\"290\" decoding=\"async\" data-nimg=\"1\" src=\"http:\/\/cordobadirecto.com\/wp-content\/uploads\/2024\/09\/un-ex-piloto-de-f1-quedo-impresionado-con-el-debut-de-colapinto-6.jpg\"><\/picture>\n<p><span>Mir\u00e1 tambi\u00e9n<\/span><\/p>\n<hr>\n<h3>Video: as\u00ed es una vuelta en el peligroso circuito de Bak\u00fa, donde correr\u00e1 Colapinto<\/h3>\n<\/p>\n<\/section>\n<\/div>\n<div class=\"sc-a7166897-0 eoLsBE\" readability=\"6.5\">\n<section readability=\"3\"><picture><img alt=\"Las carreras de F\u00f3rmula 1 que le faltan a Colapinto se podr\u00e1n ver por TV sin pagar un peso extra\" loading=\"lazy\" width=\"290\" height=\"290\" decoding=\"async\" data-nimg=\"1\" src=\"http:\/\/cordobadirecto.com\/wp-content\/uploads\/2024\/09\/un-ex-piloto-de-f1-quedo-impresionado-con-el-debut-de-colapinto-7.jpg\"><\/picture>\n<p><span>Mir\u00e1 tambi\u00e9n<\/span><\/p>\n<hr>\n<h3>Las carreras de F\u00f3rmula 1 que le faltan a Colapinto se podr\u00e1n ver por TV sin pagar un peso extra<\/h3>\n<\/p>\n<\/section>\n<\/div>\n<\/div>\n","protected":false},"excerpt":{"rendered":"<p>06\/09\/2024 12:33hs. Ya pas\u00f3 una semana de la primera aparici\u00f3n de Franco Colapinto en los entrenamientos libres del GP de Italia, en Monza, y su desempe\u00f1o no deja de generar reacciones en el mundillo de la F\u00f3rmula 1. Un 12\u00b0 puesto en el debut, en uno de los autos m\u00e1s lentos -si bien este trazado [&hellip;]<\/p>\n","protected":false},"author":1,"featured_media":155375,"comment_status":"closed","ping_status":"closed","sticky":false,"template":"","format":"standard","meta":[],"categories":[21],"tags":[],"_links":{"self":[{"href":"http:\/\/cordobadirecto.com\/index.php\/wp-json\/wp\/v2\/posts\/155374"}],"collection":[{"href":"http:\/\/cordobadirecto.com\/index.php\/wp-json\/wp\/v2\/posts"}],"about":[{"href":"http:\/\/cordobadirecto.com\/index.php\/wp-json\/wp\/v2\/types\/post"}],"author":[{"embeddable":true,"href":"http:\/\/cordobadirecto.com\/index.php\/wp-json\/wp\/v2\/users\/1"}],"replies":[{"embeddable":true,"href":"http:\/\/cordobadirecto.com\/index.php\/wp-json\/wp\/v2\/comments?post=155374"}],"version-history":[{"count":0,"href":"http:\/\/cordobadirecto.com\/index.php\/wp-json\/wp\/v2\/posts\/155374\/revisions"}],"wp:featuredmedia":[{"embeddable":true,"href":"http:\/\/cordobadirecto.com\/index.php\/wp-json\/wp\/v2\/media\/155375"}],"wp:attachment":[{"href":"http:\/\/cordobadirecto.com\/index.php\/wp-json\/wp\/v2\/media?parent=155374"}],"wp:term":[{"taxonomy":"category","embeddable":true,"href":"http:\/\/cordobadirecto.com\/index.php\/wp-json\/wp\/v2\/categories?post=155374"},{"taxonomy":"post_tag","embeddable":true,"href":"http:\/\/cordobadirecto.com\/index.php\/wp-json\/wp\/v2\/tags?post=155374"}],"curies":[{"name":"wp","href":"https:\/\/api.w.org\/{rel}","templated":true}]}}