{"id":155415,"date":"2024-09-10T15:18:29","date_gmt":"2024-09-10T15:18:29","guid":{"rendered":"https:\/\/www.ole.com.ar\/futbol-ascenso\/ascenso-primera-nacional-luciano-perdomo-chacarita_0_UW8XVC7HoX.html"},"modified":"2024-09-10T15:18:29","modified_gmt":"2024-09-10T15:18:29","slug":"el-duro-mensaje-de-perdomo-tras-volver-a-ser-operado-puse-en-riesgo-muchas-cosas","status":"publish","type":"post","link":"http:\/\/cordobadirecto.com\/index.php\/2024\/09\/10\/el-duro-mensaje-de-perdomo-tras-volver-a-ser-operado-puse-en-riesgo-muchas-cosas\/","title":{"rendered":"El duro mensaje de Perdomo tras volver a ser operado: &#8220;Puse en riesgo muchas cosas&#8221;"},"content":{"rendered":"<p><time class=\"createDate\" datetime=\"2024-09-09T19:11:27-03:00\">09\/09\/2024 19:11hs.<\/time><\/p>\n<div id=\"storyBody\">\n<div class=\"custom-text \" readability=\"36.102167182663\">\n<p>A fines de enero, cuando reci\u00e9n estaba volviendo la actividad en el \u00e1mbito local, hubo una noticia que conmocion\u00f3 y mantuvo en vilo a todo el f\u00fatbol argentino:<strong> <a href=\"https:\/\/www.ole.com.ar\/tema\/luciano-perdomo.html\" title=\"Luciano Perdomo\" alt=\"Luciano Perdomo\" class=\"slug\">Luciano Perdomo<\/a><\/strong>, <strong>el 5 y capit\u00e1n de <a href=\"https:\/\/www.ole.com.ar\/tema\/chacarita.html\" title=\"Chacarita\" alt=\"Chacarita\" class=\"slug\">Chacarita<\/a>, sufri\u00f3 un grave accidente automovil\u00edstico<\/strong> que lo mantuvo internado en el hospital durante m\u00e1s de dos semanas. <\/p>\n<\/div>\n<div class=\"custom-text \" readability=\"37.107871720117\">\n<p>El tiempo pas\u00f3 y Puchi volvi\u00f3. A mediados de abril, cuando el Funebrero elimin\u00f3 a <a href=\"https:\/\/www.ole.com.ar\/tema\/tigre.html\" title=\"Tigre\" alt=\"Tigre\" class=\"slug\">Tigre<\/a> de la <a href=\"https:\/\/www.ole.com.ar\/tema\/copa-argentina.html\" title=\"Copa Argentina\" alt=\"Copa Argentina\" class=\"slug\">Copa Argentina<\/a> por penales, el emblema form\u00f3 parte de la lista de convocados. D\u00edas m\u00e1s tarde,<strong> el 21 de abril, se calz\u00f3 la 14, la cinta, los botines, y entr\u00f3 a jugar algunos minutos contra <a href=\"https:\/\/www.ole.com.ar\/tema\/agropecuario.html\" title=\"Agropecuario\" alt=\"Agropecuario\" class=\"slug\">Agropecuario<\/a><\/strong>, por la fecha 12 de la <a href=\"https:\/\/www.ole.com.ar\/tema\/primera-nacional.html\" title=\"Primera Nacional\" alt=\"Primera Nacional\" class=\"slug\">Primera Nacional<\/a>.<\/p>\n<\/div>\n<div class=\"sc-e7b891c4-0 ifHnQL\"><img alt=\"Luciano Perdomo volvi\u00f3 contra Agropecuario. (Foto: Prensa Chacarita).\" loading=\"lazy\" width=\"720\" height=\"100\" decoding=\"async\" data-nimg=\"1\" src=\"http:\/\/cordobadirecto.com\/wp-content\/uploads\/2024\/09\/el-duro-mensaje-de-perdomo-tras-volver-a-ser-operado-puse-en-riesgo-muchas-cosas.jpg\"><span class=\"epigraphe\">Luciano Perdomo volvi\u00f3 contra Agropecuario. (Foto: Prensa Chacarita).<\/span><\/div>\n<div class=\"custom-text \" readability=\"39\">\n<p>Sin embargo, pese a haber sumado actividad en distintos compromisos, lo \u00faltimo del volante central fue en la goleada sufrida contra Quilmes, en la vigesimotercera jornada. Luego <strong>comenz\u00f3 un tratamiento maxilofacial que deriv\u00f3 en la posterior intervenci\u00f3n combinada superciliar-Endosc\u00f3pica de base de cr\u00e1neo<\/strong>, llevada a cabo el pasado s\u00e1bado.<\/p>\n<\/div>\n<div class=\"custom-text \" readability=\"36\">\n<p>Seg\u00fan confirmaron fuentes cercanas a <strong>Ol\u00e9<\/strong>, la operaci\u00f3n sali\u00f3 bien y actualmente el futbolista oriundo de San Miguel del Monte se encuentra fuera de peligro. A su vez, <strong>hace instantes se expres\u00f3 en sus redes sociales.<\/strong><\/p>\n<\/div>\n<p><h2><strong>El mensaje de Luciano Perdomo tras la intervenci\u00f3n quir\u00fargica<\/strong><\/h2>\n<\/p>\n<div class=\"custom-text \" readability=\"47\">\n<p>&#8220;No siempre se dan las cosas como queremos, como esperamos o como so\u00f1amos. A veces el destino tiene preparadas otras cosas, hay que saber d\u00f3nde estamos. Me cost\u00f3 transitar mucho este tiempo, soy una persona que siempre logr\u00f3 sus cometidos, que siempre logr\u00f3 lo que se propuso. <strong>Me cost\u00f3 entender que estaba mal, triste, depresivo, pero gracias a Dios tengo un batall\u00f3n a mi lado que no me dej\u00f3 solo<\/strong>, que entendi\u00f3 mi momento, que entendi\u00f3 que aunque me cueste pedir ayuda por ese amor propio que uno tiene, y a pesar de que yo no quer\u00eda, me extendi\u00f3 la mano para sacarme de este pozo&#8221;, inici\u00f3 Puchi.<\/p>\n<\/div>\n<div class=\"custom-text \" readability=\"50\">\n<p>&#8220;Hoy viendo todo desde otra perspectiva agradezco de coraz\u00f3n tener que haber pasado por &#8216;las malas&#8217;, porque no solo me demostr\u00f3 qui\u00e9n es de fierro, sino tambi\u00e9n el permitirme estar mal, es parte de la vida. Se puede tener una mala racha, un mal pasar. El tema es como lo encaramos y que no nos dejemos pasar por arriba.<strong> Tengo con qu\u00e9 pasarlo, las ganas, la voluntad y el deseo de revertir mi presente<\/strong>, no solo por m\u00ed, sino tambi\u00e9n por mis hijas, que adem\u00e1s de inculcarle los valores que me ense\u00f1aron, les puedo demostrar que con amor, sacrificio, humildad y una cuota de suerte, se puede. Si se quiere, se puede&#8221;, sigui\u00f3 el 5 de Chaca.<\/p>\n<\/div>\n<div class=\"sc-e7b891c4-0 ifHnQL\"><img alt=\"El mensaje de Perdomo en sus redes sociales tras ser operado.\" loading=\"lazy\" width=\"720\" height=\"100\" decoding=\"async\" data-nimg=\"1\" src=\"http:\/\/cordobadirecto.com\/wp-content\/uploads\/2024\/09\/el-duro-mensaje-de-perdomo-tras-volver-a-ser-operado-puse-en-riesgo-muchas-cosas-1.jpg\"><span class=\"epigraphe\">El mensaje de Perdomo en sus redes sociales tras ser operado.<\/span><\/div>\n<div class=\"custom-text \" readability=\"43\">\n<p>&#8220;Hoy dejo atr\u00e1s todas las pesadillas que atormentaron y prometo salir adelante, porque quiero y porque puedo, carajo<strong>. Se complic\u00f3, fue m\u00e1s grave de lo que pens\u00e1bamos, puse en riesgo muchas cosas en este camino, pero siempre estuvieron ahi conmigo. Gracias.<\/strong> Un escollo m\u00e1s, que me hace m\u00e1s fuerte&#8221;, finaliz\u00f3 Luciano Perdomo, v\u00eda Instagram.<\/p>\n<\/div>\n<div class=\"sc-a7166897-0 eoLsBE\" readability=\"6\">\n<section readability=\"2\"><picture><img alt=\"El sello Scaloni: las dos marcas que pueden alcanzarse en Argentina-Colombia\" loading=\"lazy\" width=\"290\" height=\"290\" decoding=\"async\" data-nimg=\"1\" src=\"http:\/\/cordobadirecto.com\/wp-content\/uploads\/2024\/09\/el-duro-mensaje-de-perdomo-tras-volver-a-ser-operado-puse-en-riesgo-muchas-cosas-2.jpg\"><\/picture>\n<p><span>Mir\u00e1 tambi\u00e9n<\/span><\/p>\n<hr>\n<h3>El sello Scaloni: las dos marcas que pueden alcanzarse en Argentina-Colombia<\/h3>\n<\/p>\n<\/section>\n<\/div>\n<div class=\"sc-a7166897-0 eoLsBE\" readability=\"6\">\n<section readability=\"2\"><picture><img alt=\"Primera Nacional: qu\u00e9 rivales les quedan a Chicago y San Mart\u00edn de Tucum\u00e1n\" loading=\"lazy\" width=\"290\" height=\"290\" decoding=\"async\" data-nimg=\"1\" src=\"http:\/\/cordobadirecto.com\/wp-content\/uploads\/2024\/09\/el-duro-mensaje-de-perdomo-tras-volver-a-ser-operado-puse-en-riesgo-muchas-cosas-3.jpg\"><\/picture>\n<p><span>Mir\u00e1 tambi\u00e9n<\/span><\/p>\n<hr>\n<h3>Primera Nacional: qu\u00e9 rivales les quedan a Chicago y San Mart\u00edn de Tucum\u00e1n<\/h3>\n<\/p>\n<\/section>\n<\/div>\n<div class=\"sc-a7166897-0 eoLsBE\" readability=\"6.5\">\n<section readability=\"3\"><picture><img alt=\"El jugador del Ascenso que disput\u00f3 la fecha FIFA: qui\u00e9n es y a qu\u00e9 selecci\u00f3n represent\u00f3\" loading=\"lazy\" width=\"290\" height=\"290\" decoding=\"async\" data-nimg=\"1\" src=\"http:\/\/cordobadirecto.com\/wp-content\/uploads\/2024\/09\/el-duro-mensaje-de-perdomo-tras-volver-a-ser-operado-puse-en-riesgo-muchas-cosas-4.jpg\"><\/picture>\n<p><span>Mir\u00e1 tambi\u00e9n<\/span><\/p>\n<hr>\n<h3>El jugador del Ascenso que disput\u00f3 la fecha FIFA: qui\u00e9n es y a qu\u00e9 selecci\u00f3n represent\u00f3<\/h3>\n<\/p>\n<\/section>\n<\/div>\n<div class=\"sc-a7166897-0 eoLsBE\" readability=\"6.5\">\n<section readability=\"3\"><picture><img alt=\"Con Estrella del Sur como l\u00edder, as\u00ed est\u00e1 el Promocional Amateur\" loading=\"lazy\" width=\"290\" height=\"290\" decoding=\"async\" data-nimg=\"1\" src=\"http:\/\/cordobadirecto.com\/wp-content\/uploads\/2024\/09\/el-duro-mensaje-de-perdomo-tras-volver-a-ser-operado-puse-en-riesgo-muchas-cosas-5.jpg\"><\/picture>\n<p><span>Mir\u00e1 tambi\u00e9n<\/span><\/p>\n<hr>\n<h3>Con Estrella del Sur como l\u00edder, as\u00ed est\u00e1 el Promocional Amateur<\/h3>\n<\/p>\n<\/section>\n<\/div>\n<\/div>\n","protected":false},"excerpt":{"rendered":"<p>09\/09\/2024 19:11hs. A fines de enero, cuando reci\u00e9n estaba volviendo la actividad en el \u00e1mbito local, hubo una noticia que conmocion\u00f3 y mantuvo en vilo a todo el f\u00fatbol argentino: Luciano Perdomo, el 5 y capit\u00e1n de Chacarita, sufri\u00f3 un grave accidente automovil\u00edstico que lo mantuvo internado en el hospital durante m\u00e1s de dos semanas. [&hellip;]<\/p>\n","protected":false},"author":1,"featured_media":155416,"comment_status":"closed","ping_status":"closed","sticky":false,"template":"","format":"standard","meta":[],"categories":[21],"tags":[],"_links":{"self":[{"href":"http:\/\/cordobadirecto.com\/index.php\/wp-json\/wp\/v2\/posts\/155415"}],"collection":[{"href":"http:\/\/cordobadirecto.com\/index.php\/wp-json\/wp\/v2\/posts"}],"about":[{"href":"http:\/\/cordobadirecto.com\/index.php\/wp-json\/wp\/v2\/types\/post"}],"author":[{"embeddable":true,"href":"http:\/\/cordobadirecto.com\/index.php\/wp-json\/wp\/v2\/users\/1"}],"replies":[{"embeddable":true,"href":"http:\/\/cordobadirecto.com\/index.php\/wp-json\/wp\/v2\/comments?post=155415"}],"version-history":[{"count":0,"href":"http:\/\/cordobadirecto.com\/index.php\/wp-json\/wp\/v2\/posts\/155415\/revisions"}],"wp:featuredmedia":[{"embeddable":true,"href":"http:\/\/cordobadirecto.com\/index.php\/wp-json\/wp\/v2\/media\/155416"}],"wp:attachment":[{"href":"http:\/\/cordobadirecto.com\/index.php\/wp-json\/wp\/v2\/media?parent=155415"}],"wp:term":[{"taxonomy":"category","embeddable":true,"href":"http:\/\/cordobadirecto.com\/index.php\/wp-json\/wp\/v2\/categories?post=155415"},{"taxonomy":"post_tag","embeddable":true,"href":"http:\/\/cordobadirecto.com\/index.php\/wp-json\/wp\/v2\/tags?post=155415"}],"curies":[{"name":"wp","href":"https:\/\/api.w.org\/{rel}","templated":true}]}}