{"id":155423,"date":"2024-09-10T18:36:29","date_gmt":"2024-09-10T18:36:29","guid":{"rendered":"http:\/\/cordobadirecto.com\/index.php\/2024\/09\/10\/un-funcionario-reconocio-que-va-a-ser-un-verano-complicado-por-los-cortes-de-luz\/"},"modified":"2024-09-10T18:36:29","modified_gmt":"2024-09-10T18:36:29","slug":"un-funcionario-reconocio-que-va-a-ser-un-verano-complicado-por-los-cortes-de-luz","status":"publish","type":"post","link":"http:\/\/cordobadirecto.com\/index.php\/2024\/09\/10\/un-funcionario-reconocio-que-va-a-ser-un-verano-complicado-por-los-cortes-de-luz\/","title":{"rendered":"Un funcionario reconoci\u00f3 que va a ser &quot;un verano complicado&quot; por los cortes de luz"},"content":{"rendered":"<p><b>Economia<\/b> &middot; <b>Nueva<\/b> Resoluci\u00f3n. Blanqueo de activos: aclaraciones de la Afip sobre la exclusi\u00f3n y recategorizaci\u00f3n de monotributistas &middot; 10 de septiembre&nbsp;&#8230; <\/p>\n","protected":false},"excerpt":{"rendered":"<p>Economia &middot; Nueva Resoluci\u00f3n. Blanqueo de activos: aclaraciones de la Afip sobre la exclusi\u00f3n y recategorizaci\u00f3n de monotributistas &middot; 10 de septiembre&nbsp;&#8230;<\/p>\n","protected":false},"author":1,"featured_media":0,"comment_status":"closed","ping_status":"closed","sticky":false,"template":"","format":"standard","meta":[],"categories":[40],"tags":[],"_links":{"self":[{"href":"http:\/\/cordobadirecto.com\/index.php\/wp-json\/wp\/v2\/posts\/155423"}],"collection":[{"href":"http:\/\/cordobadirecto.com\/index.php\/wp-json\/wp\/v2\/posts"}],"about":[{"href":"http:\/\/cordobadirecto.com\/index.php\/wp-json\/wp\/v2\/types\/post"}],"author":[{"embeddable":true,"href":"http:\/\/cordobadirecto.com\/index.php\/wp-json\/wp\/v2\/users\/1"}],"replies":[{"embeddable":true,"href":"http:\/\/cordobadirecto.com\/index.php\/wp-json\/wp\/v2\/comments?post=155423"}],"version-history":[{"count":0,"href":"http:\/\/cordobadirecto.com\/index.php\/wp-json\/wp\/v2\/posts\/155423\/revisions"}],"wp:attachment":[{"href":"http:\/\/cordobadirecto.com\/index.php\/wp-json\/wp\/v2\/media?parent=155423"}],"wp:term":[{"taxonomy":"category","embeddable":true,"href":"http:\/\/cordobadirecto.com\/index.php\/wp-json\/wp\/v2\/categories?post=155423"},{"taxonomy":"post_tag","embeddable":true,"href":"http:\/\/cordobadirecto.com\/index.php\/wp-json\/wp\/v2\/tags?post=155423"}],"curies":[{"name":"wp","href":"https:\/\/api.w.org\/{rel}","templated":true}]}}