{"id":155438,"date":"2024-09-11T07:04:21","date_gmt":"2024-09-11T07:04:21","guid":{"rendered":"http:\/\/cordobadirecto.com\/index.php\/2024\/09\/11\/la-municipalidad-de-cordoba-ya-no-podra-incluir-impuestos-en-facturas-de-luz-o-gas\/"},"modified":"2024-09-11T07:04:21","modified_gmt":"2024-09-11T07:04:21","slug":"la-municipalidad-de-cordoba-ya-no-podra-incluir-impuestos-en-facturas-de-luz-o-gas","status":"publish","type":"post","link":"http:\/\/cordobadirecto.com\/index.php\/2024\/09\/11\/la-municipalidad-de-cordoba-ya-no-podra-incluir-impuestos-en-facturas-de-luz-o-gas\/","title":{"rendered":"La Municipalidad de <b>C\u00f3rdoba<\/b> ya no podr\u00e1 incluir impuestos en facturas de luz o gas"},"content":{"rendered":"<p>Seg\u00fan explic\u00f3 en una publicaci\u00f3n en su cuenta de X, la Secretar\u00eda de Industria y Comercio del Ministerio de <b>Econom\u00eda<\/b> &#8230; <b>Nueva<\/b> medida de gremios&nbsp;&#8230; <\/p>\n","protected":false},"excerpt":{"rendered":"<p>Seg\u00fan explic\u00f3 en una publicaci\u00f3n en su cuenta de X, la Secretar\u00eda de Industria y Comercio del Ministerio de Econom\u00eda &#8230; Nueva medida de gremios&nbsp;&#8230;<\/p>\n","protected":false},"author":1,"featured_media":0,"comment_status":"closed","ping_status":"closed","sticky":false,"template":"","format":"standard","meta":[],"categories":[40],"tags":[],"_links":{"self":[{"href":"http:\/\/cordobadirecto.com\/index.php\/wp-json\/wp\/v2\/posts\/155438"}],"collection":[{"href":"http:\/\/cordobadirecto.com\/index.php\/wp-json\/wp\/v2\/posts"}],"about":[{"href":"http:\/\/cordobadirecto.com\/index.php\/wp-json\/wp\/v2\/types\/post"}],"author":[{"embeddable":true,"href":"http:\/\/cordobadirecto.com\/index.php\/wp-json\/wp\/v2\/users\/1"}],"replies":[{"embeddable":true,"href":"http:\/\/cordobadirecto.com\/index.php\/wp-json\/wp\/v2\/comments?post=155438"}],"version-history":[{"count":0,"href":"http:\/\/cordobadirecto.com\/index.php\/wp-json\/wp\/v2\/posts\/155438\/revisions"}],"wp:attachment":[{"href":"http:\/\/cordobadirecto.com\/index.php\/wp-json\/wp\/v2\/media?parent=155438"}],"wp:term":[{"taxonomy":"category","embeddable":true,"href":"http:\/\/cordobadirecto.com\/index.php\/wp-json\/wp\/v2\/categories?post=155438"},{"taxonomy":"post_tag","embeddable":true,"href":"http:\/\/cordobadirecto.com\/index.php\/wp-json\/wp\/v2\/tags?post=155438"}],"curies":[{"name":"wp","href":"https:\/\/api.w.org\/{rel}","templated":true}]}}