{"id":155468,"date":"2024-09-10T20:04:59","date_gmt":"2024-09-10T20:04:59","guid":{"rendered":"https:\/\/www.ole.com.ar\/autos\/franco-colapinto-formula-1-karting-williams-primera-entrevista-baku_0_t6qmZVnx4B.html"},"modified":"2024-09-10T20:04:59","modified_gmt":"2024-09-10T20:04:59","slug":"el-dia-que-franco-colapinto-gano-una-carrera-de-kartings-y-dio-su-primera-entrevista","status":"publish","type":"post","link":"http:\/\/cordobadirecto.com\/index.php\/2024\/09\/10\/el-dia-que-franco-colapinto-gano-una-carrera-de-kartings-y-dio-su-primera-entrevista\/","title":{"rendered":"El d\u00eda que Franco Colapinto gan\u00f3 una carrera de kartings y dio su \u00bfprimera? entrevista"},"content":{"rendered":"<p><time class=\"createDate\" datetime=\"2024-09-10T17:04:59-03:00\">10\/09\/2024 17:04hs.<\/time><\/p>\n<div id=\"storyBody\">\n<div class=\"custom-text \" readability=\"38\">\n<p>Se hizo costumbre relacionar el nombre de <strong>Franco Colapinto <\/strong>con la F\u00f3rmula 1. No es para menos, porque la presencia del pilarense en la M\u00e1xima es hist\u00f3rica para el automovilismo y el deporte nacional. Pero no todo en su carrera est\u00e1 ligado a las m\u00e1s altas categor\u00edas del deporte motor, pues todo tiene un comienzo y unos primeros pasos marcan o anticipan cosas que pueden pasar a futuro. En medio del boom de la subida del argentino a un asiento de Williams Racing, <strong>el propio Colapinto comparti\u00f3 una publicaci\u00f3n en X en la que est\u00e1 dando una entrevista despu\u00e9s de ganar una carrera de kartings<\/strong>.<\/p>\n<\/div>\n<div class=\"custom-text \" readability=\"37.634011090573\">\n<p>Tiene que ver con el Regional de Kartings en su edici\u00f3n del 2015, en la que <strong>un joven Franco de 12 a\u00f1os se coron\u00f3 como ganador en la 10ma fecha de la categor\u00eda Pre Junior<\/strong>, y despu\u00e9s de quedarse con su primer puesto en la final, habl\u00f3 con Todo Fierro y analiz\u00f3 la jornada en el Kart\u00f3dromo de Buenos Aires en el que se subi\u00f3 a los m\u00e1s alto del podio en su primera temporada en la divisional. En su cuenta de X (@francolapinto), <a href=\"https:\/\/www.ole.com.ar\/autos\/franco-colapinto-formula-1-paso-twitter_0_gquLJop5XI.html\" target=\"_self\" title=\"en la que se mantiene muy activo\" alt=\"en la que se mantiene muy activo\" rel=\"noopener\">en la que se mantiene muy activo<\/a>, <strong>Colapinto reposte\u00f3 el video de la entrevista con dos caras de emoci\u00f3n<\/strong>.<\/p>\n<\/div>\n<div type=\"embed\" class=\"sc-3f46f5ae-0 djVTgz\">\n<div class=\"sc-3f46f5ae-1 fTjZec videoText\" id=\"contentTitleembedVvQydsOs\" type=\"embed\"><svg fill=\"#ffffff\"><symbol id=\"play\" viewBox=\"0 0 512 512\"><path d=\"M512 256C512 397.4 397.4 512 256 512C114.6 512 0 397.4 0 256C0 114.6 114.6 0 256 0C397.4 0 512 114.6 512 256zM176 168V344C176 352.7 180.7 360.7 188.3 364.9C195.8 369.2 205.1 369 212.5 364.5L356.5 276.5C363.6 272.1 368 264.4 368 256C368 247.6 363.6 239.9 356.5 235.5L212.5 147.5C205.1 142.1 195.8 142.8 188.3 147.1C180.7 151.3 176 159.3 176 168V168z\" \/><\/symbol><use xlink:href=\"#play\" \/><\/svg><\/p>\n<div class=\"right\">\n<p>Franco Colapinto<!-- --> &#8211;<!-- --> <span>&nbsp;<\/span><\/p>\n<h2 class=\"title-vid\">El d\u00eda que Colapinto gan\u00f3 en los kartings y dio una entrevista<\/h2>\n<\/div>\n<\/div>\n<p><span class=\"back\" id=\"spanBackembedVvQydsOs\"><\/span><\/div>\n<div class=\"custom-text \" readability=\"37\">\n<p>&#8220;<strong>La final fue bastante peleada, tuvimos una clasificaci\u00f3n complicada y en la serie pudimos avanzar<\/strong>. En la final largamos desde el tercer puesto por adentro, y pudimos hacer una buen final&#8221;, dec\u00eda Franco sobre la jornada que se hizo el 4 de diciembre de ese a\u00f1o en el circuito bonaerense.<\/p>\n<\/div>\n<div class=\"custom-text \" readability=\"40\">\n<p>Sobre la parte t\u00e9cnica y el curso de la final, contaba: &#8220;Pudimos pasar a Jerem\u00edas Olmedo y a Facundo Llenderoso que ten\u00edamos adelante, y despu\u00e9s de hacer una carrera a fondo, <strong>de a poco fuimos sacando m\u00e1s diferencia, hasta que llegamos a la \u00faltima vuelta<\/strong>, fijandome a que distancia lo ten\u00eda para asegurarme si se me iba a tirar o no&#8221;.<\/p>\n<\/div>\n<div class=\"sc-e7b891c4-0 ifHnQL\"><img alt=\"Colapinto corr\u00eda con el Acosta Kart Divisi\u00f3n .\" loading=\"lazy\" width=\"720\" height=\"100\" decoding=\"async\" data-nimg=\"1\" src=\"http:\/\/cordobadirecto.com\/wp-content\/uploads\/2024\/09\/el-dia-que-franco-colapinto-gano-una-carrera-de-kartings-y-dio-su-primera-entrevista.jpg\"><span class=\"epigraphe\">Colapinto corr\u00eda con el Acosta Kart Divisi\u00f3n .<\/span><\/div>\n<div class=\"custom-text \" readability=\"41\">\n<p>&#8220;La verdad que <strong>muy contento por la victoria, y agradecerle a todo el equipo<\/strong>, al mec\u00e1nico Eze, y a Mart\u00edn Acosta, y a todos los chicos del equipo que son unos genios, a toda mi familia que me vino a ver y est\u00e1 ac\u00e1, y a mis amigos&#8221;, cerr\u00f3 contento el an\u00e1lisis el ganador de la jornada.<\/p>\n<\/div>\n<p><h2><strong>C\u00f3mo le iba a Colapinto en los kartings<\/strong><\/h2>\n<\/p>\n<div class=\"custom-text \" readability=\"41\">\n<p>En aquella final en Buenos Aires, Colapinto larg\u00f3 desde el tercer lugar y en la cuarta vuelta tom\u00f3 la punta para no soltarla m\u00e1s y as\u00ed quedarse con la carrera a 17 giros, con un tiempo de <strong>14m58s712<\/strong>. Los perseguidores inmediatos del piloto del Acosta Kart Divisi\u00f3n fueron Olmedo, que cruz\u00f3 la bandera a cuadros 0s324 despu\u00e9s que Colapinto, y Llenderoso, que lo hizo con una diferencia de +2s965. <strong>Esa victoria le permiti\u00f3 al pilarense quedarse con el subcampeonato <\/strong>del certamen, que gan\u00f3 Olmedo.<\/p>\n<\/div>\n<div class=\"custom-text \" readability=\"38\">\n<p>Adem\u00e1s, en la jornada anterior a esa \u00faltima fecha hab\u00eda corrido la clasificaci\u00f3n durante el d\u00eda, <strong>en la que termin\u00f3 octavo<\/strong>, y por la noche la serie \u00fanica, en la que por un choque sufri\u00f3 un recargo que lo dej\u00f3 un puesto detr\u00e1s del vencedor y luego campe\u00f3n Olmedo.<\/p>\n<\/div>\n<div class=\"sc-e7b891c4-0 ifHnQL\"><img alt=\"Franco Colapinto con su pap\u00e1 en los kartings.\" loading=\"lazy\" width=\"720\" height=\"100\" decoding=\"async\" data-nimg=\"1\" src=\"http:\/\/cordobadirecto.com\/wp-content\/uploads\/2024\/09\/el-dia-que-franco-colapinto-gano-una-carrera-de-kartings-y-dio-su-primera-entrevista-1.jpg\"><span class=\"epigraphe\">Franco Colapinto con su pap\u00e1 en los kartings.<\/span><\/div>\n<div class=\"custom-text \" readability=\"41\">\n<p>En los a\u00f1os siguientes, y antes de empezar a correr en la <strong>F\u00f3rmula 4<\/strong> espa\u00f1ola, Colapinto logr\u00f3 ganar el campeonato regional de kartings en las categor\u00edas <strong>Pre J\u00fanior, J\u00fanior y Senior<\/strong>, para luego comenzar su camino internacional para alcanzar la M\u00e1xima, donde est\u00e1 ahora. En el medio, tambi\u00e9n se qued\u00f3 con una carrera de los Juegos Ol\u00edmpicos de la Juventud de 2018 en Buenos Aires.<\/p>\n<\/div>\n<div class=\"sc-a7166897-0 eoLsBE\" readability=\"6\">\n<section readability=\"2\"><picture><img alt=\"Colapinto en Bak\u00fa: horario y c\u00f3mo ver la actividad de la F1\" loading=\"lazy\" width=\"290\" height=\"290\" decoding=\"async\" data-nimg=\"1\" src=\"http:\/\/cordobadirecto.com\/wp-content\/uploads\/2024\/09\/el-dia-que-franco-colapinto-gano-una-carrera-de-kartings-y-dio-su-primera-entrevista-2.jpg\"><\/picture>\n<p><span>Mir\u00e1 tambi\u00e9n<\/span><\/p>\n<hr>\n<h3>Colapinto en Bak\u00fa: horario y c\u00f3mo ver la actividad de la F1<\/h3>\n<\/p>\n<\/section>\n<\/div>\n<div class=\"sc-a7166897-0 eoLsBE\" readability=\"6\">\n<section readability=\"2\"><picture><img alt=\"\u00bfQu\u00e9 pas\u00f3 con el Twitter de Franco Colapinto?\" loading=\"lazy\" width=\"290\" height=\"290\" decoding=\"async\" data-nimg=\"1\" src=\"http:\/\/cordobadirecto.com\/wp-content\/uploads\/2024\/09\/el-dia-que-franco-colapinto-gano-una-carrera-de-kartings-y-dio-su-primera-entrevista-3.jpg\"><\/picture>\n<p><span>Mir\u00e1 tambi\u00e9n<\/span><\/p>\n<hr>\n<h3>\u00bfQu\u00e9 pas\u00f3 con el Twitter de Franco Colapinto?<\/h3>\n<\/p>\n<\/section>\n<\/div>\n<div class=\"sc-a7166897-0 eoLsBE\" readability=\"6.5\">\n<section readability=\"3\"><picture><img alt=\"Williams quiere que Sainz se suba al auto este mismo a\u00f1o: \u00bfqu\u00e9 va a ser de Colapinto?\" loading=\"lazy\" width=\"290\" height=\"290\" decoding=\"async\" data-nimg=\"1\" src=\"http:\/\/cordobadirecto.com\/wp-content\/uploads\/2024\/09\/el-dia-que-franco-colapinto-gano-una-carrera-de-kartings-y-dio-su-primera-entrevista-4.jpg\"><\/picture>\n<p><span>Mir\u00e1 tambi\u00e9n<\/span><\/p>\n<hr>\n<h3>Williams quiere que Sainz se suba al auto este mismo a\u00f1o: \u00bfqu\u00e9 va a ser de Colapinto?<\/h3>\n<\/p>\n<\/section>\n<\/div>\n<div class=\"sc-a7166897-0 eoLsBE\" readability=\"6\">\n<section readability=\"2\"><picture><img alt=\"Ya son cinco: un nuevo piloto de la F\u00f3rmula 1 sigui\u00f3 a Colapinto en Instagram\" loading=\"lazy\" width=\"290\" height=\"290\" decoding=\"async\" data-nimg=\"1\" src=\"http:\/\/cordobadirecto.com\/wp-content\/uploads\/2024\/09\/el-dia-que-franco-colapinto-gano-una-carrera-de-kartings-y-dio-su-primera-entrevista-5.jpg\"><\/picture>\n<p><span>Mir\u00e1 tambi\u00e9n<\/span><\/p>\n<hr>\n<h3>Ya son cinco: un nuevo piloto de la F\u00f3rmula 1 sigui\u00f3 a Colapinto en Instagram<\/h3>\n<\/p>\n<\/section>\n<\/div>\n<div class=\"sc-a7166897-0 eoLsBE\" readability=\"6.5\">\n<section readability=\"3\"><picture><img alt=\"El emotivo posteo de Colapinto con el que les agradeci\u00f3 a sus fan\u00e1ticos: &quot;Los quiero mucho&quot;\" loading=\"lazy\" width=\"290\" height=\"290\" decoding=\"async\" data-nimg=\"1\" src=\"http:\/\/cordobadirecto.com\/wp-content\/uploads\/2024\/09\/el-dia-que-franco-colapinto-gano-una-carrera-de-kartings-y-dio-su-primera-entrevista-6.jpg\"><\/picture>\n<p><span>Mir\u00e1 tambi\u00e9n<\/span><\/p>\n<hr>\n<h3>El emotivo posteo de Colapinto con el que les agradeci\u00f3 a sus fan\u00e1ticos: &#8220;Los quiero mucho&#8221;<\/h3>\n<\/p>\n<\/section>\n<\/div>\n<\/div>\n","protected":false},"excerpt":{"rendered":"<p>10\/09\/2024 17:04hs. Se hizo costumbre relacionar el nombre de Franco Colapinto con la F\u00f3rmula 1. No es para menos, porque la presencia del pilarense en la M\u00e1xima es hist\u00f3rica para el automovilismo y el deporte nacional. Pero no todo en su carrera est\u00e1 ligado a las m\u00e1s altas categor\u00edas del deporte motor, pues todo tiene [&hellip;]<\/p>\n","protected":false},"author":1,"featured_media":155469,"comment_status":"closed","ping_status":"closed","sticky":false,"template":"","format":"standard","meta":[],"categories":[21],"tags":[],"_links":{"self":[{"href":"http:\/\/cordobadirecto.com\/index.php\/wp-json\/wp\/v2\/posts\/155468"}],"collection":[{"href":"http:\/\/cordobadirecto.com\/index.php\/wp-json\/wp\/v2\/posts"}],"about":[{"href":"http:\/\/cordobadirecto.com\/index.php\/wp-json\/wp\/v2\/types\/post"}],"author":[{"embeddable":true,"href":"http:\/\/cordobadirecto.com\/index.php\/wp-json\/wp\/v2\/users\/1"}],"replies":[{"embeddable":true,"href":"http:\/\/cordobadirecto.com\/index.php\/wp-json\/wp\/v2\/comments?post=155468"}],"version-history":[{"count":0,"href":"http:\/\/cordobadirecto.com\/index.php\/wp-json\/wp\/v2\/posts\/155468\/revisions"}],"wp:featuredmedia":[{"embeddable":true,"href":"http:\/\/cordobadirecto.com\/index.php\/wp-json\/wp\/v2\/media\/155469"}],"wp:attachment":[{"href":"http:\/\/cordobadirecto.com\/index.php\/wp-json\/wp\/v2\/media?parent=155468"}],"wp:term":[{"taxonomy":"category","embeddable":true,"href":"http:\/\/cordobadirecto.com\/index.php\/wp-json\/wp\/v2\/categories?post=155468"},{"taxonomy":"post_tag","embeddable":true,"href":"http:\/\/cordobadirecto.com\/index.php\/wp-json\/wp\/v2\/tags?post=155468"}],"curies":[{"name":"wp","href":"https:\/\/api.w.org\/{rel}","templated":true}]}}