{"id":15548,"date":"2021-08-24T18:08:35","date_gmt":"2021-08-24T18:08:35","guid":{"rendered":"http:\/\/cordobadirecto.com\/index.php\/2021\/08\/24\/anses-confirmo-un-nuevo-aumento-retroactivo-para-jubilados-pensionados-auh-y-el-cronista\/"},"modified":"2021-08-24T18:08:35","modified_gmt":"2021-08-24T18:08:35","slug":"anses-confirmo-un-nuevo-aumento-retroactivo-para-jubilados-pensionados-auh-y-el-cronista","status":"publish","type":"post","link":"http:\/\/cordobadirecto.com\/index.php\/2021\/08\/24\/anses-confirmo-un-nuevo-aumento-retroactivo-para-jubilados-pensionados-auh-y-el-cronista\/","title":{"rendered":"ANSeS confirm\u00f3 un <b>nuevo<\/b> aumento retroactivo para jubilados, pensionados, AUH y &#8230; &#8211; El Cronista"},"content":{"rendered":"<p>Sin una <b>nueva<\/b> edici\u00f3n del bono de $ 10.000 del Ingreso Familiar de Emergencia (IFE), la prestaci\u00f3n, que se elevar\u00e1 en un 80% y pasar\u00e1 de $ 338 a $ 414, puede&nbsp;&#8230; <\/p>\n","protected":false},"excerpt":{"rendered":"<p>Sin una nueva edici\u00f3n del bono de $ 10.000 del Ingreso Familiar de Emergencia (IFE), la prestaci\u00f3n, que se elevar\u00e1 en un 80% y pasar\u00e1 de $ 338 a $ 414, puede&nbsp;&#8230;<\/p>\n","protected":false},"author":1,"featured_media":0,"comment_status":"closed","ping_status":"closed","sticky":false,"template":"","format":"standard","meta":[],"categories":[40],"tags":[],"_links":{"self":[{"href":"http:\/\/cordobadirecto.com\/index.php\/wp-json\/wp\/v2\/posts\/15548"}],"collection":[{"href":"http:\/\/cordobadirecto.com\/index.php\/wp-json\/wp\/v2\/posts"}],"about":[{"href":"http:\/\/cordobadirecto.com\/index.php\/wp-json\/wp\/v2\/types\/post"}],"author":[{"embeddable":true,"href":"http:\/\/cordobadirecto.com\/index.php\/wp-json\/wp\/v2\/users\/1"}],"replies":[{"embeddable":true,"href":"http:\/\/cordobadirecto.com\/index.php\/wp-json\/wp\/v2\/comments?post=15548"}],"version-history":[{"count":0,"href":"http:\/\/cordobadirecto.com\/index.php\/wp-json\/wp\/v2\/posts\/15548\/revisions"}],"wp:attachment":[{"href":"http:\/\/cordobadirecto.com\/index.php\/wp-json\/wp\/v2\/media?parent=15548"}],"wp:term":[{"taxonomy":"category","embeddable":true,"href":"http:\/\/cordobadirecto.com\/index.php\/wp-json\/wp\/v2\/categories?post=15548"},{"taxonomy":"post_tag","embeddable":true,"href":"http:\/\/cordobadirecto.com\/index.php\/wp-json\/wp\/v2\/tags?post=15548"}],"curies":[{"name":"wp","href":"https:\/\/api.w.org\/{rel}","templated":true}]}}