{"id":15551,"date":"2021-08-25T22:25:45","date_gmt":"2021-08-25T22:25:45","guid":{"rendered":"https:\/\/www.cordoba.gob.ar\/?p=12642"},"modified":"2021-08-25T22:25:45","modified_gmt":"2021-08-25T22:25:45","slug":"con-el-presupuesto-participativo-barrial-se-recupero-otra-plaza-de-la-ciudad","status":"publish","type":"post","link":"http:\/\/cordobadirecto.com\/index.php\/2021\/08\/25\/con-el-presupuesto-participativo-barrial-se-recupero-otra-plaza-de-la-ciudad\/","title":{"rendered":"Con el Presupuesto Participativo Barrial se recuper\u00f3 otra plaza de la ciudad"},"content":{"rendered":"<ul>\n<li><strong>Se trata de la plazoleta Pintor Luis Waysmann, ubicada en Barrio Urca.<\/strong><\/li>\n<li><strong>Es el s\u00e9ptimo espacio verde intervenido a trav\u00e9s de este programa.<\/strong><\/li>\n<\/ul>\n<hr>\n<p>El intendente Mart\u00edn Llaryora visit\u00f3 la plazoleta Pintor Luis Waysmann, ubicada entre las calles Jos\u00e9 Esteban Bustos, Juan Lafinur, y Gobernador Victorino Rodr\u00edguez de barrio Urca, un espacio que se recuper\u00f3 a partir de la decisi\u00f3n de los vecinos, quienes resolvieron su intervenci\u00f3n a trav\u00e9s del presupuesto participativo barrial.<\/p>\n<p>Se trata de la s\u00e9ptima plaza revitalizada a trav\u00e9s del Presupuesto Participativo Barrial, un programa donde los vecinos junto al CPC deciden y controlan el destino de los recursos para proyectos, obras, servicios y pol\u00edticas sociales que luego lleva a cabo la Municipalidad.<\/p>\n<p>Se colocaron juegos infantiles como hamaca triple, tobog\u00e1n, sube y baja, trepador recto y hamaca y calesita integradora; se instalaron once bancos, dos sets de mesas y sillas y cuatro cestos papeleros.<\/p>\n<p>Adem\u00e1s, se realiz\u00f3 pintura de cordones y demarcaci\u00f3n de bicisenda, se recuper\u00f3 la cancha de b\u00e1squet, se repar\u00f3 el mobiliario y juegos existentes, se colocaron cuatro rampas para personas con discapacidad, se arreglaron luminarias y se instalaron l\u00e1mparas LED.<\/p>\n<p>Complementaron las tareas de limpieza integral del espacio, poda alta y baja, reparaci\u00f3n de canteros y colocaci\u00f3n de plantas y plantines.<\/p>\n<p><em>\u201cCuando ingresamos a la gesti\u00f3n nos propusimos recomponer los espacios verdes de la ciudad, que son m\u00e1s de 1.800 registrados, y tambi\u00e9n recuperar la confianza en el Municipio. Y por eso estamos canalizando y cumpliendo con el Presupuesto Participativo Barrial\u201d<\/em>, expres\u00f3 el intendente Mart\u00edn Llaryora.<\/p>\n<p>A su tiempo, el secretario de Participaci\u00f3n Ciudadana, Juan Domingo Viola, destac\u00f3: <em>\u201cesta es una plaza que definimos con el Centro Vecinal y los delegados del barrios, quienes decidieron qu\u00e9 hab\u00eda que hacer. Recibimos una C\u00f3rdoba destruida, y la vamos a entregar un poco mejor con la mano de todos\u201d.<\/em><\/p>\n<p>A su vez, se pusieron en valor estructuras que poseen r\u00e9plicas de pinturas que realizaron los vecinos en homenaje al pintor local.<\/p>\n<p>Luis Waysmann, naci\u00f3 en 1910 en la provincia de Santa Fe y a los 9 a\u00f1os se mud\u00f3 a C\u00f3rdoba. A lo largo de su vida recibi\u00f3 innumerables distinciones y premiaciones. Sus obras hoy se exponen en el Museo Caraffa, y en el Museo Genaro P\u00e9rez. Falleci\u00f3 en 1988<\/p>\n<p><em>\u201cAgradecer a los empleados municipales y los servidores urbanos por trabajar m\u00e1s de 15 d\u00edas en esta plaza. La verdad que ha quedado impecable para que los vecinos de todo Urca lo puedan disfrutar\u201d<\/em>, fueron las palabras del director del CPC Arg\u00fcello, Tom\u00e1s Grunhaut.<\/p>\n<p>Juan Negrini, presidente del Centro Vecinal de barrio Urca, sostuvo: <em>\u201cestuve cinco a\u00f1os como presidente del Centro Vecinal y debo decir que no hab\u00eda visto tanto asfalto, tanta pintura como en este tiempo. Estamos muy contentos porque esta plaza congrega muchos chicos y estudiantes\u201d.<\/em><\/p>\n<p>La recuperaci\u00f3n del espacio verde, el cual se encontraba con un alto nivel de deterioro, fue posible por el trabajo mancomunado entre la Secretar\u00eda de Participaci\u00f3n Ciudadana; su par de Pol\u00edticas Sociales, Inclusi\u00f3n y Convivencia; el CPC Arg\u00fcello; la Direcci\u00f3n de Espacios Verdes; la Direcci\u00f3n de Alumbrado P\u00fablico; y el Centro Vecinal de barrio Urca.<\/p>\n<p>Mediante el Presupuesto Participativo Barrial ya se reacondicionaron las plazas Elpidio Torres de barrio Gui\u00f1az\u00fa, Macuca en barrio El Chingolo, Dr. Roberto Cisneros ubicada en Alto Alberdi, plaza Balseiro de barrio Observatorio, Plaza Prof. Nimio de Anqu\u00edn en barrio Avenida, y Plaza Albania de barrio Matienzo.<\/p>\n<p class=\"wpex-roembed wpex-clr\"><a data-flickr-embed=\"true\" href=\"https:\/\/www.flickr.com\/photos\/158498840@N03\/albums\/72157719734359051\" title=\"Se recuper\u00f3 otra plaza de la ciudad: Pintor Luis Waysmann by Municipalidad de C\u00f3rdoba, on Flickr\"><img loading=\"lazy\" src=\"http:\/\/cordobadirecto.com\/wp-content\/uploads\/2021\/08\/con-el-presupuesto-participativo-barrial-se-recupero-otra-plaza-de-la-ciudad.jpg\" width=\"800\" height=\"600\" alt=\"Con el Presupuesto Participativo Barrial se recuper\u00f3 otra plaza de la ciudad\"><\/a><\/p>\n<hr>\n","protected":false},"excerpt":{"rendered":"<p>Se trata de la plazoleta Pintor Luis Waysmann, ubicada en Barrio Urca. Es el s\u00e9ptimo espacio verde intervenido a trav\u00e9s de este programa. El intendente Mart\u00edn Llaryora visit\u00f3 la plazoleta Pintor Luis Waysmann, ubicada entre las calles Jos\u00e9 Esteban Bustos, Juan Lafinur, y Gobernador Victorino Rodr\u00edguez de barrio Urca, un espacio que se recuper\u00f3 a [&hellip;]<\/p>\n","protected":false},"author":1,"featured_media":15552,"comment_status":"closed","ping_status":"closed","sticky":false,"template":"","format":"standard","meta":[],"categories":[44],"tags":[],"_links":{"self":[{"href":"http:\/\/cordobadirecto.com\/index.php\/wp-json\/wp\/v2\/posts\/15551"}],"collection":[{"href":"http:\/\/cordobadirecto.com\/index.php\/wp-json\/wp\/v2\/posts"}],"about":[{"href":"http:\/\/cordobadirecto.com\/index.php\/wp-json\/wp\/v2\/types\/post"}],"author":[{"embeddable":true,"href":"http:\/\/cordobadirecto.com\/index.php\/wp-json\/wp\/v2\/users\/1"}],"replies":[{"embeddable":true,"href":"http:\/\/cordobadirecto.com\/index.php\/wp-json\/wp\/v2\/comments?post=15551"}],"version-history":[{"count":0,"href":"http:\/\/cordobadirecto.com\/index.php\/wp-json\/wp\/v2\/posts\/15551\/revisions"}],"wp:featuredmedia":[{"embeddable":true,"href":"http:\/\/cordobadirecto.com\/index.php\/wp-json\/wp\/v2\/media\/15552"}],"wp:attachment":[{"href":"http:\/\/cordobadirecto.com\/index.php\/wp-json\/wp\/v2\/media?parent=15551"}],"wp:term":[{"taxonomy":"category","embeddable":true,"href":"http:\/\/cordobadirecto.com\/index.php\/wp-json\/wp\/v2\/categories?post=15551"},{"taxonomy":"post_tag","embeddable":true,"href":"http:\/\/cordobadirecto.com\/index.php\/wp-json\/wp\/v2\/tags?post=15551"}],"curies":[{"name":"wp","href":"https:\/\/api.w.org\/{rel}","templated":true}]}}