{"id":15567,"date":"2021-08-24T19:51:00","date_gmt":"2021-08-24T19:51:00","guid":{"rendered":"https:\/\/lmdiario.com.ar\/contenido\/304085\/carlospasear-la-campana-que-lanzo-carlos-paz-para-los-fines-de-semana"},"modified":"2021-08-24T19:51:00","modified_gmt":"2021-08-24T19:51:00","slug":"carlospasear-la-campana-que-lanzo-carlos-paz-para-los-fines-de-semana","status":"publish","type":"post","link":"http:\/\/cordobadirecto.com\/index.php\/2021\/08\/24\/carlospasear-la-campana-que-lanzo-carlos-paz-para-los-fines-de-semana\/","title":{"rendered":"&#8220;Carlospasear&#8221;, la campa\u00f1a que lanz\u00f3 Carlos Paz para los fines de semana"},"content":{"rendered":"<p>El intendente Daniel G\u00f3mez Gesteira junto al Secretario de Turismo, Deportes y Cultura de la Ciudad Sebasti\u00e1n Boldrini presentaron este martes la campa\u00f1a de promoci\u00f3n denominada <strong>\u201cCarlospasear\u201d<\/strong>. La misma tiene por objetivo promover los paseos en la ciudad <strong>durante los fines de semana en los meses de agosto, septiembre y octubre disfrutando de todos sus atractivos<\/strong>.<\/p>\n<p>\u201cHoy presentamos la campa\u00f1a \u201cCarlospasear\u201d invitando a todos los cordobeses. Comenzamos la semana pasada un recorrido por distintas ciudades visitando Villa Mar\u00eda y estaremos este jueves en R\u00edo Cuarto. <strong>Queremos que los fines de semana los turistas nos visiten con distintos beneficios a trav\u00e9s de empresas adheridas a esta campa\u00f1a. Desarrollamos una acci\u00f3n similar hace dos a\u00f1os como fue \u201ccordob\u00e9s mimado\u201d y nos fue muy bien por lo que esperamos repetir con esta propuesta\u201d, <\/strong>detall\u00f3 S<strong>e<\/strong>basti\u00e1n Boldrini, Secretario de Turismo, Deportes y Cultura de esa ciudad.<\/p>\n<p>Por su parte, el intendente Daniel G\u00f3mez Gesteira agreg\u00f3: \u201c<strong>Con esta acci\u00f3n planificada vamos a seguir avanzando a nivel tur\u00edstico. Algo muy esperado por todos nuestros vecinos.<\/strong> Ya comenzamos con algunas ciudades muy importantes por la cercan\u00eda con nuestra ciudad y que nos eligen desde hace mucho tiempo. Tanto desde el sector p\u00fablico como del sector privado la idea es trabajar en conjunto\u201d.<\/p>\n<h3>Beneficios en hoteler\u00eda, gastronom\u00eda y entretenimientos<\/h3>\n<p>Como parte de esta campa\u00f1a de promoci\u00f3n, aquellos visitantes que deseen obtener descuentos y beneficios en hoteler\u00eda, gastronom\u00eda y entretenimientos <strong>pueden mostrar en cada establecimiento una captura de pantalla con algunas de las im\u00e1genes institucionales de la campa\u00f1a, que existen en las redes sociales oficiales de la ciudad.<\/strong><\/p>\n<p>Los establecimientos y prestadores tur\u00edsticos otorgar\u00e1n diversos beneficios de acuerdo a su disponibilidad.<\/p>\n<p><img loading=\"lazy\" alt=\"gomez gesteira y seba boldrini\" class=\"img-responsive lazyload\" data-src=\"http:\/\/cordobadirecto.com\/wp-content\/uploads\/2021\/08\/carlospasear-la-campana-que-lanzo-carlos-paz-para-los-fines-de-semana.jpg\" data-srcset=\"\/download\/multimedia.normal.b5cffa69336c60cd.676f6d657a2067657374656972612079207365626120626f6c6472696e695f6e6f726d616c2e6a706567.jpeg 1280w, \/download\/multimedia.miniatura.b0970114fe51e827.676f6d657a2067657374656972612079207365626120626f6c6472696e695f6d696e6961747572612e6a706567.jpeg 400w\" height=\"853\" src=\"data:,\" width=\"1280\"><\/p>\n","protected":false},"excerpt":{"rendered":"<p>El intendente Daniel G\u00f3mez Gesteira junto al Secretario de Turismo, Deportes y Cultura de la Ciudad Sebasti\u00e1n Boldrini presentaron este martes la campa\u00f1a de promoci\u00f3n denominada \u201cCarlospasear\u201d. La misma tiene por objetivo promover los paseos en la ciudad durante los fines de semana en los meses de agosto, septiembre y octubre disfrutando de todos sus [&hellip;]<\/p>\n","protected":false},"author":1,"featured_media":15568,"comment_status":"closed","ping_status":"closed","sticky":false,"template":"","format":"standard","meta":[],"categories":[22],"tags":[],"_links":{"self":[{"href":"http:\/\/cordobadirecto.com\/index.php\/wp-json\/wp\/v2\/posts\/15567"}],"collection":[{"href":"http:\/\/cordobadirecto.com\/index.php\/wp-json\/wp\/v2\/posts"}],"about":[{"href":"http:\/\/cordobadirecto.com\/index.php\/wp-json\/wp\/v2\/types\/post"}],"author":[{"embeddable":true,"href":"http:\/\/cordobadirecto.com\/index.php\/wp-json\/wp\/v2\/users\/1"}],"replies":[{"embeddable":true,"href":"http:\/\/cordobadirecto.com\/index.php\/wp-json\/wp\/v2\/comments?post=15567"}],"version-history":[{"count":0,"href":"http:\/\/cordobadirecto.com\/index.php\/wp-json\/wp\/v2\/posts\/15567\/revisions"}],"wp:featuredmedia":[{"embeddable":true,"href":"http:\/\/cordobadirecto.com\/index.php\/wp-json\/wp\/v2\/media\/15568"}],"wp:attachment":[{"href":"http:\/\/cordobadirecto.com\/index.php\/wp-json\/wp\/v2\/media?parent=15567"}],"wp:term":[{"taxonomy":"category","embeddable":true,"href":"http:\/\/cordobadirecto.com\/index.php\/wp-json\/wp\/v2\/categories?post=15567"},{"taxonomy":"post_tag","embeddable":true,"href":"http:\/\/cordobadirecto.com\/index.php\/wp-json\/wp\/v2\/tags?post=15567"}],"curies":[{"name":"wp","href":"https:\/\/api.w.org\/{rel}","templated":true}]}}