{"id":155816,"date":"2024-09-18T13:58:16","date_gmt":"2024-09-18T13:58:16","guid":{"rendered":"https:\/\/puntoapunto.com.ar\/?p=365158"},"modified":"2024-09-18T13:58:16","modified_gmt":"2024-09-18T13:58:16","slug":"edicion-semanal-las-viudas-de-milei","status":"publish","type":"post","link":"http:\/\/cordobadirecto.com\/index.php\/2024\/09\/18\/edicion-semanal-las-viudas-de-milei\/","title":{"rendered":"Edici\u00f3n semanal: Las viudas de Milei"},"content":{"rendered":"<div class=\"g g-36\">\n<div class=\"g-dyn a-29 c-1\"><a class=\"gofollow\" data-track=\"MjksMzYsMSw2MA==\" href=\"https:\/\/www.harmoniechateau.com.ar\/\" target=\"_blank\" rel=\"noopener\"><img src=\"http:\/\/cordobadirecto.com\/wp-content\/uploads\/2024\/09\/edicion-semanal-las-viudas-de-milei.gif\" loading=\"lazy\"><\/a><\/div>\n<\/div>\n<p>&nbsp;\n<\/p>\n<p>Sin alusiones directas en sus discursos, ni en el <a href=\"https:\/\/puntoapunto.com.ar\/desafios-economicos-y-politicos-presupuesto-2025-y-un-futuro-de-incertidumbre\/\"><strong>Presupuesto 2025<\/strong> <\/a>y sin lugar de peso en el programa econ\u00f3mico del gobierno naciona<strong>l, las pymes son uno de los sectores m\u00e1s rezagados. Fuerte ca\u00edda de la actividad se combina con un casi nulo perfil exportador.<\/strong> Qu\u00e9 hacer y qu\u00e9 perspectivas asoman.<!-- \u00a1O bien no hay banners, estan desactivados o no estan programados para esta ubicaci\u00f3n! -->\n<\/p>\n<p><strong>Le\u00e9 la revista en tu dispositivo favorito<\/strong>\n<\/p>\n<p><a href=\"https:\/\/indd.adobe.com\/view\/070ed1a6-a1ac-4013-8b5f-7826fbd1a6cb\" target=\"_blank\" rel=\"noopener\"><img decoding=\"async\" class=\"alignnone wp-image-341569 size-full\" src=\"http:\/\/cordobadirecto.com\/wp-content\/uploads\/2024\/09\/edicion-semanal-las-viudas-de-milei.jpg\" alt width=\"300\" height=\"80\" loading=\"lazy\"><\/a><img decoding=\"async\" class=\"alignnone size-full wp-image-341570\" src=\"http:\/\/cordobadirecto.com\/wp-content\/uploads\/2024\/09\/edicion-semanal-las-viudas-de-milei-1.jpg\" alt width=\"300\" height=\"80\" loading=\"lazy\"><!-- \u00a1O bien no hay banners, estan desactivados o no estan programados para esta ubicaci\u00f3n! -->\n<\/p>\n<p><strong>Adem\u00e1s:<\/strong><\/p>\n<ul>\n<li><strong>Sin buenos precios internacionales a la vista, el clima pasa a ser clave en el ingreso de agro d\u00f3lares del 2025<\/strong><\/li>\n<\/ul>\n<p><em>Lo remarca un informe de economistas del Ieral de Fundaci\u00f3n Mediterr\u00e1nea. \u00bfTocaron un piso los precios o pueden seguir bajando?<\/em>\n<\/p>\n<ul>\n<li><strong><a href=\"https:\/\/tlcexpreso.com.ar\/\">TLC Expreso<\/a> diversifica sus servicios: lanza coworking en su centro log\u00edstico<\/strong><\/li>\n<\/ul>\n<p><em>La firma cordobesa expande su oferta con un nuevo espacio de coworking. Este servicio, dise\u00f1ado para emprendedores y pymes, combinar\u00e1 flexibilidad en el trabajo con soluciones log\u00edsticas integrales.<\/em>\n<\/p>\n<ul>\n<li><strong>Relaci\u00f3n Naci\u00f3n-Provincia: C\u00f3rdoba est\u00e1 dispuesta a apoyar el presupuesto que mand\u00f3 Milei<\/strong><\/li>\n<\/ul>\n<p><em>El gobernador mand\u00f3 a decir que no pondr\u00e1 palos en la rueda y que est\u00e1 dispuesta a apoyar, lo que entierra definitivamente aquellos d\u00edas de confrontaci\u00f3n y desaf\u00edo permanentes.<\/em>\n<\/p>\n<ul>\n<li><strong>An\u00e1lisis cr\u00edtico al presupuesto 2025: \u00bfrealismo o discurso para la tribuna?<\/strong><\/li>\n<\/ul>\n<p><em>El economista Jos\u00e9 Mar\u00eda Rinaldi cuestion\u00f3 el presupuesto 2025 presentado por Javier Milei, se\u00f1alando que el discurso se centr\u00f3 en el super\u00e1vit fiscal sin abordar con claridad las proyecciones macroecon\u00f3micas. Advirti\u00f3 sobre las sobreestimaciones de crecimiento y critic\u00f3 la falta de un enfoque estrat\u00e9gico en el manejo del presupuesto como herramienta de pol\u00edtica econ\u00f3mica.<\/em>\n<\/p>\n<ul>\n<li><strong>Optimismo en el mercado inmobiliario: recuperaci\u00f3n de la demanda y nuevas oportunidades <\/strong><strong>para el sector<\/strong><\/li>\n<\/ul>\n<p><em>La reciente baja del d\u00f3lar blue, el impulso de los cr\u00e9ditos hipotecarios y el blanqueo de capitales est\u00e1n favoreciendo el resurgimiento de las operaciones inmobiliarias. Desde <a href=\"https:\/\/puntoapunto.com.ar\/como-es-riba-flats-el-emprendimiento-premium-y-sustentable-que-desarrolla-cobitat-en-villa-belgrano\/\">Cobitat<\/a> destacan las condiciones emergentes que abren nuevas perspectivas.<\/em>\n<\/p>\n<ul>\n<li><strong>Cinco claves para aprovechar el momento del sector inmobiliario (by Re\/Max)<\/strong><\/li>\n<\/ul>\n<p><em>En el sector inmobiliario, el \u00faltimo cuatrimestre del a\u00f1o suele ser el m\u00e1s fruct\u00edfero y generar el 45 % de las ventas del a\u00f1o. C\u00f3mo prepararse ante la llegada de la temporada donde m\u00e1s crece la actividad.<\/em>\n<\/p>\n<div class=\"g g-38\">\n<div class=\"g-dyn a-12 c-1\"><a class=\"gofollow\" data-track=\"MTIsMzgsMSw2MA==\" href=\"https:\/\/hospitalprivado.com.ar\/blog\/institucional\/somos-la-primera-institucion-del-interior-del-pais-en-acreditar-joint-commission-international.html\" target=\"_blank\" rel=\"noopener\"><img src=\"http:\/\/cordobadirecto.com\/wp-content\/uploads\/2024\/09\/edicion-semanal-las-viudas-de-milei-1.gif\" loading=\"lazy\"><\/a><\/div>\n<\/div>\n","protected":false},"excerpt":{"rendered":"<p>&nbsp; Sin alusiones directas en sus discursos, ni en el Presupuesto 2025 y sin lugar de peso en el programa econ\u00f3mico del gobierno nacional, las pymes son uno de los sectores m\u00e1s rezagados. Fuerte ca\u00edda de la actividad se combina con un casi nulo perfil exportador. Qu\u00e9 hacer y qu\u00e9 perspectivas asoman. Le\u00e9 la revista [&hellip;]<\/p>\n","protected":false},"author":1,"featured_media":155817,"comment_status":"closed","ping_status":"closed","sticky":false,"template":"","format":"standard","meta":[],"categories":[25],"tags":[],"_links":{"self":[{"href":"http:\/\/cordobadirecto.com\/index.php\/wp-json\/wp\/v2\/posts\/155816"}],"collection":[{"href":"http:\/\/cordobadirecto.com\/index.php\/wp-json\/wp\/v2\/posts"}],"about":[{"href":"http:\/\/cordobadirecto.com\/index.php\/wp-json\/wp\/v2\/types\/post"}],"author":[{"embeddable":true,"href":"http:\/\/cordobadirecto.com\/index.php\/wp-json\/wp\/v2\/users\/1"}],"replies":[{"embeddable":true,"href":"http:\/\/cordobadirecto.com\/index.php\/wp-json\/wp\/v2\/comments?post=155816"}],"version-history":[{"count":0,"href":"http:\/\/cordobadirecto.com\/index.php\/wp-json\/wp\/v2\/posts\/155816\/revisions"}],"wp:featuredmedia":[{"embeddable":true,"href":"http:\/\/cordobadirecto.com\/index.php\/wp-json\/wp\/v2\/media\/155817"}],"wp:attachment":[{"href":"http:\/\/cordobadirecto.com\/index.php\/wp-json\/wp\/v2\/media?parent=155816"}],"wp:term":[{"taxonomy":"category","embeddable":true,"href":"http:\/\/cordobadirecto.com\/index.php\/wp-json\/wp\/v2\/categories?post=155816"},{"taxonomy":"post_tag","embeddable":true,"href":"http:\/\/cordobadirecto.com\/index.php\/wp-json\/wp\/v2\/tags?post=155816"}],"curies":[{"name":"wp","href":"https:\/\/api.w.org\/{rel}","templated":true}]}}