{"id":155838,"date":"2024-09-18T16:47:36","date_gmt":"2024-09-18T16:47:36","guid":{"rendered":"https:\/\/www.ole.com.ar\/autos\/franco-colapinto-mensaje-enigmantico-manager-futuro-f1_0_JFJUGT3QCD.html"},"modified":"2024-09-18T16:47:36","modified_gmt":"2024-09-18T16:47:36","slug":"el-ilusionante-mensaje-del-manager-de-colapinto-de-cara-a-2025","status":"publish","type":"post","link":"http:\/\/cordobadirecto.com\/index.php\/2024\/09\/18\/el-ilusionante-mensaje-del-manager-de-colapinto-de-cara-a-2025\/","title":{"rendered":"El ilusionante mensaje del manager de Colapinto de cara a 2025"},"content":{"rendered":"<p><time class=\"createDate\" datetime=\"2024-09-18T13:47:36-03:00\">18\/09\/2024 13:47hs.<\/time><\/p>\n<div id=\"storyBody\">\n<div class=\"custom-text \" readability=\"36.425925925926\">\n<p>Las \u00faltimas horas de <strong>Franco Colapinto<\/strong> y todo lo que envolvi\u00f3 a su figura fueron sube y baja de emociones. Luego de su trabajo sobresaliente en Bak\u00fa, donde finaliz\u00f3 8\u00b0 y sum\u00f3 puntos por primera vez, el mundo de la <strong>F\u00f3rmula 1<\/strong> volvi\u00f3 a hablar largo y tendido sobre el pilarense de 21 a\u00f1os. Tanto es as\u00ed que hasta James Volwes, jefe de equipo de <strong>Williams<\/strong>, se\u00f1al\u00f3 que tratar\u00e1n de buscarle un asiento en Sauber para la pr\u00f3xima temporada. Claro,<strong><a href=\"https:\/\/www.ole.com.ar\/autos\/franco-colapinto-seguir-formula1-2025-williams-audi-sauber_0_44zpXucSSr.html\" target=\"_blank\" title=\" el objetivo de los brit\u00e1nicos es que el argentino siga sumando carreras en la M\u00e1xima\" alt=\" el objetivo de los brit\u00e1nicos es que el argentino siga sumando carreras en la M\u00e1xima\" rel=\"noopener\"> el objetivo de los brit\u00e1nicos es que el argentino siga sumando carreras en la M\u00e1xima<\/a><\/strong> y, de ese modo, acumule experiencia por si en 2026 necesitan recurrir a \u00e9l para vestirse nuevamente de azul.<\/p>\n<\/div>\n<div class=\"custom-text \" readability=\"41\">\n<p>Y mientras el tema explot\u00f3 en los medios de comunicaci\u00f3n y, esencialmente en las redes sociales (se cre\u00f3 un hashtag <strong>#FrancoColapintoToF1<\/strong>), hubo un mensaje que aliment\u00f3 la ilusi\u00f3n de todos sus fan\u00e1ticos. &#8220;<strong>Estoy deseando debatir c\u00f3mo hacemos que todo esto funcione despu\u00e9s de Abu Dhabi,<\/strong> porque tal vez tenga un plan&#8221;, escribi\u00f3 Jamie Campbell-Walter, director de la empresa Bullet Sports Management, que representa al volante albiceleste.<\/p>\n<\/div>\n<div class=\"sc-e7b891c4-0 ifHnQL\"><img alt=\"Colapinto la rompi\u00f3 en Bak\u00fa. (EFE)\" loading=\"lazy\" width=\"720\" height=\"100\" decoding=\"async\" data-nimg=\"1\" src=\"http:\/\/cordobadirecto.com\/wp-content\/uploads\/2024\/09\/el-ilusionante-mensaje-del-manager-de-colapinto-de-cara-a-2025.jpg\"><span class=\"epigraphe\">Colapinto la rompi\u00f3 en Bak\u00fa. (EFE)<\/span><\/div>\n<div class=\"custom-text \" readability=\"40\">\n<p>El comentario publicado en X, plataforma social perteneciente a Elon Musk, f<strong>ue en respuesta a un tuit del propio Volwe<\/strong>s, quien hab\u00eda comentado: &#8220;Listo para Singapur, uno de mis eventos favoritos. Dif\u00edcil para los pilotos, equipos y autos. Se pronostican fuertes tormentas el\u00e9ctricas que se sumar\u00e1n al combo. Nos vemos pronto&#8221;.<\/p>\n<\/div>\n<div class=\"custom-embedhtml\" readability=\"5.7909090909091\">\n<blockquote class=\"twitter-tweet\" readability=\"5.3454545454545\">\n<p lang=\"en\" dir=\"ltr\">Looking forward to discuss how we make this all work after Abu Dhabi because perhaps I have a plan\ud83e\udd14<\/p>\n<p>\u2014 Jamie Campbell-Walter (@jcampbellwalter) <a href=\"https:\/\/twitter.com\/jcampbellwalter\/status\/1836274019198472482?ref_src=twsrc%5Etfw\">September 18, 2024<\/a><\/p><\/blockquote><\/div>\n<p><h2><strong>La declaraci\u00f3n de Volwes que posicion\u00f3 a Colapinto como un serio candidato en Sauber<\/strong><\/h2>\n<\/p>\n<div class=\"custom-text \" readability=\"37\">\n<p>&#8220;Por supuesto que estar\u00e1 con nosotros, pero quiero una posici\u00f3n para \u00e9l en la que est\u00e9 corriendo en 2025 e idealmente en la F\u00f3rmula 1&#8221;, dijo el pope del conjunto brit\u00e1nico con sede en Grove, en una charla con Motorsport.<\/p>\n<\/div>\n<div class=\"sc-e7b891c4-0 ifHnQL\"><img alt=\"Colapinto se abraza con Vowles. @WilliamsRacing\" loading=\"lazy\" width=\"720\" height=\"100\" decoding=\"async\" data-nimg=\"1\" src=\"http:\/\/cordobadirecto.com\/wp-content\/uploads\/2024\/09\/el-ilusionante-mensaje-del-manager-de-colapinto-de-cara-a-2025-1.jpg\"><span class=\"epigraphe\">Colapinto se abraza con Vowles. @WilliamsRacing<\/span><\/div>\n<div class=\"custom-text \" readability=\"36\">\n<p>Adem\u00e1s, ampli\u00f3 su idea: &#8220;<strong>En dos carreras le demostr\u00f3 al mundo que merece un asiento en la F\u00f3rmula 1.<\/strong> Siempre cre\u00ed firmemente que hay que dejar correr a los buenos pilotos. As\u00ed que veremos si podemos encontrar una manera de trabajar con Sauber en esa circunstancia. Eso es lo que estaba insinuando para el a\u00f1o que viene&#8221;.<\/p>\n<\/div>\n<div class=\"custom-text \" readability=\"36\">\n<p>Con 18 plazas ya ocupadas, solo quedan dos butacas libres para el a\u00f1o pr\u00f3ximo. Y dado que RB se inclinar\u00e1 por un piloto de la academia de Red Bull (suena Liam Lawson) para reemplazar a Daniel Ricciardo, el \u00fanico asiento todav\u00eda sin definir es el segundo de Sauber. \u00bfSer\u00e1 para Colapa?<\/p>\n<\/div>\n<div class=\"sc-a7166897-0 eoLsBE\" readability=\"6\">\n<section readability=\"2\"><picture><img alt=\"El desaf\u00edo in\u00e9dito que se le viene a Franco Colapinto en la F\u00f3rmula 1: la noche\" loading=\"lazy\" width=\"290\" height=\"290\" decoding=\"async\" data-nimg=\"1\" src=\"http:\/\/cordobadirecto.com\/wp-content\/uploads\/2024\/09\/el-ilusionante-mensaje-del-manager-de-colapinto-de-cara-a-2025-2.jpg\"><\/picture>\n<p><span>Mir\u00e1 tambi\u00e9n<\/span><\/p>\n<hr>\n<h3>El desaf\u00edo in\u00e9dito que se le viene a Franco Colapinto en la F\u00f3rmula 1: la noche<\/h3>\n<\/p>\n<\/section>\n<\/div>\n<div class=\"sc-a7166897-0 eoLsBE\" readability=\"7\">\n<section readability=\"4\"><picture><img alt=\"Colapinto ya est\u00e1 en el juego de F1, pero con un detalle que amargar\u00e1 a sus fan\u00e1ticos...\" loading=\"lazy\" width=\"290\" height=\"290\" decoding=\"async\" data-nimg=\"1\" src=\"http:\/\/cordobadirecto.com\/wp-content\/uploads\/2024\/09\/el-ilusionante-mensaje-del-manager-de-colapinto-de-cara-a-2025-3.jpg\"><\/picture>\n<p><span>Mir\u00e1 tambi\u00e9n<\/span><\/p>\n<hr>\n<h3>Colapinto ya est\u00e1 en el juego de F1, pero con un detalle que amargar\u00e1 a sus fan\u00e1ticos&#8230;<\/h3>\n<\/p>\n<\/section>\n<\/div>\n<div class=\"sc-a7166897-0 eoLsBE\" readability=\"6.5\">\n<section readability=\"3\"><picture><img alt=\"Franco Colapinto por el GP de Singapur: d\u00edas, horarios y c\u00f3mo ver la F1\" loading=\"lazy\" width=\"290\" height=\"290\" decoding=\"async\" data-nimg=\"1\" src=\"http:\/\/cordobadirecto.com\/wp-content\/uploads\/2024\/09\/el-ilusionante-mensaje-del-manager-de-colapinto-de-cara-a-2025-4.jpg\"><\/picture>\n<p><span>Mir\u00e1 tambi\u00e9n<\/span><\/p>\n<hr>\n<h3>Franco Colapinto por el GP de Singapur: d\u00edas, horarios y c\u00f3mo ver la F1<\/h3>\n<\/p>\n<\/section>\n<\/div>\n<\/div>\n","protected":false},"excerpt":{"rendered":"<p>18\/09\/2024 13:47hs. Las \u00faltimas horas de Franco Colapinto y todo lo que envolvi\u00f3 a su figura fueron sube y baja de emociones. Luego de su trabajo sobresaliente en Bak\u00fa, donde finaliz\u00f3 8\u00b0 y sum\u00f3 puntos por primera vez, el mundo de la F\u00f3rmula 1 volvi\u00f3 a hablar largo y tendido sobre el pilarense de 21 [&hellip;]<\/p>\n","protected":false},"author":1,"featured_media":155839,"comment_status":"closed","ping_status":"closed","sticky":false,"template":"","format":"standard","meta":[],"categories":[21],"tags":[],"_links":{"self":[{"href":"http:\/\/cordobadirecto.com\/index.php\/wp-json\/wp\/v2\/posts\/155838"}],"collection":[{"href":"http:\/\/cordobadirecto.com\/index.php\/wp-json\/wp\/v2\/posts"}],"about":[{"href":"http:\/\/cordobadirecto.com\/index.php\/wp-json\/wp\/v2\/types\/post"}],"author":[{"embeddable":true,"href":"http:\/\/cordobadirecto.com\/index.php\/wp-json\/wp\/v2\/users\/1"}],"replies":[{"embeddable":true,"href":"http:\/\/cordobadirecto.com\/index.php\/wp-json\/wp\/v2\/comments?post=155838"}],"version-history":[{"count":0,"href":"http:\/\/cordobadirecto.com\/index.php\/wp-json\/wp\/v2\/posts\/155838\/revisions"}],"wp:featuredmedia":[{"embeddable":true,"href":"http:\/\/cordobadirecto.com\/index.php\/wp-json\/wp\/v2\/media\/155839"}],"wp:attachment":[{"href":"http:\/\/cordobadirecto.com\/index.php\/wp-json\/wp\/v2\/media?parent=155838"}],"wp:term":[{"taxonomy":"category","embeddable":true,"href":"http:\/\/cordobadirecto.com\/index.php\/wp-json\/wp\/v2\/categories?post=155838"},{"taxonomy":"post_tag","embeddable":true,"href":"http:\/\/cordobadirecto.com\/index.php\/wp-json\/wp\/v2\/tags?post=155838"}],"curies":[{"name":"wp","href":"https:\/\/api.w.org\/{rel}","templated":true}]}}