{"id":155842,"date":"2024-09-18T17:03:57","date_gmt":"2024-09-18T17:03:57","guid":{"rendered":"https:\/\/www.ole.com.ar\/futbol-ascenso\/ascenso-primera-nacional-san-telmo-sancion-aprevide_0_lrxKeOSKbq.html"},"modified":"2024-09-18T17:03:57","modified_gmt":"2024-09-18T17:03:57","slug":"respira-san-telmo-rebaja-de-sancion-y-vuelta-a-su-estadio","status":"publish","type":"post","link":"http:\/\/cordobadirecto.com\/index.php\/2024\/09\/18\/respira-san-telmo-rebaja-de-sancion-y-vuelta-a-su-estadio\/","title":{"rendered":"Respira San Telmo: rebaja de sanci\u00f3n y vuelta a su estadio"},"content":{"rendered":"<p><time class=\"createDate\" datetime=\"2024-09-17T20:04:25-03:00\">17\/09\/2024 20:04hs.<\/time><\/p>\n<div id=\"storyBody\">\n<div class=\"custom-text \" readability=\"36.082644628099\">\n<p>Un desenlace que<strong> act\u00faa como una especie de b\u00e1lsamo en <a href=\"https:\/\/www.ole.com.ar\/tema\/san-telmo.html\" title=\"San Telmo\" alt=\"San Telmo\" class=\"slug\">San Telmo<\/a><\/strong>. Claro, porque despu\u00e9s de la dur\u00edsima sanci\u00f3n que recibi\u00f3 tras los incidentes ante Aldosivi en primera instancia y despu\u00e9s con Defensores -estallido de una bomba de estruendo y cruces con la Polic\u00eda, respectivamente- el club luch\u00f3 incansablemente a favor de sus intereses. Y tuvo un gui\u00f1o.<\/p>\n<\/div>\n<div class=\"custom-text \" readability=\"42\">\n<p>En las \u00faltimas horas, a trav\u00e9s de sus redes sociales, <strong>el Candombero anunci\u00f3 que volver\u00e1 a jugar en su estadio con p\u00fablico de forma gradual<\/strong>: el pr\u00f3ximo fin de semana ante el CADU -fecha 33-, ser\u00e1 sin hinchas; la jornada siguiente -la 35-, frente a Almirante Brown, \u00fanicamente con socios; cerrando la temporada regular en su estadio, en la fecha 37 ante Estudiantes (RC), volver\u00e1 el p\u00fablico general.<\/p>\n<\/div>\n<div class=\"sc-e7b891c4-0 ifHnQL\"><img alt=\"Telmo volver\u00e1 al Bagletto de forma gradual.\" loading=\"lazy\" width=\"720\" height=\"100\" decoding=\"async\" data-nimg=\"1\" src=\"http:\/\/cordobadirecto.com\/wp-content\/uploads\/2024\/09\/respira-san-telmo-rebaja-de-sancion-y-vuelta-a-su-estadio.jpg\"><span class=\"epigraphe\">Telmo volver\u00e1 al Bagletto de forma gradual.<\/span><\/div>\n<div class=\"custom-text \" readability=\"40\">\n<p>El respiro para el conjunto de Isla Maciel se da, principalmente, por cuestiones econ\u00f3micas. En su primer comunicado, el club expres\u00f3 <strong>la necesidad imperiosa de la presencia del p\u00fablico debido a la venta de entradas<\/strong>. Claro est\u00e1, la econom\u00eda de la instituci\u00f3n necesita estabilizarse y no tener la posibilidad de ese ingreso generaba una complicaci\u00f3n. Por lo menos, se pudieron acortar plazos.<\/p>\n<\/div>\n<p><h2><strong>Empieza a bajar la tensi\u00f3n<\/strong><\/h2>\n<\/p>\n<div class=\"custom-text \" readability=\"38\">\n<p><strong>Fueron semanas complicadas para San Telmo.<\/strong> Todo comenz\u00f3 con aquel episodio ante Aldosivi que deriv\u00f3 en la suspensi\u00f3n del encuentro, la quita de tres puntos y una importante multa econ\u00f3mica superior a los 22 millones de pesos. Pero, a pesar de que el encuentro ya se disput\u00f3 -victoria del Tibur\u00f3n por 2 a 1-, el tema no qued\u00f3 ah\u00ed.<\/p>\n<\/div>\n<div class=\"custom-text \" readability=\"38\">\n<p>Claro, porque tras cumplir cuatro partidos a puertas cerradas,<strong> una nueva situaci\u00f3n sucedi\u00f3 con los hinchas del Candombero<\/strong>. Despu\u00e9s de una pol\u00e9mica actuaci\u00f3n del \u00e1rbitro Lucas Comesa\u00f1a en el partido ante Defensores de Belgrano, la tensi\u00f3n se traslad\u00f3 hacia las puertas de acceso a la platea del Osvlado Baletto.<\/p>\n<\/div>\n<div class=\"custom-text \" readability=\"38\">\n<p>Fanas de Telmo tuvieron un cruce con los efectivos policiales que se encontraban en las inmediaciones del estadio, arrojando cascotes. Todo esto agrav\u00f3 la situaci\u00f3n, y <strong>cuando parec\u00eda que la instituci\u00f3n mantendr\u00eda la sanci\u00f3n hasta el 2025, se logr\u00f3 llegar a un acuerdo con Aprevide para el rebaje<\/strong>.<\/p>\n<\/div>\n<div class=\"sc-e7b891c4-0 ifHnQL\"><img alt=\"La sanci\u00f3n de Aprevide tras los incidentes con Defensores.\" loading=\"lazy\" width=\"720\" height=\"100\" decoding=\"async\" data-nimg=\"1\" src=\"http:\/\/cordobadirecto.com\/wp-content\/uploads\/2024\/09\/respira-san-telmo-rebaja-de-sancion-y-vuelta-a-su-estadio-1.jpg\"><span class=\"epigraphe\">La sanci\u00f3n de Aprevide tras los incidentes con Defensores.<\/span><\/div>\n<p><h2><strong>El momento de San Telmo<\/strong><\/h2>\n<\/p>\n<div class=\"custom-text \" readability=\"34.986394557823\">\n<p>A pesar de todo lo mencionado, y de sufrir la dur\u00edsima baja de Adri\u00e1n Fern\u00e1ndez -se fue a Pe\u00f1arol-, <strong>el Candombero es uno de los candidatos en la pelea por el primer ascenso de la <a href=\"https:\/\/www.ole.com.ar\/tema\/primera-nacional.html\" title=\"Primera Nacional\" alt=\"Primera Nacional\" class=\"slug\">Primera Nacional<\/a><\/strong>. Actualmente tiene 53 puntos y se ubica a tan solo dos del l\u00edder de la Zona B, Nueva Chicago.<\/p>\n<\/div>\n<div class=\"custom-text \" readability=\"37\">\n<p>El equipo de Alfredo Grelak sigue demostrando fecha tras fecha su lugar en la tabla. Es escolta junto a Aldosivi, y la ilusi\u00f3n por alcanzar la final est\u00e1 latente. Los n\u00fameros lo acompa\u00f1an: <strong>es el equipo m\u00e1s goleador de su zona y el segundo en toda la categor\u00eda<\/strong> -solo lo supera Ferro-. De yapa, tan solo perdi\u00f3 seis partidos de 32. Top.<\/p>\n<\/div>\n<div class=\"sc-a7166897-0 eoLsBE\" readability=\"7\">\n<section readability=\"4\"><picture><img alt=\"Gerardo Alegre Rojas, figura de Argentino de Quilmes con Ol\u00e9: &quot;Tenemos con qu\u00e9 pelear el ascenso&quot;\" loading=\"lazy\" width=\"290\" height=\"290\" decoding=\"async\" data-nimg=\"1\" src=\"http:\/\/cordobadirecto.com\/wp-content\/uploads\/2024\/09\/respira-san-telmo-rebaja-de-sancion-y-vuelta-a-su-estadio-2.jpg\"><\/picture>\n<p><span>Mir\u00e1 tambi\u00e9n<\/span><\/p>\n<hr>\n<h3>Gerardo Alegre Rojas, figura de Argentino de Quilmes con Ol\u00e9: &#8220;Tenemos con qu\u00e9 pelear el ascenso&#8221;<\/h3>\n<\/p>\n<\/section>\n<\/div>\n<div class=\"sc-a7166897-0 eoLsBE\" readability=\"6\">\n<section readability=\"2\"><picture><img alt=\"Juanfer Quintero dio la noticia en Racing en la previa al cruce con Paranaense\" loading=\"lazy\" width=\"290\" height=\"290\" decoding=\"async\" data-nimg=\"1\" src=\"http:\/\/cordobadirecto.com\/wp-content\/uploads\/2024\/09\/respira-san-telmo-rebaja-de-sancion-y-vuelta-a-su-estadio-3.jpg\"><\/picture>\n<p><span>Mir\u00e1 tambi\u00e9n<\/span><\/p>\n<hr>\n<h3>Juanfer Quintero dio la noticia en Racing en la previa al cruce con Paranaense<\/h3>\n<\/p>\n<\/section>\n<\/div>\n<div class=\"sc-a7166897-0 eoLsBE\" readability=\"6\">\n<section readability=\"2\"><picture><img alt=\"Elecciones en la AFA: Belgrano fue atr\u00e1s de Instituto y se desmarc\u00f3 de Talleres\" loading=\"lazy\" width=\"290\" height=\"290\" decoding=\"async\" data-nimg=\"1\" src=\"http:\/\/cordobadirecto.com\/wp-content\/uploads\/2024\/09\/respira-san-telmo-rebaja-de-sancion-y-vuelta-a-su-estadio-4.jpg\"><\/picture>\n<p><span>Mir\u00e1 tambi\u00e9n<\/span><\/p>\n<hr>\n<h3>Elecciones en la AFA: Belgrano fue atr\u00e1s de Instituto y se desmarc\u00f3 de Talleres<\/h3>\n<\/p>\n<\/section>\n<\/div>\n<div class=\"sc-a7166897-0 eoLsBE\" readability=\"6.5\">\n<section readability=\"3\"><picture><img alt=\"Marcelo Moretti y el Papa Francisco revelaron c\u00f3mo se llamar\u00e1 el nuevo estadio de San Lorenzo \" loading=\"lazy\" width=\"290\" height=\"290\" decoding=\"async\" data-nimg=\"1\" src=\"http:\/\/cordobadirecto.com\/wp-content\/uploads\/2024\/09\/respira-san-telmo-rebaja-de-sancion-y-vuelta-a-su-estadio-5.jpg\"><\/picture>\n<p><span>Mir\u00e1 tambi\u00e9n<\/span><\/p>\n<hr>\n<h3>Marcelo Moretti y el Papa Francisco revelaron c\u00f3mo se llamar\u00e1 el nuevo estadio de San Lorenzo <\/h3>\n<\/p>\n<\/section>\n<\/div>\n<\/div>\n","protected":false},"excerpt":{"rendered":"<p>17\/09\/2024 20:04hs. Un desenlace que act\u00faa como una especie de b\u00e1lsamo en San Telmo. Claro, porque despu\u00e9s de la dur\u00edsima sanci\u00f3n que recibi\u00f3 tras los incidentes ante Aldosivi en primera instancia y despu\u00e9s con Defensores -estallido de una bomba de estruendo y cruces con la Polic\u00eda, respectivamente- el club luch\u00f3 incansablemente a favor de sus [&hellip;]<\/p>\n","protected":false},"author":1,"featured_media":155843,"comment_status":"closed","ping_status":"closed","sticky":false,"template":"","format":"standard","meta":[],"categories":[21],"tags":[],"_links":{"self":[{"href":"http:\/\/cordobadirecto.com\/index.php\/wp-json\/wp\/v2\/posts\/155842"}],"collection":[{"href":"http:\/\/cordobadirecto.com\/index.php\/wp-json\/wp\/v2\/posts"}],"about":[{"href":"http:\/\/cordobadirecto.com\/index.php\/wp-json\/wp\/v2\/types\/post"}],"author":[{"embeddable":true,"href":"http:\/\/cordobadirecto.com\/index.php\/wp-json\/wp\/v2\/users\/1"}],"replies":[{"embeddable":true,"href":"http:\/\/cordobadirecto.com\/index.php\/wp-json\/wp\/v2\/comments?post=155842"}],"version-history":[{"count":0,"href":"http:\/\/cordobadirecto.com\/index.php\/wp-json\/wp\/v2\/posts\/155842\/revisions"}],"wp:featuredmedia":[{"embeddable":true,"href":"http:\/\/cordobadirecto.com\/index.php\/wp-json\/wp\/v2\/media\/155843"}],"wp:attachment":[{"href":"http:\/\/cordobadirecto.com\/index.php\/wp-json\/wp\/v2\/media?parent=155842"}],"wp:term":[{"taxonomy":"category","embeddable":true,"href":"http:\/\/cordobadirecto.com\/index.php\/wp-json\/wp\/v2\/categories?post=155842"},{"taxonomy":"post_tag","embeddable":true,"href":"http:\/\/cordobadirecto.com\/index.php\/wp-json\/wp\/v2\/tags?post=155842"}],"curies":[{"name":"wp","href":"https:\/\/api.w.org\/{rel}","templated":true}]}}