{"id":155893,"date":"2024-09-19T12:09:20","date_gmt":"2024-09-19T12:09:20","guid":{"rendered":"https:\/\/www.ole.com.ar\/autos\/formula-1-river-boca-reuteman-1981_0_qcr5QBMymC.html"},"modified":"2024-09-19T12:09:20","modified_gmt":"2024-09-19T12:09:20","slug":"historias-cuando-la-formula-1-y-reutemann-modificaron-la-agenda-de-un-boca-vs-river","status":"publish","type":"post","link":"http:\/\/cordobadirecto.com\/index.php\/2024\/09\/19\/historias-cuando-la-formula-1-y-reutemann-modificaron-la-agenda-de-un-boca-vs-river\/","title":{"rendered":"Historias: cuando la F\u00f3rmula 1 y Reutemann modificaron la agenda de un Boca vs. River"},"content":{"rendered":"<p><time class=\"createDate\" datetime=\"2024-09-19T09:09:20-03:00\">19\/09\/2024 09:09hs.<\/time><time class=\"modificatedDate\" datetime=\"2024-09-19T10:22:19-03:00\"> Actualizado al 19\/09\/2024 10:22hs.<\/time><\/p>\n<div id=\"storyBody\">\n<div class=\"custom-text \" readability=\"32\">\n<p><strong>Texto: Maxi Espejo \/ Producci\u00f3n Audiovisual: Camila Corrales \/ Ilustraci\u00f3n: Luciano Canet<\/strong><\/p>\n<\/div>\n<div class=\"custom-text \" readability=\"42\">\n<p><strong>Semana especial para el f\u00fatbol y deporte argentino.<\/strong> Porque se vendr\u00e1 un finde de S\u00faper acci\u00f3n. Para estar prendido a la TV. Primero, por la fecha 15 de la Liga Profesional, el s\u00e1bado se llevar\u00e1 a cabo una nueva disputa del cl\u00e1sico de cl\u00e1sicos: <strong>a las 16, en la Bombonera, Boca recibir\u00e1 a River<\/strong>. Y, un d\u00eda m\u00e1s tarde, desde las 9.00 (hora argentina), <strong>se correr\u00e1 un nuevo gran premio de la F\u00f3rmula 1<\/strong>. La cita ser\u00e1 en Singapur (con la clasificaci\u00f3n del d\u00eda anterior) y los argentinos estaremos bien atentos por la presencia del sorprendente <strong>Franco Colapinto en Williams.<\/strong><\/p>\n<\/div>\n<div class=\"custom-text \" readability=\"37\">\n<p>Aprovechando estos dos eventos masivos, en <strong>Ol\u00e9<\/strong> vamos a contarte <strong>lo que sucedi\u00f3 en 1981 con los supercl\u00e1sicos y la F1<\/strong>. \u00bfPor qu\u00e9 la m\u00e1xima categor\u00eda automovil\u00edstica lleg\u00f3 a ser m\u00e1s importante que el tradicional duelo futbol\u00edstico, q<strong>ue tuvo que cambiar de d\u00edas y horarios de disputa por su presencia?<\/strong><\/p>\n<\/div>\n<p><h2><strong>Reutemann y un 1981 que lo tuvo como absoluto protagonista<\/strong><\/h2>\n<\/p>\n<div class=\"custom-text \" readability=\"42\">\n<p><strong>Carlos Reutemann corri\u00f3 en F\u00f3rmula 1 desde 1972 hasta 1982 (146 carreras, 12 triunfos).<\/strong> En el a\u00f1o 81 fue subcampe\u00f3n con Williams. Arrib\u00f3 a la \u00faltima fecha como l\u00edder del certamen de pilotos, <strong>con grandes posibilidades en el recordado GP de Las Vegas, donde termin\u00f3 octavo.<\/strong> No pudo sumar, con problemas mec\u00e1nicos en su veh\u00edculo y perdi\u00f3 el t\u00edtulo, que qued\u00f3 <strong>para el brasile\u00f1o Nelson Piquet (Brabhman) por apenas una unidad de distancia.<\/strong> Lamento total. El triunfo de la carrera f<strong>ue para Alan Jones, compa\u00f1ero de Reutemann. <\/strong>Lo -tristemente- curioso en ese momento fue que el equipo Williams festej\u00f3 la victoria con suma euforia a pesar de la chance perdida de sumar una estrella que se les hab\u00eda escapado con el corredor argentino. Hab\u00eda una clara interna en el medio. <strong>De todas formas, lo de Lole fue m\u00e1s que meritorio.<\/strong><\/p>\n<\/div>\n<div class=\"sc-e7b891c4-0 ifHnQL\"><img alt=\"Reutemann con Piquet en 1981. \" loading=\"lazy\" width=\"720\" height=\"100\" decoding=\"async\" data-nimg=\"1\" src=\"http:\/\/cordobadirecto.com\/wp-content\/uploads\/2024\/09\/historias-cuando-la-formula-1-y-reutemann-modificaron-la-agenda-de-un-boca-vs-river.jpg\"><span class=\"epigraphe\">Reutemann con Piquet en 1981. <\/span><\/div>\n<div class=\"custom-text \" readability=\"52\">\n<p><strong>A lo largo de esa temporada, a partir de la importancia que fue reclutando Reutemann, los argentinos se agruparon a la pantalla de la TV (ya a color, aunque no todos dispon\u00edan de la \u00faltima tecnolog\u00eda en las casas).<\/strong> Un mundo distinto al actual, <strong>sin redes sociales, sin apps ni transmisiones por cable o satelitales. <\/strong>No hab\u00eda internet, a\u00fan faltaba para la globalizaci\u00f3n. Estaban los pocos canales de aire, la hist\u00f3rica radio y, un d\u00eda despu\u00e9s, los diarios de papel -con mayor tirada a la actual- y la revista deportiva El Gr\u00e1fico, entre otras. <strong>Era una de las m\u00e1s tradicionales, sal\u00eda semanalmente los martes y resum\u00eda toda la actividad deportiva de los d\u00edas anteriores<\/strong>. De vez en cuando, alg\u00fan partido de la fecha local era transmitido por tev\u00e9 abierta. La excepci\u00f3n, generalmente, era cuando un equipo argentino jugaba en la Libertadores, que lo pasaban en vivo o a veces en diferido. Reci\u00e9n en 1983 <strong>llegar\u00eda el famoso programa Todos los Goles -por Canal 9- <\/strong>con res\u00famenes de los encuentros de la fecha local. <strong>El antecesor de F\u00fatbol de Primera, un tiempito despu\u00e9s (ya con la inclusi\u00f3n de un partido estelar con m\u00e1s minutos), y los encuentros codificados -pagos- en los noventa.<\/strong><\/p>\n<\/div>\n<div class=\"custom-text \" readability=\"44\">\n<p>Eso s\u00ed, como ocurr\u00eda con las m\u00edticas peleas de boxeo o encuentros de la Selecci\u00f3n,<strong> las carreras de F1 eran transmitidas por ATC en vivo (la actual TV P\u00fablica, que se hab\u00eda aggiornado para el Mundial de 1978)<\/strong> y por sus respectivas repetidoras a lo largo del pa\u00eds (a veces en diferido, seg\u00fan el caso) y aglutinaban a una cantidad enorme de espectadores. Seg\u00fan publicaciones de la \u00e9poca, <strong>en promedio, casi 10 millones de personas (de los por entonces 27 millones de habitantes)<\/strong> se prend\u00edan por televisi\u00f3n para seguir atentos al Lole. <strong>Y, por tal motivo, ese fen\u00f3meno oblig\u00f3 en un momento a cambiar d\u00edas y horarios del circo m\u00e1ximo del f\u00fatbol argentino. S\u00ed, pudo m\u00e1s que un River vs. Boca o un Boca vs. River.<\/strong><\/p>\n<\/div>\n<p><h2><strong>El primer cambio<\/strong><\/h2>\n<\/p>\n<div class=\"custom-text \" readability=\"40\">\n<p><strong>El domingo 12 de abril se corri\u00f3 la tercera fecha del Mundial de la F1.<\/strong> La cita fue en el aut\u00f3dromo de Buenos Aires. Ese mismo fin de semana, Boca, ya con Diego Maradona entre sus filas, y River deb\u00edan jugar por la fecha 10 del Metropolitano. <strong>Por tal motivo, en un d\u00eda poco habitual, el S\u00faper se mud\u00f3 al viernes 10 por la noche para que ambos espect\u00e1culos pudieran ser disfrutados en su totalidad y no se superpusieran. <\/strong>La noche del recordado 3-0 del Xeneize en la Bombonera con el doblete de Miguel \u00c1ngel Brindisi y el recordado tanto de Maradona desparramando al Pato Fillol y al Conejo Tarantini.<\/p>\n<\/div>\n<div type=\"embed\" class=\"sc-3f46f5ae-0 djVTgz\">\n<div class=\"sc-3f46f5ae-1 fTjZec videoText\" id=\"contentTitleembed7BUHydjJ\" type=\"embed\"><svg fill=\"#ffffff\"><symbol id=\"play\" viewBox=\"0 0 512 512\"><path d=\"M512 256C512 397.4 397.4 512 256 512C114.6 512 0 397.4 0 256C0 114.6 114.6 0 256 0C397.4 0 512 114.6 512 256zM176 168V344C176 352.7 180.7 360.7 188.3 364.9C195.8 369.2 205.1 369 212.5 364.5L356.5 276.5C363.6 272.1 368 264.4 368 256C368 247.6 363.6 239.9 356.5 235.5L212.5 147.5C205.1 142.1 195.8 142.8 188.3 147.1C180.7 151.3 176 159.3 176 168V168z\" \/><\/symbol><use xlink:href=\"#play\" \/><\/svg><\/p>\n<div class=\"right\">\n<p>Maradona<!-- --> &#8211;<!-- --> <span>&nbsp;<\/span><\/p>\n<h2 class=\"title-vid\">Diego desparram\u00f3 a Fillol en 1981<\/h2>\n<\/div>\n<\/div>\n<p><span class=\"back\" id=\"spanBackembed7BUHydjJ\"><\/span><\/div>\n<div class=\"sc-e7b891c4-0 ifHnQL\"><img alt=\"Gol del Diego a River en 1981 (El Gr\u00e1fico).\" loading=\"lazy\" width=\"720\" height=\"100\" decoding=\"async\" data-nimg=\"1\" src=\"http:\/\/cordobadirecto.com\/wp-content\/uploads\/2024\/09\/historias-cuando-la-formula-1-y-reutemann-modificaron-la-agenda-de-un-boca-vs-river-1.jpg\"><span class=\"epigraphe\">Gol del Diego a River en 1981 (El Gr\u00e1fico).<\/span><\/div>\n<div class=\"sc-e7b891c4-0 ifHnQL\"><img alt=\"River vs. Boca (1981, El Gr\u00e1fico).\" loading=\"lazy\" width=\"720\" height=\"100\" decoding=\"async\" data-nimg=\"1\" src=\"http:\/\/cordobadirecto.com\/wp-content\/uploads\/2024\/09\/historias-cuando-la-formula-1-y-reutemann-modificaron-la-agenda-de-un-boca-vs-river-2.jpg\"><span class=\"epigraphe\">River vs. Boca (1981, El Gr\u00e1fico).<\/span><\/div>\n<div class=\"custom-text \" readability=\"38\">\n<p><strong>Un extracto del Editorial de El Gr\u00e1fico se\u00f1al\u00f3 en ese entonces:<\/strong> &#8220;Boca-River se anticiparon a jugar el viernes 10 de abril a las 9.30 de la noche porque el partido coincid\u00eda con el Gran Premio de la Rep\u00fablica Argentina programado para el domingo 12 a las 13 horas. No fue un problema de seguridad planteado por la Polic\u00eda Federal (&#8230;). Fue el acontecimiento a una sugerencia municipal inspirada, obviamente, en no sobreponer grandes acontecimientos para no dividir -acaso- a la concurrencia. Sin embargo, muy pronto NO HAB\u00cdA M\u00c1S ENTRADAS NI PARA EL PARTIDO NI PARA LA CARRERA&#8221;.<\/p>\n<\/div>\n<div class=\"sc-e7b891c4-0 ifHnQL\"><img alt=\"Tapas de Clar\u00edn de 12 y 13 de abril.\" loading=\"lazy\" width=\"720\" height=\"100\" decoding=\"async\" data-nimg=\"1\" src=\"http:\/\/cordobadirecto.com\/wp-content\/uploads\/2024\/09\/historias-cuando-la-formula-1-y-reutemann-modificaron-la-agenda-de-un-boca-vs-river-3.jpg\"><span class=\"epigraphe\">Tapas de Clar\u00edn de 12 y 13 de abril.<\/span><\/div>\n<div type=\"embed\" class=\"sc-3f46f5ae-0 djVTgz\">\n<div class=\"sc-3f46f5ae-1 fTjZec videoText\" id=\"contentTitleembedBlSLk0Ln\" type=\"embed\"><svg fill=\"#ffffff\"><symbol id=\"play\" viewBox=\"0 0 512 512\"><path d=\"M512 256C512 397.4 397.4 512 256 512C114.6 512 0 397.4 0 256C0 114.6 114.6 0 256 0C397.4 0 512 114.6 512 256zM176 168V344C176 352.7 180.7 360.7 188.3 364.9C195.8 369.2 205.1 369 212.5 364.5L356.5 276.5C363.6 272.1 368 264.4 368 256C368 247.6 363.6 239.9 356.5 235.5L212.5 147.5C205.1 142.1 195.8 142.8 188.3 147.1C180.7 151.3 176 159.3 176 168V168z\" \/><\/symbol><use xlink:href=\"#play\" \/><\/svg><\/p>\n<div class=\"right\">\n<p>F\u00f3rmula 1<!-- --> &#8211;<!-- --> <span>&nbsp;<\/span><\/p>\n<h2 class=\"title-vid\">El resumen de Reutemann en el GP de Argentina de 1981<\/h2>\n<\/div>\n<\/div>\n<p><span class=\"back\" id=\"spanBackembedBlSLk0Ln\"><\/span><\/div>\n<div class=\"sc-e7b891c4-0 ifHnQL\"><img alt=\"Tapas de Clar\u00edn de 12 y 13 de abril.\" loading=\"lazy\" width=\"720\" height=\"100\" decoding=\"async\" data-nimg=\"1\" src=\"http:\/\/cordobadirecto.com\/wp-content\/uploads\/2024\/09\/historias-cuando-la-formula-1-y-reutemann-modificaron-la-agenda-de-un-boca-vs-river-4.jpg\"><span class=\"epigraphe\">Tapas de Clar\u00edn de 12 y 13 de abril.<\/span><\/div>\n<div class=\"sc-e7b891c4-0 ifHnQL\"><img alt=\"El Gr\u00e1fico tras el 3-0 de Boca y el GP de Argentina.\" loading=\"lazy\" width=\"720\" height=\"100\" decoding=\"async\" data-nimg=\"1\" src=\"http:\/\/cordobadirecto.com\/wp-content\/uploads\/2024\/09\/historias-cuando-la-formula-1-y-reutemann-modificaron-la-agenda-de-un-boca-vs-river-5.jpg\"><span class=\"epigraphe\">El Gr\u00e1fico tras el 3-0 de Boca y el GP de Argentina.<\/span><\/div>\n<div class=\"sc-e7b891c4-0 ifHnQL\"><img alt=\"El Gr\u00e1fico de 1981.\" loading=\"lazy\" width=\"720\" height=\"100\" decoding=\"async\" data-nimg=\"1\" src=\"http:\/\/cordobadirecto.com\/wp-content\/uploads\/2024\/09\/historias-cuando-la-formula-1-y-reutemann-modificaron-la-agenda-de-un-boca-vs-river-6.jpg\"><span class=\"epigraphe\">El Gr\u00e1fico de 1981.<\/span><\/div>\n<div class=\"custom-text \" readability=\"37\">\n<p>Ya durante el domingo, en un aut\u00f3dromo metropolitano lleno, <strong>el brasile\u00f1o Piquet se adjudic\u00f3 el GP de Argentina, con Reutemann (que hab\u00eda largado cuarto) en segundo lugar y l\u00edder del torneo en tres carreras<\/strong>. Fiesta total para todos. <\/p>\n<\/div>\n<p><h2><strong>Los dos eventos en un mismo d\u00eda, sin pisarse en este caso&#8230;<\/strong><\/h2>\n<\/p>\n<div class=\"custom-text \" readability=\"47\">\n<p><strong>El 5 de julio, en diferentes horarios, la F1 y el S\u00faper coincidieron en el mismo d\u00eda. <\/strong>Primero, en el deporte motor, la cita se dio en Francia, donde Reutemann, seguido otra vez por millones desde este rinc\u00f3n del mundo, <strong>culmin\u00f3 d\u00e9cimo con su Williams.<\/strong> Pese a no sumar, continu\u00f3 en lo m\u00e1s alto del certamen. La carrera fue ganada <strong>por el joven local Alain Prost (luego cuatro veces campe\u00f3n del mundo) con Renault.<\/strong> Y, un rato m\u00e1s tarde, <strong>River recibi\u00f3 a Boca en el Monumental por la fecha 27 del Metropolitano. Empate 1-1 con goles de Maradona y el Matador Kempes,<\/strong> la gran figura que hab\u00eda incorporado el Millo luego de no poder cerrar a Diego. Fechas despu\u00e9s, los dirigidos por Silvio Marzolini ganar\u00edan el t\u00edtulo.<\/p>\n<\/div>\n<div type=\"embed\" class=\"sc-3f46f5ae-0 djVTgz\">\n<div class=\"sc-3f46f5ae-1 fTjZec videoText\" id=\"contentTitleembedOBtm8779\" type=\"embed\"><svg fill=\"#ffffff\"><symbol id=\"play\" viewBox=\"0 0 512 512\"><path d=\"M512 256C512 397.4 397.4 512 256 512C114.6 512 0 397.4 0 256C0 114.6 114.6 0 256 0C397.4 0 512 114.6 512 256zM176 168V344C176 352.7 180.7 360.7 188.3 364.9C195.8 369.2 205.1 369 212.5 364.5L356.5 276.5C363.6 272.1 368 264.4 368 256C368 247.6 363.6 239.9 356.5 235.5L212.5 147.5C205.1 142.1 195.8 142.8 188.3 147.1C180.7 151.3 176 159.3 176 168V168z\" \/><\/symbol><use xlink:href=\"#play\" \/><\/svg><\/p>\n<div class=\"right\">\n<p>River Plate<!-- --> &#8211;<!-- --> <span>&nbsp;<\/span><\/p>\n<h2 class=\"title-vid\">River 1 &#8211; Boca 1 por la fecha 27 del Metropolitano 1981<\/h2>\n<\/div>\n<\/div>\n<p><span class=\"back\" id=\"spanBackembedOBtm8779\"><\/span><\/div>\n<div class=\"sc-e7b891c4-0 ifHnQL\"><img alt=\"La tapa del 6 de julio.\" loading=\"lazy\" width=\"720\" height=\"100\" decoding=\"async\" data-nimg=\"1\" src=\"http:\/\/cordobadirecto.com\/wp-content\/uploads\/2024\/09\/historias-cuando-la-formula-1-y-reutemann-modificaron-la-agenda-de-un-boca-vs-river-7.jpg\"><span class=\"epigraphe\">La tapa del 6 de julio.<\/span><\/div>\n<div class=\"sc-e7b891c4-0 ifHnQL\"><img alt=\"Reutemann mira un coque de otro piloto (El Gr\u00e1fico). \" loading=\"lazy\" width=\"720\" height=\"100\" decoding=\"async\" data-nimg=\"1\" src=\"http:\/\/cordobadirecto.com\/wp-content\/uploads\/2024\/09\/historias-cuando-la-formula-1-y-reutemann-modificaron-la-agenda-de-un-boca-vs-river-8.jpg\"><span class=\"epigraphe\">Reutemann mira un coque de otro piloto (El Gr\u00e1fico). <\/span><\/div>\n<p><h2><strong>El segundo gran cambio<\/strong><\/h2>\n<\/p>\n<div class=\"custom-text \" readability=\"41\">\n<p><strong>Meses despu\u00e9s, los caminos se volvieron a cruzar y se dio un hecho otra vez llamativo. <\/strong>El domingo 27 de septiembre se jug\u00f3<strong> el Boca vs. River en un horario inhabitual: a las 10.30 de la ma\u00f1ana en la Bombonera<\/strong>. Ante la importancia de la F1 en el pa\u00eds, con Reutemann peleando el torneo y con chances de ser campe\u00f3n ese d\u00eda, se decidi\u00f3 <strong>que el S\u00faper se jugara bien temprano para que luego, desde las 15.15, la atenci\u00f3n pasara al santafesino en el GP de Canad\u00e1<\/strong>, ante\u00faltimo de la temporada. Los eventos no se pisaron. <\/p>\n<\/div>\n<div class=\"sc-e7b891c4-0 ifHnQL\"><img alt=\"La tapa del 27 de septiembre de 1981.\" loading=\"lazy\" width=\"720\" height=\"100\" decoding=\"async\" data-nimg=\"1\" src=\"http:\/\/cordobadirecto.com\/wp-content\/uploads\/2024\/09\/historias-cuando-la-formula-1-y-reutemann-modificaron-la-agenda-de-un-boca-vs-river-9.jpg\"><span class=\"epigraphe\">La tapa del 27 de septiembre de 1981.<\/span><\/div>\n<div class=\"sc-e7b891c4-0 ifHnQL\"><img alt=\"River vs. Boca (1981, El Gr\u00e1fico).\" loading=\"lazy\" width=\"720\" height=\"100\" decoding=\"async\" data-nimg=\"1\" src=\"http:\/\/cordobadirecto.com\/wp-content\/uploads\/2024\/09\/historias-cuando-la-formula-1-y-reutemann-modificaron-la-agenda-de-un-boca-vs-river-10.jpg\"><span class=\"epigraphe\">River vs. Boca (1981, El Gr\u00e1fico).<\/span><\/div>\n<div class=\"custom-text \" readability=\"38\">\n<p>Por la tercera fecha (Interzonal) del Nacional, <strong>el Boca de Marzolini y Maradona cay\u00f3 por 3-2 ante el River de Di St\u00e9fano, campe\u00f3n posteriormente<\/strong>. Kempes, Passarella y Garc\u00eda anotaron para el visitante, Diego y Gareca para el due\u00f1o de casa. <\/p>\n<\/div>\n<div class=\"sc-e7b891c4-0 ifHnQL\"><img alt=\"River vs. Boca (1981, El Gr\u00e1fico).\" loading=\"lazy\" width=\"720\" height=\"100\" decoding=\"async\" data-nimg=\"1\" src=\"http:\/\/cordobadirecto.com\/wp-content\/uploads\/2024\/09\/historias-cuando-la-formula-1-y-reutemann-modificaron-la-agenda-de-un-boca-vs-river-11.jpg\"><span class=\"epigraphe\">River vs. Boca (1981, El Gr\u00e1fico).<\/span><\/div>\n<div type=\"embed\" class=\"sc-3f46f5ae-0 djVTgz\">\n<div class=\"sc-3f46f5ae-1 fTjZec videoText\" id=\"contentTitleembedITuWXW74\" type=\"embed\"><svg fill=\"#ffffff\"><symbol id=\"play\" viewBox=\"0 0 512 512\"><path d=\"M512 256C512 397.4 397.4 512 256 512C114.6 512 0 397.4 0 256C0 114.6 114.6 0 256 0C397.4 0 512 114.6 512 256zM176 168V344C176 352.7 180.7 360.7 188.3 364.9C195.8 369.2 205.1 369 212.5 364.5L356.5 276.5C363.6 272.1 368 264.4 368 256C368 247.6 363.6 239.9 356.5 235.5L212.5 147.5C205.1 142.1 195.8 142.8 188.3 147.1C180.7 151.3 176 159.3 176 168V168z\" \/><\/symbol><use xlink:href=\"#play\" \/><\/svg><\/p>\n<div class=\"right\">\n<p>River Plate<!-- --> &#8211;<!-- --> <span>&nbsp;<\/span><\/p>\n<h2 class=\"title-vid\">Boca 2 &#8211; River 3 por el Nacional de 1981<\/h2>\n<\/div>\n<\/div>\n<p><span class=\"back\" id=\"spanBackembedITuWXW74\"><\/span><\/div>\n<div class=\"sc-e7b891c4-0 ifHnQL\"><img alt=\"El Gr\u00e1fico tras el 3-2 de River sobre Boca en 1981. \" loading=\"lazy\" width=\"720\" height=\"100\" decoding=\"async\" data-nimg=\"1\" src=\"http:\/\/cordobadirecto.com\/wp-content\/uploads\/2024\/09\/historias-cuando-la-formula-1-y-reutemann-modificaron-la-agenda-de-un-boca-vs-river-12.jpg\"><span class=\"epigraphe\">El Gr\u00e1fico tras el 3-2 de River sobre Boca en 1981. <\/span><\/div>\n<div class=\"custom-text \" readability=\"38\">\n<p>Despu\u00e9s del almuerzo y una mini siesta para algunos, la F1 puso primera.<strong> La competencia canadiense fue ganada por el franc\u00e9s Jacques Laffite y el Lole, que no pudo salir campe\u00f3n, termin\u00f3 d\u00e9cimo, arribando a la \u00faltima carrera con apenas un punto de diferencia sobre Piquet en la lucha por el 1. <\/strong><\/p>\n<\/div>\n<div class=\"sc-e7b891c4-0 ifHnQL\"><img alt=\"La tapa del 28 de septiembre de 1981.\" loading=\"lazy\" width=\"720\" height=\"100\" decoding=\"async\" data-nimg=\"1\" src=\"http:\/\/cordobadirecto.com\/wp-content\/uploads\/2024\/09\/historias-cuando-la-formula-1-y-reutemann-modificaron-la-agenda-de-un-boca-vs-river-13.jpg\"><span class=\"epigraphe\">La tapa del 28 de septiembre de 1981.<\/span><\/div>\n<div class=\"sc-e7b891c4-0 ifHnQL\"><img alt=\"Lole bajo la lluvia en Canad\u00e1 (El Gr\u00e1fico). \" loading=\"lazy\" width=\"720\" height=\"100\" decoding=\"async\" data-nimg=\"1\" src=\"http:\/\/cordobadirecto.com\/wp-content\/uploads\/2024\/09\/historias-cuando-la-formula-1-y-reutemann-modificaron-la-agenda-de-un-boca-vs-river-14.jpg\"><span class=\"epigraphe\">Lole bajo la lluvia en Canad\u00e1 (El Gr\u00e1fico). <\/span><\/div>\n<div class=\"sc-e7b891c4-0 ifHnQL\"><img alt=\"Reutemann en 1981.\" loading=\"lazy\" width=\"720\" height=\"100\" decoding=\"async\" data-nimg=\"1\" src=\"http:\/\/cordobadirecto.com\/wp-content\/uploads\/2024\/09\/historias-cuando-la-formula-1-y-reutemann-modificaron-la-agenda-de-un-boca-vs-river-15.jpg\"><span class=\"epigraphe\">Reutemann en 1981.<\/span><\/div>\n<div type=\"embed\" class=\"sc-3f46f5ae-0 djVTgz\">\n<div class=\"sc-3f46f5ae-1 fTjZec videoText\" id=\"contentTitleembed86uJWpgK\" type=\"embed\"><svg fill=\"#ffffff\"><symbol id=\"play\" viewBox=\"0 0 512 512\"><path d=\"M512 256C512 397.4 397.4 512 256 512C114.6 512 0 397.4 0 256C0 114.6 114.6 0 256 0C397.4 0 512 114.6 512 256zM176 168V344C176 352.7 180.7 360.7 188.3 364.9C195.8 369.2 205.1 369 212.5 364.5L356.5 276.5C363.6 272.1 368 264.4 368 256C368 247.6 363.6 239.9 356.5 235.5L212.5 147.5C205.1 142.1 195.8 142.8 188.3 147.1C180.7 151.3 176 159.3 176 168V168z\" \/><\/symbol><use xlink:href=\"#play\" \/><\/svg><\/p>\n<div class=\"right\">\n<p>Carlos Reutemann<!-- --> &#8211;<!-- --> <span>&nbsp;<\/span><\/p>\n<h2 class=\"title-vid\">El recuerdo de Reutemann de la F1<\/h2>\n<\/div>\n<\/div>\n<p><span class=\"back\" id=\"spanBackembed86uJWpgK\"><\/span><\/div>\n<div class=\"sc-a7166897-0 eoLsBE\" readability=\"7\">\n<section readability=\"4\"><picture><img alt=\"F\u00f3rmula 1 de Singapur, m\u00e1s dif\u00edcil para Franco Colapinto: de noche y pron\u00f3stico de tormentas\" loading=\"lazy\" width=\"290\" height=\"290\" decoding=\"async\" data-nimg=\"1\" src=\"http:\/\/cordobadirecto.com\/wp-content\/uploads\/2024\/09\/historias-cuando-la-formula-1-y-reutemann-modificaron-la-agenda-de-un-boca-vs-river-16.jpg\"><\/picture>\n<p><span>Mir\u00e1 tambi\u00e9n<\/span><\/p>\n<hr>\n<h3>F\u00f3rmula 1 de Singapur, m\u00e1s dif\u00edcil para Franco Colapinto: de noche y pron\u00f3stico de tormentas<\/h3>\n<\/p>\n<\/section>\n<\/div>\n<div class=\"sc-a7166897-0 eoLsBE\" readability=\"6.5\">\n<section readability=\"3\"><picture><img alt=\"Qu\u00e9 dijo Franco Colapinto sobre la &quot;exigente&quot; pista de Singapur de F\u00f3rmula 1 y sus desaf\u00edos\" loading=\"lazy\" width=\"290\" height=\"290\" decoding=\"async\" data-nimg=\"1\" src=\"http:\/\/cordobadirecto.com\/wp-content\/uploads\/2024\/09\/historias-cuando-la-formula-1-y-reutemann-modificaron-la-agenda-de-un-boca-vs-river-17.jpg\"><\/picture>\n<p><span>Mir\u00e1 tambi\u00e9n<\/span><\/p>\n<hr>\n<h3>Qu\u00e9 dijo Franco Colapinto sobre la &#8220;exigente&#8221; pista de Singapur de F\u00f3rmula 1 y sus desaf\u00edos<\/h3>\n<\/p>\n<\/section>\n<\/div>\n<div class=\"custom-text \" readability=\"37\">\n<p><strong>Finalmente, lo contado m\u00e1s arriba. <\/strong>Reutemann no pudo coronarse en ese recordado 1981, cuando lleg\u00f3 a opacar al S\u00faper del f\u00fatbol argentino, ni m\u00e1s ni menos. El a\u00f1o que la F1 y un piloto argentino se llevaron puestos al cl\u00e1sico de cl\u00e1sicos.<\/p>\n<\/div>\n<\/div>\n","protected":false},"excerpt":{"rendered":"<p>19\/09\/2024 09:09hs. Actualizado al 19\/09\/2024 10:22hs. Texto: Maxi Espejo \/ Producci\u00f3n Audiovisual: Camila Corrales \/ Ilustraci\u00f3n: Luciano Canet Semana especial para el f\u00fatbol y deporte argentino. Porque se vendr\u00e1 un finde de S\u00faper acci\u00f3n. Para estar prendido a la TV. Primero, por la fecha 15 de la Liga Profesional, el s\u00e1bado se llevar\u00e1 a cabo [&hellip;]<\/p>\n","protected":false},"author":1,"featured_media":155894,"comment_status":"closed","ping_status":"closed","sticky":false,"template":"","format":"standard","meta":[],"categories":[21],"tags":[],"_links":{"self":[{"href":"http:\/\/cordobadirecto.com\/index.php\/wp-json\/wp\/v2\/posts\/155893"}],"collection":[{"href":"http:\/\/cordobadirecto.com\/index.php\/wp-json\/wp\/v2\/posts"}],"about":[{"href":"http:\/\/cordobadirecto.com\/index.php\/wp-json\/wp\/v2\/types\/post"}],"author":[{"embeddable":true,"href":"http:\/\/cordobadirecto.com\/index.php\/wp-json\/wp\/v2\/users\/1"}],"replies":[{"embeddable":true,"href":"http:\/\/cordobadirecto.com\/index.php\/wp-json\/wp\/v2\/comments?post=155893"}],"version-history":[{"count":0,"href":"http:\/\/cordobadirecto.com\/index.php\/wp-json\/wp\/v2\/posts\/155893\/revisions"}],"wp:featuredmedia":[{"embeddable":true,"href":"http:\/\/cordobadirecto.com\/index.php\/wp-json\/wp\/v2\/media\/155894"}],"wp:attachment":[{"href":"http:\/\/cordobadirecto.com\/index.php\/wp-json\/wp\/v2\/media?parent=155893"}],"wp:term":[{"taxonomy":"category","embeddable":true,"href":"http:\/\/cordobadirecto.com\/index.php\/wp-json\/wp\/v2\/categories?post=155893"},{"taxonomy":"post_tag","embeddable":true,"href":"http:\/\/cordobadirecto.com\/index.php\/wp-json\/wp\/v2\/tags?post=155893"}],"curies":[{"name":"wp","href":"https:\/\/api.w.org\/{rel}","templated":true}]}}