{"id":155916,"date":"2024-09-20T08:41:23","date_gmt":"2024-09-20T08:41:23","guid":{"rendered":"http:\/\/cordobadirecto.com\/index.php\/2024\/09\/20\/alarma-y-evacuados-en-cordoba-por-nuevos-focos-de-incendio-diario-el-dia-de-la-plata\/"},"modified":"2024-09-20T08:41:23","modified_gmt":"2024-09-20T08:41:23","slug":"alarma-y-evacuados-en-cordoba-por-nuevos-focos-de-incendio-diario-el-dia-de-la-plata","status":"publish","type":"post","link":"http:\/\/cordobadirecto.com\/index.php\/2024\/09\/20\/alarma-y-evacuados-en-cordoba-por-nuevos-focos-de-incendio-diario-el-dia-de-la-plata\/","title":{"rendered":"Alarma y evacuados en <b>C\u00f3rdoba<\/b> por nuevos focos de incendio &#8211; Diario El D\u00eda de La Plata"},"content":{"rendered":"<p>Las llamas cruzaron las autov\u00edas 38 y 28. Hay preocupaci\u00f3n. En lo que va de 2024, ya se quemaron m\u00e1s de 23.500 hect\u00e1reas. <\/p>\n","protected":false},"excerpt":{"rendered":"<p>Las llamas cruzaron las autov\u00edas 38 y 28. Hay preocupaci\u00f3n. En lo que va de 2024, ya se quemaron m\u00e1s de 23.500 hect\u00e1reas.<\/p>\n","protected":false},"author":1,"featured_media":0,"comment_status":"closed","ping_status":"closed","sticky":false,"template":"","format":"standard","meta":[],"categories":[40],"tags":[],"_links":{"self":[{"href":"http:\/\/cordobadirecto.com\/index.php\/wp-json\/wp\/v2\/posts\/155916"}],"collection":[{"href":"http:\/\/cordobadirecto.com\/index.php\/wp-json\/wp\/v2\/posts"}],"about":[{"href":"http:\/\/cordobadirecto.com\/index.php\/wp-json\/wp\/v2\/types\/post"}],"author":[{"embeddable":true,"href":"http:\/\/cordobadirecto.com\/index.php\/wp-json\/wp\/v2\/users\/1"}],"replies":[{"embeddable":true,"href":"http:\/\/cordobadirecto.com\/index.php\/wp-json\/wp\/v2\/comments?post=155916"}],"version-history":[{"count":0,"href":"http:\/\/cordobadirecto.com\/index.php\/wp-json\/wp\/v2\/posts\/155916\/revisions"}],"wp:attachment":[{"href":"http:\/\/cordobadirecto.com\/index.php\/wp-json\/wp\/v2\/media?parent=155916"}],"wp:term":[{"taxonomy":"category","embeddable":true,"href":"http:\/\/cordobadirecto.com\/index.php\/wp-json\/wp\/v2\/categories?post=155916"},{"taxonomy":"post_tag","embeddable":true,"href":"http:\/\/cordobadirecto.com\/index.php\/wp-json\/wp\/v2\/tags?post=155916"}],"curies":[{"name":"wp","href":"https:\/\/api.w.org\/{rel}","templated":true}]}}