{"id":155935,"date":"2024-09-20T17:11:36","date_gmt":"2024-09-20T17:11:36","guid":{"rendered":"https:\/\/www.ole.com.ar\/futbol-ascenso\/ascenso-primera-nacional-colon-santa-fe-diego-osella-nuevo-dt_0_WQmrCeKzj9.html"},"modified":"2024-09-20T17:11:36","modified_gmt":"2024-09-20T17:11:36","slug":"colon-esta-cerca-de-cerrar-la-vuelta-de-un-viejo-conocido-para-reemplazar-a-de-paoli","status":"publish","type":"post","link":"http:\/\/cordobadirecto.com\/index.php\/2024\/09\/20\/colon-esta-cerca-de-cerrar-la-vuelta-de-un-viejo-conocido-para-reemplazar-a-de-paoli\/","title":{"rendered":"Col\u00f3n est\u00e1 cerca de cerrar la vuelta de un viejo conocido para reemplazar a De Paoli"},"content":{"rendered":"<p><time class=\"createDate\" datetime=\"2024-09-19T18:45:34-03:00\">19\/09\/2024 18:45hs.<\/time><\/p>\n<div id=\"storyBody\">\n<div class=\"custom-text \" readability=\"35.617715617716\">\n<p>A esta hora, el buzo de det\u00e9 con el escudo de <a href=\"https:\/\/www.ole.com.ar\/tema\/colon.html\" title=\"Col\u00f3n\" alt=\"Col\u00f3n\" class=\"slug\">Col\u00f3n de Santa Fe<\/a> en el pecho le pesa a m\u00e1s de uno. El Sabalero est\u00e1 en una situaci\u00f3n delicada a falta de unas pocas fechas para que termine el campeonato, lo que deriv\u00f3 a la salida de dos nombres fuertes en poco tiempo:<strong> <a href=\"https:\/\/www.ole.com.ar\/tema\/ivan-delfino.html\" title=\"Iv\u00e1n Delfino\" alt=\"Iv\u00e1n Delfino\" class=\"slug\">Iv\u00e1n Delfino<\/a> fue desvinculado hace un mes y medio, mientras que <a href=\"https:\/\/www.ole.com.ar\/tema\/rodolfo-de-paoli.html\" title=\"Rodolfo De Paoli\" alt=\"Rodolfo De Paoli\" class=\"slug\">Rodolfo De Paoli<\/a>, su reemplazante, corri\u00f3 con la misma suerte en el comienzo de la semana.<\/strong><\/p>\n<\/div>\n<div class=\"custom-text \" readability=\"36.4\">\n<p>De forma interina se hizo cargo del plantel Martin Minella, que se encontraba trabajando en las divisions inferiores del club, y dirigir\u00e1 el pr\u00f3ximo s\u00e1bado contra<a href=\"https:\/\/www.ole.com.ar\/tema\/almagro.html\" title=\"Almagro\" alt=\"Almagro\" class=\"slug\"> Almagro<\/a> en Tres de Febrero, por la fecha 33 de la <a href=\"https:\/\/www.ole.com.ar\/tema\/primera-nacional.html\" title=\"Primera Nacional\" alt=\"Primera Nacional\" class=\"slug\">Primera Nacional<\/a>. Mientras tanto, <strong>la Comisi\u00f3n Directiva se movi\u00f3 r\u00e1pido y qued\u00f3 muy cerca de cerrar la llegada de otro det\u00e9. <\/strong><\/p>\n<\/div>\n<div class=\"custom-text \" readability=\"34.981818181818\">\n<p><strong>El apuntado es un conocido de la casa: <a href=\"https:\/\/www.ole.com.ar\/tema\/diego-osella.html\" title=\"Diego Osella\" alt=\"Diego Osella\" class=\"slug\">Diego Osella<\/a><\/strong>, que ya tuvo dos pasos por el conjunto santafesino y viene de dirigir a Chaco For Ever, tambi\u00e9n de la segunda divisi\u00f3n del f\u00fatbol local, donde no tuvo un gran andar. <\/p>\n<\/div>\n<div class=\"sc-e7b891c4-0 ifHnQL\"><img alt=\"Osella es el principal candidato para dirigir Col\u00f3n\" loading=\"lazy\" width=\"720\" height=\"100\" decoding=\"async\" data-nimg=\"1\" src=\"http:\/\/cordobadirecto.com\/wp-content\/uploads\/2024\/09\/colon-esta-cerca-de-cerrar-la-vuelta-de-un-viejo-conocido-para-reemplazar-a-de-paoli.jpg\"><span class=\"epigraphe\">Osella es el principal candidato para dirigir Col\u00f3n<\/span><\/div>\n<div class=\"custom-text \" readability=\"34\">\n<p>Todo parecer\u00eda indicar que el oriundo de Acebal volver\u00e1 a calzarse la pilcha de entrenador tras el choque del fin de semana contra el Tricolor. <strong>Ya hubo contactos entre las partes y restan detalles para que se concrete.<\/strong> El objetivo est\u00e1 muy claro: volver a la Liga Profesional.<\/p>\n<\/div>\n<p><h2><strong>Los dos ciclos anteriores de Diego Osella en Col\u00f3n<\/strong><\/h2>\n<\/p>\n<div class=\"custom-text \" readability=\"37\">\n<p>Hace diez a\u00f1os, el Negro se encontraba en un contexto delicado: la pelea por la permanencia en el <strong>Torneo Final 2014<\/strong>. Y all\u00ed fue cuando la dirigencia<strong> recurri\u00f3 a Diego Osella<\/strong> con la esperanza de que sea el salvador y logre el cometido de mantener la categor\u00eda.<strong> Lleg\u00f3 e hizo un trabajo espect\u00e1cular: 30 puntos en 20 fechas, pero no alcanz\u00f3. El equipo termin\u00f3 perdiendo el desempate vs Rafaela y se fue a la B. <\/strong><\/p>\n<\/div>\n<div class=\"custom-text \" readability=\"38\">\n<p>Sin embargo, por la buena campa\u00f1a que hab\u00eda realizado pese al descenso, sigui\u00f3 en el cargo durante el segundo semestre de dicho a\u00f1o y afront\u00f3 el Torneo de Transici\u00f3n de la Primera Nacional. En ese certamen<strong> cosech\u00f3 31 unidades, finaliz\u00f3 puntero de la Zona A y regres\u00f3 a la \u00e9lite del f\u00fatbol local. <\/strong><\/p>\n<\/div>\n<div class=\"sc-e7b891c4-0 ifHnQL\"><img alt=\"Diego Osella ascendi\u00f3 en 2014 con el Sabalero (El Litorial, Santa Fe)\" loading=\"lazy\" width=\"720\" height=\"100\" decoding=\"async\" data-nimg=\"1\" src=\"http:\/\/cordobadirecto.com\/wp-content\/uploads\/2024\/09\/colon-esta-cerca-de-cerrar-la-vuelta-de-un-viejo-conocido-para-reemplazar-a-de-paoli-1.jpg\"><span class=\"epigraphe\">Diego Osella ascendi\u00f3 en 2014 con el Sabalero (El Litorial, Santa Fe)<\/span><\/div>\n<div class=\"custom-text \" readability=\"38\">\n<p>Tiempo despu\u00e9s,<strong> a comienzos del 2020, volvi\u00f3 a hacerse cargo del primer equipo rojinegro<\/strong> para enderezar el barco en la Superliga. El paso no fue fruct\u00edfero y <strong>dur\u00f3 solamente siete partidos, donde consigui\u00f3 \u00fanicamente dos unidades<\/strong>, producto de dos empates y cinco ca\u00eddas. <\/p>\n<\/div>\n<div class=\"sc-e7b891c4-0 ifHnQL\"><img alt=\"En su segundo paso cosech\u00f3 tan solo dos unidades\" loading=\"lazy\" width=\"720\" height=\"100\" decoding=\"async\" data-nimg=\"1\" src=\"http:\/\/cordobadirecto.com\/wp-content\/uploads\/2024\/09\/colon-esta-cerca-de-cerrar-la-vuelta-de-un-viejo-conocido-para-reemplazar-a-de-paoli-2.jpg\"><span class=\"epigraphe\">En su segundo paso cosech\u00f3 tan solo dos unidades<\/span><\/div>\n<p><h2><strong>El presente del Sabalero y lo que se le viene en la recta final del campeonato<\/strong><\/h2>\n<\/p>\n<div class=\"custom-text \" readability=\"40\">\n<p>No son semanas f\u00e1ciles en Santa Fe.<strong> Col\u00f3n est\u00e1 en el octavo lugar de la zona B de la Primera Nacional, con 49 unidades, a seis de Nueva Chicago, el puntero.<\/strong> Es el segundo equipo que menos puntos sum\u00f3 en la segunda ronda del torneo y<strong> gan\u00f3 tan solo tres de los \u00faltimos 14 partidos.<\/strong> A su vez, el fixture marca que en la recta final, el Sabalero deber\u00e1 enfrentar a:<\/p>\n<\/div>\n<div class=\"custom-text \">\n<ul>\n<li>Almagro en Tres de Febrero, por la fecha 33. <\/li>\n<li>Defensores de Belgrano en condici\u00f3n de local, por la fecha 34.<\/li>\n<li>Chaco For Ever como visitante, por la fecha 35. <\/li>\n<li>San Telmo en el Cementerio de los Elefantes, por la fecha 36. <\/li>\n<li>Atl\u00e9tico de Rafaela en el Monumental, por la fecha 37. <\/li>\n<li>Deportivo Madryn en Santa Fe, por la fecha 38. <\/li>\n<\/ul>\n<\/div>\n<div class=\"sc-a7166897-0 eoLsBE\" readability=\"7\">\n<section readability=\"4\"><picture><img alt=\"Se fue a su cl\u00e1sico rival, hizo el gol de la clasificaci\u00f3n y sue\u00f1a con salvarse del descenso \" loading=\"lazy\" width=\"290\" height=\"290\" decoding=\"async\" data-nimg=\"1\" src=\"http:\/\/cordobadirecto.com\/wp-content\/uploads\/2024\/09\/colon-esta-cerca-de-cerrar-la-vuelta-de-un-viejo-conocido-para-reemplazar-a-de-paoli-3.jpg\"><\/picture>\n<p><span>Mir\u00e1 tambi\u00e9n<\/span><\/p>\n<hr>\n<h3>Se fue a su cl\u00e1sico rival, hizo el gol de la clasificaci\u00f3n y sue\u00f1a con salvarse del descenso<br \/>\n<\/h3>\n<\/p>\n<\/section>\n<\/div>\n<div class=\"sc-a7166897-0 eoLsBE\" readability=\"6\">\n<section readability=\"2\"><picture><img alt=\"El operativo de seguridad para Boca-River: a qu\u00e9 hora abre la Bombonera\" loading=\"lazy\" width=\"290\" height=\"290\" decoding=\"async\" data-nimg=\"1\" src=\"http:\/\/cordobadirecto.com\/wp-content\/uploads\/2024\/09\/colon-esta-cerca-de-cerrar-la-vuelta-de-un-viejo-conocido-para-reemplazar-a-de-paoli-4.jpg\"><\/picture>\n<p><span>Mir\u00e1 tambi\u00e9n<\/span><\/p>\n<hr>\n<h3>El operativo de seguridad para Boca-River: a qu\u00e9 hora abre la Bombonera<\/h3>\n<\/p>\n<\/section>\n<\/div>\n<div class=\"sc-a7166897-0 eoLsBE\" readability=\"7\">\n<section readability=\"4\"><picture><img alt=\"Con cuatro argentinos, el Atl\u00e9tico de Madrid lo dio vuelta y le gan\u00f3 2 a 1 al Leipzig \" loading=\"lazy\" width=\"290\" height=\"290\" decoding=\"async\" data-nimg=\"1\" src=\"http:\/\/cordobadirecto.com\/wp-content\/uploads\/2024\/09\/colon-esta-cerca-de-cerrar-la-vuelta-de-un-viejo-conocido-para-reemplazar-a-de-paoli-5.jpg\"><\/picture>\n<p><span>Mir\u00e1 tambi\u00e9n<\/span><\/p>\n<hr>\n<h3>Con cuatro argentinos, el Atl\u00e9tico de Madrid lo dio vuelta y le gan\u00f3 2 a 1 al Leipzig<br \/>\n<\/h3>\n<\/p>\n<\/section>\n<\/div>\n<div class=\"sc-a7166897-0 eoLsBE\" readability=\"6\">\n<section readability=\"2\"><picture><img alt=\"Empez\u00f3 la nueva Champions: el uno por uno de los 16 argentinos en la primera fecha\" loading=\"lazy\" width=\"290\" height=\"290\" decoding=\"async\" data-nimg=\"1\" src=\"http:\/\/cordobadirecto.com\/wp-content\/uploads\/2024\/09\/colon-esta-cerca-de-cerrar-la-vuelta-de-un-viejo-conocido-para-reemplazar-a-de-paoli-6.jpg\"><\/picture>\n<p><span>Mir\u00e1 tambi\u00e9n<\/span><\/p>\n<hr>\n<h3>Empez\u00f3 la nueva Champions: el uno por uno de los 16 argentinos en la primera fecha<\/h3>\n<\/p>\n<\/section>\n<\/div>\n<\/div>\n","protected":false},"excerpt":{"rendered":"<p>19\/09\/2024 18:45hs. A esta hora, el buzo de det\u00e9 con el escudo de Col\u00f3n de Santa Fe en el pecho le pesa a m\u00e1s de uno. El Sabalero est\u00e1 en una situaci\u00f3n delicada a falta de unas pocas fechas para que termine el campeonato, lo que deriv\u00f3 a la salida de dos nombres fuertes en [&hellip;]<\/p>\n","protected":false},"author":1,"featured_media":155936,"comment_status":"closed","ping_status":"closed","sticky":false,"template":"","format":"standard","meta":[],"categories":[21],"tags":[],"_links":{"self":[{"href":"http:\/\/cordobadirecto.com\/index.php\/wp-json\/wp\/v2\/posts\/155935"}],"collection":[{"href":"http:\/\/cordobadirecto.com\/index.php\/wp-json\/wp\/v2\/posts"}],"about":[{"href":"http:\/\/cordobadirecto.com\/index.php\/wp-json\/wp\/v2\/types\/post"}],"author":[{"embeddable":true,"href":"http:\/\/cordobadirecto.com\/index.php\/wp-json\/wp\/v2\/users\/1"}],"replies":[{"embeddable":true,"href":"http:\/\/cordobadirecto.com\/index.php\/wp-json\/wp\/v2\/comments?post=155935"}],"version-history":[{"count":0,"href":"http:\/\/cordobadirecto.com\/index.php\/wp-json\/wp\/v2\/posts\/155935\/revisions"}],"wp:featuredmedia":[{"embeddable":true,"href":"http:\/\/cordobadirecto.com\/index.php\/wp-json\/wp\/v2\/media\/155936"}],"wp:attachment":[{"href":"http:\/\/cordobadirecto.com\/index.php\/wp-json\/wp\/v2\/media?parent=155935"}],"wp:term":[{"taxonomy":"category","embeddable":true,"href":"http:\/\/cordobadirecto.com\/index.php\/wp-json\/wp\/v2\/categories?post=155935"},{"taxonomy":"post_tag","embeddable":true,"href":"http:\/\/cordobadirecto.com\/index.php\/wp-json\/wp\/v2\/tags?post=155935"}],"curies":[{"name":"wp","href":"https:\/\/api.w.org\/{rel}","templated":true}]}}