{"id":155941,"date":"2024-09-20T21:21:15","date_gmt":"2024-09-20T21:21:15","guid":{"rendered":"https:\/\/puntoapunto.com.ar\/?p=365308"},"modified":"2024-09-20T21:21:15","modified_gmt":"2024-09-20T21:21:15","slug":"creamos-futuro-jovenes-empresarios-debaten-sobre-innovacion-y-liderazgo-en-la-era-digital","status":"publish","type":"post","link":"http:\/\/cordobadirecto.com\/index.php\/2024\/09\/20\/creamos-futuro-jovenes-empresarios-debaten-sobre-innovacion-y-liderazgo-en-la-era-digital\/","title":{"rendered":"Creamos Futuro: j\u00f3venes empresarios debaten sobre innovaci\u00f3n y liderazgo en la era digital"},"content":{"rendered":"<div><img src=\"http:\/\/cordobadirecto.com\/wp-content\/uploads\/2024\/09\/creamos-futuro-jovenes-empresarios-debaten-sobre-innovacion-y-liderazgo-en-la-era-digital.jpg\" class=\"ff-og-image-inserted\"><\/div>\n<p>El pasado jueves 19 de septiembre, <strong>Evoltis Plaza fue el escenario del primer encuentro del ciclo \u00abCreamos Futuro\u00bb<\/strong>, una iniciativa organizada por<strong> Fundaci\u00f3n C\u00f3rdoba Mejora, C\u00f3rdoba Joven Productiva y AJE, con el respaldo del Observatorio del Futuro de la Universidad Siglo 21.<\/strong><\/p>\n<p>El evento congreg\u00f3 a una numerosa audiencia de j\u00f3venes empresarios, quienes aprovecharon la oportunidad para intercambiar ideas y participar en una jornada cargada de inspiraci\u00f3n, innovaci\u00f3n y aprendizaje. Los ejes centrales de la jornada giraron en torno a la tecnolog\u00eda, el liderazgo y la transformaci\u00f3n en el \u00e1mbito empresarial.<\/p>\n<p>Entre los oradores destacados se encontraba <strong>Fabio Grigorjev, Director de Inteligencia Artificial en Evoltis,<\/strong> quien ofreci\u00f3 una visi\u00f3n profunda sobre el impacto de la inteligencia artificial en las empresas del futuro. Asimismo, Lucas Funes, gerente de transformaci\u00f3n digital de Proaco, comparti\u00f3 su experiencia y present\u00f3 un caso de \u00e9xito, brindando valiosos conocimientos sobre c\u00f3mo innovar en el mundo empresarial y diferenciarse a trav\u00e9s de la tecnolog\u00eda.<\/p>\n<p>El ciclo<strong> \u00abCreamos Futuro\u00bb refleja el compromiso de las instituciones organizadoras con el desarrollo de los j\u00f3venes empresarios de la regi\u00f3n<\/strong>, fomentando el crecimiento, el networking y el acceso a herramientas esenciales para el liderazgo en la era digital.<\/p>\n","protected":false},"excerpt":{"rendered":"<p>El pasado jueves 19 de septiembre, Evoltis Plaza fue el escenario del primer encuentro del ciclo \u00abCreamos Futuro\u00bb, una iniciativa organizada por Fundaci\u00f3n C\u00f3rdoba Mejora, C\u00f3rdoba Joven Productiva y AJE, con el respaldo del Observatorio del Futuro de la Universidad Siglo 21. El evento congreg\u00f3 a una numerosa audiencia de j\u00f3venes empresarios, quienes aprovecharon la [&hellip;]<\/p>\n","protected":false},"author":1,"featured_media":155942,"comment_status":"closed","ping_status":"closed","sticky":false,"template":"","format":"standard","meta":[],"categories":[25],"tags":[],"_links":{"self":[{"href":"http:\/\/cordobadirecto.com\/index.php\/wp-json\/wp\/v2\/posts\/155941"}],"collection":[{"href":"http:\/\/cordobadirecto.com\/index.php\/wp-json\/wp\/v2\/posts"}],"about":[{"href":"http:\/\/cordobadirecto.com\/index.php\/wp-json\/wp\/v2\/types\/post"}],"author":[{"embeddable":true,"href":"http:\/\/cordobadirecto.com\/index.php\/wp-json\/wp\/v2\/users\/1"}],"replies":[{"embeddable":true,"href":"http:\/\/cordobadirecto.com\/index.php\/wp-json\/wp\/v2\/comments?post=155941"}],"version-history":[{"count":0,"href":"http:\/\/cordobadirecto.com\/index.php\/wp-json\/wp\/v2\/posts\/155941\/revisions"}],"wp:featuredmedia":[{"embeddable":true,"href":"http:\/\/cordobadirecto.com\/index.php\/wp-json\/wp\/v2\/media\/155942"}],"wp:attachment":[{"href":"http:\/\/cordobadirecto.com\/index.php\/wp-json\/wp\/v2\/media?parent=155941"}],"wp:term":[{"taxonomy":"category","embeddable":true,"href":"http:\/\/cordobadirecto.com\/index.php\/wp-json\/wp\/v2\/categories?post=155941"},{"taxonomy":"post_tag","embeddable":true,"href":"http:\/\/cordobadirecto.com\/index.php\/wp-json\/wp\/v2\/tags?post=155941"}],"curies":[{"name":"wp","href":"https:\/\/api.w.org\/{rel}","templated":true}]}}