{"id":155954,"date":"2024-09-20T23:01:03","date_gmt":"2024-09-20T23:01:03","guid":{"rendered":"https:\/\/es.digitaltrends.com\/?p=1041011"},"modified":"2024-09-20T23:01:03","modified_gmt":"2024-09-20T23:01:03","slug":"todavia-no-se-estrena-gladiador-2-pero-scott-ya-esta-pensando-en-la-tercera-parte","status":"publish","type":"post","link":"http:\/\/cordobadirecto.com\/index.php\/2024\/09\/20\/todavia-no-se-estrena-gladiador-2-pero-scott-ya-esta-pensando-en-la-tercera-parte\/","title":{"rendered":"Todav\u00eda no se estrena Gladiador 2, pero Scott ya est\u00e1 pensando en la tercera parte"},"content":{"rendered":"<div><img src=\"http:\/\/cordobadirecto.com\/wp-content\/uploads\/2024\/09\/todavia-no-se-estrena-gladiador-2-pero-scott-ya-esta-pensando-en-la-tercera-parte.jpg\" class=\"ff-og-image-inserted\"><\/div>\n<p><span>Faltan cerca de dos meses para el estreno de <a href=\"https:\/\/es.digitaltrends.com\/entretenimiento\/primeras-imagenes-gladiador-2\/\"><i>Gladiator II<\/i><\/a><\/span><span>, la secuela de la exitosa \u00e9pica romana que protagonizaron Russell Crowe y Joaquin Phoenix, pero su director Ridley Scott dice que ya est\u00e1 contemplando algunas ideas para una posible tercera parte.<\/span><\/p>\n<div class=\"dtvideos-container\" data-provider=\"youtube\">\n<div class=\"dtvideos-details h-dtvideos-details-embed\">\n<div class=\"dtvideos-title\">Gladiador II | Tr\u00e1iler oficial (SUBTITULADO) \u2013 Paul Mescal, Pedro Pascal, Denzel Washington<\/div>\n<\/div>\n<\/div>\n<p><span>En una entrevista <a href=\"https:\/\/www.premiere.fr\/Cinema\/News-Cinema\/Ridley-Scott-prepare-deja-Gladiator-3--exclu\" target=\"_blank\" rel=\"noopener\">con la revista <\/a><\/span><i><span>Premiere<\/span><\/i><span>, Scott dijo que el final de <\/span><i><span>Gladiator II <\/span><\/i><span>guarda similitudes con el de <\/span><i><span>The Godfather<\/span><\/i><span>.<\/span><\/p>\n<p><span>\u201cEl final de <\/span><i><span>Gladiator II <\/span><\/i><span>tiene reminiscencias de <\/span><i><span>The Godfather<\/span><\/i><span>, con Michael Corleone hall\u00e1ndose con una tarea que no quer\u00eda y pregunt\u00e1ndose \u2018ahora, padre, \u00bfqu\u00e9 debo hacer?\u2019 As\u00ed que la pr\u00f3xima pel\u00edcula ser\u00e1 de un hombre que no quiere estar donde est\u00e1\u201d, dijo.<\/span><\/p>\n<p><span>Por supuesto que la posibilidad de una tercera parte de la serie depende del \u00e9xito de la secuela, que se estrenar\u00e1 el pr\u00f3ximo 22 de noviembre en Estados Unidos (a M\u00e9xico llegar\u00e1 el 14 de noviembre), y ese \u00e9xito se medir\u00e1 en la recaudaci\u00f3n que logre. La tarea, no obstante, no ser\u00e1 nada sencilla, pues <\/span><i><span>Gladiator II <\/span><\/i><span>tiene un presupuesto que oscila entre los $250 y los $300 millones de d\u00f3lares. Cualquier cifra por debajo ser\u00e1 considerada un desastre de proporciones romanas.<\/span><\/p>\n<p><span>Sin embargo, a juzgar por lo que hemos visto hasta ahora, <\/span><i><span>Gladiator II<\/span><\/i><span> bien valdr\u00e1 la pena.<\/span><\/p>\n<p> <span id=\"publisher-md\" itemprop=\"publisher\" itemscope itemtype=\"https:\/\/schema.org\/Organization\"> <span itemprop=\"url\" itemtype=\"https:\/\/schema.org\/Url\" content=\"https:\/\/es.digitaltrends.com\"> <span itemprop=\"logo\" itemscope itemtype=\"https:\/\/schema.org\/ImageObject\"> <meta itemprop=\"url\" content=\"https:\/\/cdn.dtcn.com\/dt\/dt-logo-small.png\"> <meta itemprop=\"width\" content=\"0\"> <meta itemprop=\"height\" content=\"0\"> <\/span> <meta itemprop=\"name\" content=\"Digital Trends Espa\u00f1ol\"> <\/span> <span itemprop=\"image\" itemscope itemtype=\"https:\/\/schema.org\/ImageObject\"> <meta itemprop=\"url\" content=\"https:\/\/es.digitaltrends.com\/wp-content\/uploads\/2024\/09\/Gladiator-II-Paul-Mescal.jpg?p=1\"> <\/span> <\/span> <\/p>\n","protected":false},"excerpt":{"rendered":"<p>Faltan cerca de dos meses para el estreno de Gladiator II, la secuela de la exitosa \u00e9pica romana que protagonizaron Russell Crowe y Joaquin Phoenix, pero su director Ridley Scott dice que ya est\u00e1 contemplando algunas ideas para una posible tercera parte. Gladiador II | Tr\u00e1iler oficial (SUBTITULADO) \u2013 Paul Mescal, Pedro Pascal, Denzel Washington [&hellip;]<\/p>\n","protected":false},"author":1,"featured_media":155955,"comment_status":"closed","ping_status":"closed","sticky":false,"template":"","format":"standard","meta":[],"categories":[18],"tags":[],"_links":{"self":[{"href":"http:\/\/cordobadirecto.com\/index.php\/wp-json\/wp\/v2\/posts\/155954"}],"collection":[{"href":"http:\/\/cordobadirecto.com\/index.php\/wp-json\/wp\/v2\/posts"}],"about":[{"href":"http:\/\/cordobadirecto.com\/index.php\/wp-json\/wp\/v2\/types\/post"}],"author":[{"embeddable":true,"href":"http:\/\/cordobadirecto.com\/index.php\/wp-json\/wp\/v2\/users\/1"}],"replies":[{"embeddable":true,"href":"http:\/\/cordobadirecto.com\/index.php\/wp-json\/wp\/v2\/comments?post=155954"}],"version-history":[{"count":0,"href":"http:\/\/cordobadirecto.com\/index.php\/wp-json\/wp\/v2\/posts\/155954\/revisions"}],"wp:featuredmedia":[{"embeddable":true,"href":"http:\/\/cordobadirecto.com\/index.php\/wp-json\/wp\/v2\/media\/155955"}],"wp:attachment":[{"href":"http:\/\/cordobadirecto.com\/index.php\/wp-json\/wp\/v2\/media?parent=155954"}],"wp:term":[{"taxonomy":"category","embeddable":true,"href":"http:\/\/cordobadirecto.com\/index.php\/wp-json\/wp\/v2\/categories?post=155954"},{"taxonomy":"post_tag","embeddable":true,"href":"http:\/\/cordobadirecto.com\/index.php\/wp-json\/wp\/v2\/tags?post=155954"}],"curies":[{"name":"wp","href":"https:\/\/api.w.org\/{rel}","templated":true}]}}