{"id":156043,"date":"2024-09-23T04:37:03","date_gmt":"2024-09-23T04:37:03","guid":{"rendered":"https:\/\/puntoapunto.com.ar\/?p=365334"},"modified":"2024-09-23T04:37:03","modified_gmt":"2024-09-23T04:37:03","slug":"nacion-ya-ajusto-como-es-el-recorte-que-estan-haciendo-las-provincias","status":"publish","type":"post","link":"http:\/\/cordobadirecto.com\/index.php\/2024\/09\/23\/nacion-ya-ajusto-como-es-el-recorte-que-estan-haciendo-las-provincias\/","title":{"rendered":"Naci\u00f3n ya ajust\u00f3: c\u00f3mo es el recorte que est\u00e1n haciendo las provincias"},"content":{"rendered":"<div class=\"g g-36\">\n<div class=\"g-dyn a-29 c-1\"><a class=\"gofollow\" data-track=\"MjksMzYsMSw2MA==\" href=\"https:\/\/www.harmoniechateau.com.ar\/\" target=\"_blank\" rel=\"noopener\"><img src=\"http:\/\/cordobadirecto.com\/wp-content\/uploads\/2024\/09\/nacion-ya-ajusto-como-es-el-recorte-que-estan-haciendo-las-provincias.gif\" loading=\"lazy\"><\/a><\/div>\n<\/div>\n<p>&nbsp;\n<\/p>\n<p>La semana pasada y en el marco de su discurso para presentar el Presupuesto 2025 el presidente de la Naci\u00f3n, Javier Milei, dispar\u00f3 un duro escenario para las provincias. A los gobernadores les marc\u00f3 que ellos tambi\u00e9n deber\u00edan ponerse a trabajar para bajar la presi\u00f3n fiscal y sorprendi\u00f3 con el n\u00famero del ajuste que, seg\u00fan \u00e9l, deber\u00edan hacer las provincias: unos US$60.000 millones. Como muchos de los n\u00fameros que presenta Milei, luego comienza a correrse la espuma y quedan los valores m\u00e1s acordes a la realidad. en este caso, desde el propio espacio de La Libertad Avanza, el diputado y economista Jos\u00e9 Luis Espert esboz\u00f3 que el ajuste de los subsoberanos estar\u00eda m\u00e1s cerca de los US$20.000 millones.\n<\/p>\n<p>En la semana los an\u00e1lisis siguieron y las posiciones se fueron acomodando. \u201cMilei sobreestima las proyecciones buenas y subestima las malas. Y cuando pide esfuerzo a las provincias es un jueguito para el Fondo Monetario Internacional, porque la metodolog\u00eda que siempre tuvo el Fondo para los ajustes fiscales en las cartas de intenci\u00f3n ha sido el ajuste en las provincias. Y no entiendo por qu\u00e9 tienen que hacer tanto ajuste si la mayor\u00eda de las provincias tienen que equilibrio o super\u00e1vit\u201d, remarc\u00f3 el economista Jos\u00e9 Mar\u00eda Rinaldi.\n<\/p>\n<p>En la misma l\u00ednea se explay\u00f3 el exministro de Econom\u00eda de C\u00f3rdoba y actual presidente del Ieral de la Fundaci\u00f3n Mediterr\u00e1nea, Osvaldo Giordano al plantear que durante los primeros 7 meses del a\u00f1o las provincias hicieron un ajuste similar al de la Naci\u00f3n. Mientras la Estado nacional generaba recortes por un 28%, las provincias hicieron los propio en una magnitud de 27%.<!-- \u00a1O bien no hay banners, estan desactivados o no estan programados para esta ubicaci\u00f3n! -->\n<\/p>\n<p>\u201cLa reducci\u00f3n del gasto de las provincias, a nivel del consolidado, ha sido enorme. Con la particularidad de que a las provincias s\u00ed les baj\u00f3 mucho los ingresos. A la Naci\u00f3n los ingresos se le bajaron un 4%, pero a las provincias un 20% porque no tienen Impuesto Pa\u00eds ni retenciones. De manera que, contrario a lo que se ha instalado, es bastante parecido lo que pas\u00f3 en las finanzas provinciales con las nacionales, hubo un proceso bastante parecido\u201d, se\u00f1al\u00f3.<\/p>\n<p>A la hora de diseccionar la composici\u00f3n del ajuste se analiza que el Estado nacional recort\u00f3 fuerte: jubilaciones (un 26%), prestaciones sociales (19%), personal (19%), subsidios (39%), transferencias corrientes a provincias (74%), gastos de capital (81%); en tanto, las provincias ajustaron en personal (24%), transferencias corrientes (21%), seguridad social (24%), gastos de capital (57%), entre otros.\n<\/p>\n<p>\u201cEn las provincias la inversi\u00f3n en infraestructura tambi\u00e9n baj\u00f3 mucho, menos que a nivel nacional, pero hubo una ca\u00edda enorme que se\u00f1ala que nos estamos comiendo la poca infraestructura que tenemos\u201d, afirm\u00f3 Giordano.\n<\/p>\n<p>En el marco de las Jornadas de la 11\u00b0 Jornada de Infraestructura organizada por la C\u00e1mara de la Construcci\u00f3n Argentina Delegaci\u00f3n C\u00f3rdoba, el presidente de la entidad, Horacio Berra puso el eje es un aspecto medular c\u00f3mo es el grado de involucramiento que los Estados tienen en la obra p\u00fablica: \u201cen Chile el 90% del total lo invierte el Estado, en los pa\u00edses desarrollados es mayor al 85%. La inversi\u00f3n privada es importante, pero para que ello ocurra debe bajar el Riesgo Pa\u00eds para que las tasas de inter\u00e9s sean razonables, hoy tenemos 15 puntos anuales m\u00e1s que cualquier pa\u00eds normal. Hacen falta a\u00f1os de estabilidad jur\u00eddica y pol\u00edtica que no var\u00eden con las gestiones y que el pa\u00eds cumpla los contratos. Muy por el contrario, ac\u00e1 se declama el efecto licuadora, que es el incumplimiento de los contratos contra\u00eddos, el Estado, incumpliendo atenta contra la seguridad jur\u00eddica que defiende. Las obras paralizadas se van a deteriorar y el costo de recuperarlas ser\u00e1 muy alto. Es una falacia decir que las inversiones privadas van a encarar el 100% de las obras y todos seremos perjudicados\u201d.\n<\/p>\n<p>Para Giordano se trata de un escenario in\u00e9dito en t\u00e9rminos de la velocidad y el tama\u00f1o del ajuste que se est\u00e1 viendo, lo que genera nuevos desaf\u00edos hacia adelante: \u201cal escenario complejo que ten\u00edamos se le agregan algunos potenciadores con este escenario nuevo, por ejemplo, la poca infraestructura que tenemos no la estamos manteniendo. El desaf\u00edo principal es invertir m\u00e1s y mejor, no hay forma de resolver los enormes problemas que tenemos si no hacemos el esfuerzo de invertir en infraestructura, ahora hay que pensar nuevos esquemas para el financiamiento y para la gesti\u00f3n de la inversi\u00f3n. No puede ser con la vieja receta. Pero creo que hay algunas oportunidades. Creo que la estabilidad macro econ\u00f3mica es un escenario nuevo, tener precios, tener estabilidad, poder hacer contratos a futuro es muy importante. El cr\u00e9dito va a aparecer porque el Estado no va a estar absorbiendo el ahorro y eso es una oportunidad\u201d. Y ampli\u00f3: \u201cel escenario de desregulaci\u00f3n tambi\u00e9n favorece, invertir con tantas regulaciones no favorece y creo que el gran cambio es migrar este proceso de ajuste, que era necesario para estabilizar, a un escenario de ordenamiento del Estado, repensar la organizaci\u00f3n del Estado para que sea capaz de cobrar los impuestos y devolver eso en servicios a la gente. Es una agenda compleja, pero hay que encontrarle la vuelta\u201d.\n<\/p>\n<p>&nbsp;\n<\/p>\n<div class=\"g g-38\">\n<div class=\"g-dyn a-12 c-1\"><a class=\"gofollow\" data-track=\"MTIsMzgsMSw2MA==\" href=\"https:\/\/hospitalprivado.com.ar\/blog\/institucional\/somos-la-primera-institucion-del-interior-del-pais-en-acreditar-joint-commission-international.html\" target=\"_blank\" rel=\"noopener\"><img src=\"http:\/\/cordobadirecto.com\/wp-content\/uploads\/2024\/09\/nacion-ya-ajusto-como-es-el-recorte-que-estan-haciendo-las-provincias-1.gif\" loading=\"lazy\"><\/a><\/div>\n<\/div>\n","protected":false},"excerpt":{"rendered":"<p>&nbsp; La semana pasada y en el marco de su discurso para presentar el Presupuesto 2025 el presidente de la Naci\u00f3n, Javier Milei, dispar\u00f3 un duro escenario para las provincias. A los gobernadores les marc\u00f3 que ellos tambi\u00e9n deber\u00edan ponerse a trabajar para bajar la presi\u00f3n fiscal y sorprendi\u00f3 con el n\u00famero del ajuste que, [&hellip;]<\/p>\n","protected":false},"author":1,"featured_media":156044,"comment_status":"closed","ping_status":"closed","sticky":false,"template":"","format":"standard","meta":[],"categories":[25],"tags":[],"_links":{"self":[{"href":"http:\/\/cordobadirecto.com\/index.php\/wp-json\/wp\/v2\/posts\/156043"}],"collection":[{"href":"http:\/\/cordobadirecto.com\/index.php\/wp-json\/wp\/v2\/posts"}],"about":[{"href":"http:\/\/cordobadirecto.com\/index.php\/wp-json\/wp\/v2\/types\/post"}],"author":[{"embeddable":true,"href":"http:\/\/cordobadirecto.com\/index.php\/wp-json\/wp\/v2\/users\/1"}],"replies":[{"embeddable":true,"href":"http:\/\/cordobadirecto.com\/index.php\/wp-json\/wp\/v2\/comments?post=156043"}],"version-history":[{"count":0,"href":"http:\/\/cordobadirecto.com\/index.php\/wp-json\/wp\/v2\/posts\/156043\/revisions"}],"wp:featuredmedia":[{"embeddable":true,"href":"http:\/\/cordobadirecto.com\/index.php\/wp-json\/wp\/v2\/media\/156044"}],"wp:attachment":[{"href":"http:\/\/cordobadirecto.com\/index.php\/wp-json\/wp\/v2\/media?parent=156043"}],"wp:term":[{"taxonomy":"category","embeddable":true,"href":"http:\/\/cordobadirecto.com\/index.php\/wp-json\/wp\/v2\/categories?post=156043"},{"taxonomy":"post_tag","embeddable":true,"href":"http:\/\/cordobadirecto.com\/index.php\/wp-json\/wp\/v2\/tags?post=156043"}],"curies":[{"name":"wp","href":"https:\/\/api.w.org\/{rel}","templated":true}]}}