{"id":156082,"date":"2024-09-23T20:12:44","date_gmt":"2024-09-23T20:12:44","guid":{"rendered":"http:\/\/cordobadirecto.com\/index.php\/2024\/09\/23\/cristina-kirchner-arremetio-contra-javier-milei-y-luis-caputo-tras-los-incendios-de-cordoba\/"},"modified":"2024-09-23T20:12:44","modified_gmt":"2024-09-23T20:12:44","slug":"cristina-kirchner-arremetio-contra-javier-milei-y-luis-caputo-tras-los-incendios-de-cordoba","status":"publish","type":"post","link":"http:\/\/cordobadirecto.com\/index.php\/2024\/09\/23\/cristina-kirchner-arremetio-contra-javier-milei-y-luis-caputo-tras-los-incendios-de-cordoba\/","title":{"rendered":"Cristina Kirchner arremeti\u00f3 contra Javier Milei y Luis Caputo tras los incendios de <b>C\u00f3rdoba<\/b>"},"content":{"rendered":"<p>&#8230; <b>Econom\u00eda<\/b>, Luis Caputo. Cristina Kirchner arremeti contra Javier Milei y Luis Caputo tras los incendios de <b>C\u00f3rdoba<\/b>. La ex mandataria comenz\u00f3 su&nbsp;&#8230; <\/p>\n","protected":false},"excerpt":{"rendered":"<p>&#8230; Econom\u00eda, Luis Caputo. Cristina Kirchner arremeti contra Javier Milei y Luis Caputo tras los incendios de C\u00f3rdoba. La ex mandataria comenz\u00f3 su&nbsp;&#8230;<\/p>\n","protected":false},"author":1,"featured_media":0,"comment_status":"closed","ping_status":"closed","sticky":false,"template":"","format":"standard","meta":[],"categories":[40],"tags":[],"_links":{"self":[{"href":"http:\/\/cordobadirecto.com\/index.php\/wp-json\/wp\/v2\/posts\/156082"}],"collection":[{"href":"http:\/\/cordobadirecto.com\/index.php\/wp-json\/wp\/v2\/posts"}],"about":[{"href":"http:\/\/cordobadirecto.com\/index.php\/wp-json\/wp\/v2\/types\/post"}],"author":[{"embeddable":true,"href":"http:\/\/cordobadirecto.com\/index.php\/wp-json\/wp\/v2\/users\/1"}],"replies":[{"embeddable":true,"href":"http:\/\/cordobadirecto.com\/index.php\/wp-json\/wp\/v2\/comments?post=156082"}],"version-history":[{"count":0,"href":"http:\/\/cordobadirecto.com\/index.php\/wp-json\/wp\/v2\/posts\/156082\/revisions"}],"wp:attachment":[{"href":"http:\/\/cordobadirecto.com\/index.php\/wp-json\/wp\/v2\/media?parent=156082"}],"wp:term":[{"taxonomy":"category","embeddable":true,"href":"http:\/\/cordobadirecto.com\/index.php\/wp-json\/wp\/v2\/categories?post=156082"},{"taxonomy":"post_tag","embeddable":true,"href":"http:\/\/cordobadirecto.com\/index.php\/wp-json\/wp\/v2\/tags?post=156082"}],"curies":[{"name":"wp","href":"https:\/\/api.w.org\/{rel}","templated":true}]}}