{"id":156083,"date":"2024-09-23T23:05:20","date_gmt":"2024-09-23T23:05:20","guid":{"rendered":"https:\/\/puntoapunto.com.ar\/?p=365361"},"modified":"2024-09-23T23:05:20","modified_gmt":"2024-09-23T23:05:20","slug":"llega-la-segunda-edicion-de-cordoba-es-cafe-catas-talleres-degustaciones-y-torneo-de-arte-latte","status":"publish","type":"post","link":"http:\/\/cordobadirecto.com\/index.php\/2024\/09\/23\/llega-la-segunda-edicion-de-cordoba-es-cafe-catas-talleres-degustaciones-y-torneo-de-arte-latte\/","title":{"rendered":"Llega la segunda edici\u00f3n de C\u00f3rdoba ES CAF\u00c9: catas, talleres, degustaciones y torneo de Arte Latte"},"content":{"rendered":"<p><strong>Del 30 de septiembre al 5 de octubre, ES Tostadores presenta la segunda edici\u00f3n de \u00abC\u00f3rdoba es Caf\u00e9\u00bb,<\/strong> una semana dedicada a los amantes del caf\u00e9 de especialidad. Este evento promete ser una experiencia \u00fanica con actividades que incluyen <strong>catas, talleres, degustaciones y el esperado Torneo de Arte Latte.<\/strong><\/p>\n<p>La semana comenzar\u00e1 con catas guiadas por el maestro tostador de ES, donde los asistentes podr\u00e1n degustar seis variedades de caf\u00e9 de origen colombiano. <strong>El 1 de octubre, en conmemoraci\u00f3n del \u00abD\u00eda Internacional del Caf\u00e9\u00bb, ES Tostadores llevar\u00e1 su celebraci\u00f3n a la calle, ofreciendo caf\u00e9 filtrado Caturra de la Finca Noro\u00f1a<\/strong>. Adem\u00e1s, ese mismo d\u00eda se presentar\u00e1 una nueva finca de origen peruano, con tueste en vivo y degustaciones de un caf\u00e9 con denominaci\u00f3n de origen.<\/p>\n<p><strong>El mi\u00e9rcoles 2 de octubre, los interesados en emprender en el mundo del caf\u00e9 podr\u00e1n asistir a una charla titulada \u201cC\u00f3mo emprender una cafeter\u00eda de especialidad<\/strong>\u201d, a cargo de Leandro Alberione, CEO de ES Tostadores, y Andr\u00e9s Carletta, maestro tostador. Esta actividad brindar\u00e1 consejos pr\u00e1cticos para aquellos que est\u00e1n comenzando su camino en este sector.<\/p>\n<p><img decoding=\"async\" class=\"aligncenter wp-image-365362 size-full\" src=\"http:\/\/cordobadirecto.com\/wp-content\/uploads\/2024\/09\/llega-la-segunda-edicion-de-cordoba-es-cafe-catas-talleres-degustaciones-y-torneo-de-arte-latte.jpg\" alt width=\"2048\" height=\"2483\" srcset=\"http:\/\/cordobadirecto.com\/wp-content\/uploads\/2024\/09\/llega-la-segunda-edicion-de-cordoba-es-cafe-catas-talleres-degustaciones-y-torneo-de-arte-latte.jpg 2048w, http:\/\/cordobadirecto.com\/wp-content\/uploads\/2024\/09\/llega-la-segunda-edicion-de-cordoba-es-cafe-catas-talleres-degustaciones-y-torneo-de-arte-latte-1.jpg 247w, http:\/\/cordobadirecto.com\/wp-content\/uploads\/2024\/09\/llega-la-segunda-edicion-de-cordoba-es-cafe-catas-talleres-degustaciones-y-torneo-de-arte-latte-2.jpg 845w, http:\/\/cordobadirecto.com\/wp-content\/uploads\/2024\/09\/llega-la-segunda-edicion-de-cordoba-es-cafe-catas-talleres-degustaciones-y-torneo-de-arte-latte-3.jpg 768w, http:\/\/cordobadirecto.com\/wp-content\/uploads\/2024\/09\/llega-la-segunda-edicion-de-cordoba-es-cafe-catas-talleres-degustaciones-y-torneo-de-arte-latte-4.jpg 1267w, http:\/\/cordobadirecto.com\/wp-content\/uploads\/2024\/09\/llega-la-segunda-edicion-de-cordoba-es-cafe-catas-talleres-degustaciones-y-torneo-de-arte-latte-5.jpg 1689w, http:\/\/cordobadirecto.com\/wp-content\/uploads\/2024\/09\/llega-la-segunda-edicion-de-cordoba-es-cafe-catas-talleres-degustaciones-y-torneo-de-arte-latte-6.jpg 750w, http:\/\/cordobadirecto.com\/wp-content\/uploads\/2024\/09\/llega-la-segunda-edicion-de-cordoba-es-cafe-catas-talleres-degustaciones-y-torneo-de-arte-latte-7.jpg 1140w\" sizes=\"(max-width: 2048px) 100vw, 2048px\" loading=\"lazy\"><\/p>\n<p>El evento culminar\u00e1 el jueves 3 de octubre con la final del Torneo de Arte Latte, que se llevar\u00e1 a cabo en el local de ES Tostadores, ubicado en<strong> Av. Rafael N\u00fa\u00f1ez 4401, Cerro de las Rosas<\/strong>. Desde las 21 hs., cuatro finalistas competir\u00e1n por el t\u00edtulo, evaluados por un jurado de expertos en la materia.<strong> Durante los 23 minutos de competici\u00f3n, los baristas demostrar\u00e1n su habilidad en la creaci\u00f3n de arte latte, que incluye preparaci\u00f3n y limpieza del \u00e1rea.<\/strong><\/p>\n<p>Los premios para los ganadores incluyen un <strong>molinillo Zpresso, pitcher Brewista, y un tamper, adem\u00e1s de caf\u00e9 de especialidad.<\/strong> La participaci\u00f3n del p\u00fablico est\u00e1 abierta mediante inscripci\u00f3n previa a trav\u00e9s de Instagram y el sitio web de ES.<\/p>\n<p>Para cerrar la semana,<strong> el viernes 4 y s\u00e1bado 5 de octubre, se realizar\u00e1n catas en diversas cafeter\u00edas que son clientes de ES Tostadores, ofreciendo la oportunidad de degustar caf\u00e9s de fincas alrededor del mundo.<\/strong> Adem\u00e1s, durante todo el evento, se ofrecer\u00e1n beneficios especiales en la compra del \u201ccaf\u00e9 del d\u00eda\u201d en su<a href=\"https:\/\/estostadores.mitiendanube.com\/\"> tienda online<\/a> y en el local f\u00edsico.<\/p>\n<p>Para m\u00e1s informaci\u00f3n sobre las actividades, segu\u00ed las historias de ES Tostadores en Instagram o comunicate al +54 9 3518 60-4040.<\/p>\n","protected":false},"excerpt":{"rendered":"<p>Del 30 de septiembre al 5 de octubre, ES Tostadores presenta la segunda edici\u00f3n de \u00abC\u00f3rdoba es Caf\u00e9\u00bb, una semana dedicada a los amantes del caf\u00e9 de especialidad. Este evento promete ser una experiencia \u00fanica con actividades que incluyen catas, talleres, degustaciones y el esperado Torneo de Arte Latte. La semana comenzar\u00e1 con catas guiadas [&hellip;]<\/p>\n","protected":false},"author":1,"featured_media":156084,"comment_status":"closed","ping_status":"closed","sticky":false,"template":"","format":"standard","meta":[],"categories":[25],"tags":[],"_links":{"self":[{"href":"http:\/\/cordobadirecto.com\/index.php\/wp-json\/wp\/v2\/posts\/156083"}],"collection":[{"href":"http:\/\/cordobadirecto.com\/index.php\/wp-json\/wp\/v2\/posts"}],"about":[{"href":"http:\/\/cordobadirecto.com\/index.php\/wp-json\/wp\/v2\/types\/post"}],"author":[{"embeddable":true,"href":"http:\/\/cordobadirecto.com\/index.php\/wp-json\/wp\/v2\/users\/1"}],"replies":[{"embeddable":true,"href":"http:\/\/cordobadirecto.com\/index.php\/wp-json\/wp\/v2\/comments?post=156083"}],"version-history":[{"count":0,"href":"http:\/\/cordobadirecto.com\/index.php\/wp-json\/wp\/v2\/posts\/156083\/revisions"}],"wp:featuredmedia":[{"embeddable":true,"href":"http:\/\/cordobadirecto.com\/index.php\/wp-json\/wp\/v2\/media\/156084"}],"wp:attachment":[{"href":"http:\/\/cordobadirecto.com\/index.php\/wp-json\/wp\/v2\/media?parent=156083"}],"wp:term":[{"taxonomy":"category","embeddable":true,"href":"http:\/\/cordobadirecto.com\/index.php\/wp-json\/wp\/v2\/categories?post=156083"},{"taxonomy":"post_tag","embeddable":true,"href":"http:\/\/cordobadirecto.com\/index.php\/wp-json\/wp\/v2\/tags?post=156083"}],"curies":[{"name":"wp","href":"https:\/\/api.w.org\/{rel}","templated":true}]}}