{"id":156118,"date":"2024-09-23T20:38:33","date_gmt":"2024-09-23T20:38:33","guid":{"rendered":"https:\/\/www.ole.com.ar\/autos\/logan-sargeant-franco-colapinto-indycar-indycar-formula-1-f1-williams_0_BiFhuxkyeE.html"},"modified":"2024-09-23T20:38:33","modified_gmt":"2024-09-23T20:38:33","slug":"logan-sargeant-el-piloto-al-que-reemplazo-colapinto-se-probara-en-una-categoria-top","status":"publish","type":"post","link":"http:\/\/cordobadirecto.com\/index.php\/2024\/09\/23\/logan-sargeant-el-piloto-al-que-reemplazo-colapinto-se-probara-en-una-categoria-top\/","title":{"rendered":"Logan Sargeant, el piloto al que reemplaz\u00f3 Colapinto, se probar\u00e1 en una categor\u00eda top"},"content":{"rendered":"<p><time class=\"createDate\" datetime=\"2024-09-23T17:38:33-03:00\">23\/09\/2024 17:38hs.<\/time><\/p>\n<div id=\"storyBody\">\n<div class=\"custom-text \" readability=\"39\">\n<p>Es muy probable que el a\u00f1o de <strong>Logan Sargeant <\/strong>no termine de la manera que \u00e9l imaginaba cuando empez\u00f3 la temporada de la F\u00f3rmula 1. El ahora ex Williams adquiri\u00f3 una gran repercusi\u00f3n en Argentina por ser el piloto al que reemplaz\u00f3 <strong>Franco Colapinto <\/strong>en su llegada a la M\u00e1xima, el pasado agosto. Ahora, con miras al 2025, el estadounidense ya planea volver a los fierros tras su salida del equipo dirigido por James Vowles y ser\u00e1 por fuera de la F1. <strong>No obstante, podr\u00eda darse en una categor\u00eda top a nivel mundial&#8230;<\/strong><\/p>\n<\/div>\n<div class=\"custom-text \" readability=\"38\">\n<p><strong>Sargeant har\u00e1 una prueba en la IndyCar<\/strong>, la categor\u00eda de monoplazas yanqui en la que corri\u00f3 Agust\u00edn Canapino hasta hace alg\u00fan tiempo. Este test ser\u00e1 <strong>el 19 de noviembre<\/strong> (\u00faltimo d\u00eda de pruebas para los equipos) <strong>en el Thermal Club de California con el equipo Meyer Shank Racing.<\/strong> La escuder\u00eda de Mike Shank y Jim Meyer a\u00fan tiene un asiento libre para la pr\u00f3xima temporada, por eso es que le conceder\u00e1n uno de sus Dallara DW12 con motor Honda para que corra en el circuito privado californiano, que estar\u00e1 en el calendario del a\u00f1o que viene.<\/p>\n<\/div>\n<div class=\"sc-e7b891c4-0 ifHnQL\"><img alt=\"As\u00ed dej\u00f3 Sargeant el auto de Williams en Zandvoort. Fue su \u00faltima fecha en la F1. (AP)\" loading=\"lazy\" width=\"720\" height=\"100\" decoding=\"async\" data-nimg=\"1\" src=\"http:\/\/cordobadirecto.com\/wp-content\/uploads\/2024\/09\/logan-sargeant-el-piloto-al-que-reemplazo-colapinto-se-probara-en-una-categoria-top.jpg\"><span class=\"epigraphe\">As\u00ed dej\u00f3 Sargeant el auto de Williams en Zandvoort. Fue su \u00faltima fecha en la F1. (AP)<\/span><\/div>\n<div class=\"custom-text \" readability=\"39\">\n<p>La escuder\u00eda estadounidense confirm\u00f3 en sus redes sociales la prueba de Sargeant, <strong>que corri\u00f3 37 Grandes Premios en la F1 (sum\u00f3 puntos en una sola ocasi\u00f3n)<\/strong>, compartiendo en X una publicaci\u00f3n que hablaba del tema, con el mensaje para el piloto de 23 a\u00f1os: <strong>&#8220;\u00bfEst\u00e1s listo para un poco de acci\u00f3n en la @IndyCar, @LoganSargeant?&#8221;<\/strong>.<\/p>\n<\/div>\n<p><h2><strong>Por qu\u00e9 Sargeant no tiene un lugar asegurado en la IndyCar<\/strong><\/h2>\n<\/p>\n<div class=\"custom-text \" readability=\"38\">\n<p>Esta prueba no le garantiza el asiento a Seargeant en el campeonato. Esto, m\u00e1s que nada, <strong>es porque los asociados a Chip Ganassi Racing todav\u00eda tienen ocupados sus cinco lugares para el a\u00f1o que viene<\/strong>. A\u00fan se desconoce si liberar\u00e1n alguno de esos cinco cupos. Pero la prueba funcionar\u00e1 para que Sargeant demuestre que tiene las condiciones para correr en la categor\u00eda yanqui,<strong> y que pueda pasar a alguna otra escuder\u00eda con asiento libre.<\/strong><\/p>\n<\/div>\n<div class=\"custom-text \" readability=\"45\">\n<p>Esta no es la primera vez que Sargeant est\u00e1 cerca de la IndyCar: en el 2021, cuando todav\u00eda corr\u00eda en la F\u00f3rmula 3 con 20 a\u00f1os, ten\u00eda programada una prueba con el AJ Foyt Racing, en Alabama, en el circuito de Barber. <strong>Finalmente, esa prueba no se concret\u00f3 porque Williams Racing lo fich\u00f3 para su academia de j\u00f3venes<\/strong>, lo que termin\u00f3 con el piloto en la F2 y posteriormente en la F1. Esta vez, el acercamiento lleg\u00f3 por parte del propio Sargeant, que la semana pasada viaj\u00f3 al Nashville Superspeedway para la final de la categor\u00eda el 14 y 15 de septiembre, <strong>y all\u00ed tuvo sus conversaciones con algunos equipos, entre ellos el MSR.<\/strong><\/p>\n<\/div>\n<div class=\"custom-text \" readability=\"37\">\n<p>El mismo equipo de Mike y Jim que probar\u00e1 a Sargeant a las afueras de Palm Springs ya hab\u00eda hecho pruebas individuales en su momento. <strong>Primero con Nyck De Vries, hace dos a\u00f1os<\/strong>, y tambi\u00e9n con Tom Blomqvist, a principios de este a\u00f1o.<\/p>\n<\/div>\n<div class=\"sc-e7b891c4-0 ifHnQL\"><img alt=\"Sargeant est\u00e1 listo para volver a correr. (AP)\" loading=\"lazy\" width=\"720\" height=\"100\" decoding=\"async\" data-nimg=\"1\" src=\"http:\/\/cordobadirecto.com\/wp-content\/uploads\/2024\/09\/logan-sargeant-el-piloto-al-que-reemplazo-colapinto-se-probara-en-una-categoria-top-1.jpg\"><span class=\"epigraphe\">Sargeant est\u00e1 listo para volver a correr. (AP)<\/span><\/div>\n<div class=\"sc-a7166897-0 eoLsBE\" readability=\"6.5\">\n<section readability=\"3\"><picture><img alt=\"El mensaje completo de radio entre Colapinto con el jefe y el ingeniero de Williams en Singapur\" loading=\"lazy\" width=\"290\" height=\"290\" decoding=\"async\" data-nimg=\"1\" src=\"http:\/\/cordobadirecto.com\/wp-content\/uploads\/2024\/09\/logan-sargeant-el-piloto-al-que-reemplazo-colapinto-se-probara-en-una-categoria-top-2.jpg\"><\/picture>\n<p><span>Mir\u00e1 tambi\u00e9n<\/span><\/p>\n<hr>\n<h3>El mensaje completo de radio entre Colapinto con el jefe y el ingeniero de Williams en Singapur<\/h3>\n<\/p>\n<\/section>\n<\/div>\n<div class=\"sc-a7166897-0 eoLsBE\" readability=\"6.5\">\n<section readability=\"3\"><picture><img alt=\"Ante la sanci\u00f3n de la FIA, Verstappen amenaza con irse de la F\u00f3rmula 1\" loading=\"lazy\" width=\"290\" height=\"290\" decoding=\"async\" data-nimg=\"1\" src=\"http:\/\/cordobadirecto.com\/wp-content\/uploads\/2024\/09\/logan-sargeant-el-piloto-al-que-reemplazo-colapinto-se-probara-en-una-categoria-top-3.jpg\"><\/picture>\n<p><span>Mir\u00e1 tambi\u00e9n<\/span><\/p>\n<hr>\n<h3>Ante la sanci\u00f3n de la FIA, Verstappen amenaza con irse de la F\u00f3rmula 1<\/h3>\n<\/p>\n<\/section>\n<\/div>\n<div class=\"sc-a7166897-0 eoLsBE\" readability=\"6\">\n<section readability=\"2\"><picture><img alt=\"El compa\u00f1ero de Colapinto se retract\u00f3 despu\u00e9s de haber cuestionado su maniobra\" loading=\"lazy\" width=\"290\" height=\"290\" decoding=\"async\" data-nimg=\"1\" src=\"http:\/\/cordobadirecto.com\/wp-content\/uploads\/2024\/09\/logan-sargeant-el-piloto-al-que-reemplazo-colapinto-se-probara-en-una-categoria-top-4.jpg\"><\/picture>\n<p><span>Mir\u00e1 tambi\u00e9n<\/span><\/p>\n<hr>\n<h3>El compa\u00f1ero de Colapinto se retract\u00f3 despu\u00e9s de haber cuestionado su maniobra<\/h3>\n<\/p>\n<\/section>\n<\/div>\n<div class=\"sc-a7166897-0 eoLsBE\" readability=\"6\">\n<section readability=\"2\"><picture><img alt=\"Los mejores memes de la buena carrera de Franco Colapinto en el GP de Singapur\" loading=\"lazy\" width=\"290\" height=\"290\" decoding=\"async\" data-nimg=\"1\" src=\"http:\/\/cordobadirecto.com\/wp-content\/uploads\/2024\/09\/logan-sargeant-el-piloto-al-que-reemplazo-colapinto-se-probara-en-una-categoria-top-5.jpg\"><\/picture>\n<p><span>Mir\u00e1 tambi\u00e9n<\/span><\/p>\n<hr>\n<h3>Los mejores memes de la buena carrera de Franco Colapinto en el GP de Singapur<\/h3>\n<\/p>\n<\/section>\n<\/div>\n<div class=\"sc-a7166897-0 eoLsBE\" readability=\"6\">\n<section readability=\"2\"><picture><img alt=\"El jefe de Williams qued\u00f3 fascinado con la performance de Colapinto en Singapur\" loading=\"lazy\" width=\"290\" height=\"290\" decoding=\"async\" data-nimg=\"1\" src=\"http:\/\/cordobadirecto.com\/wp-content\/uploads\/2024\/09\/logan-sargeant-el-piloto-al-que-reemplazo-colapinto-se-probara-en-una-categoria-top-6.jpg\"><\/picture>\n<p><span>Mir\u00e1 tambi\u00e9n<\/span><\/p>\n<hr>\n<h3>El jefe de Williams qued\u00f3 fascinado con la performance de Colapinto en Singapur<\/h3>\n<\/p>\n<\/section>\n<\/div>\n<\/div>\n","protected":false},"excerpt":{"rendered":"<p>23\/09\/2024 17:38hs. Es muy probable que el a\u00f1o de Logan Sargeant no termine de la manera que \u00e9l imaginaba cuando empez\u00f3 la temporada de la F\u00f3rmula 1. El ahora ex Williams adquiri\u00f3 una gran repercusi\u00f3n en Argentina por ser el piloto al que reemplaz\u00f3 Franco Colapinto en su llegada a la M\u00e1xima, el pasado agosto. [&hellip;]<\/p>\n","protected":false},"author":1,"featured_media":156119,"comment_status":"closed","ping_status":"closed","sticky":false,"template":"","format":"standard","meta":[],"categories":[21],"tags":[],"_links":{"self":[{"href":"http:\/\/cordobadirecto.com\/index.php\/wp-json\/wp\/v2\/posts\/156118"}],"collection":[{"href":"http:\/\/cordobadirecto.com\/index.php\/wp-json\/wp\/v2\/posts"}],"about":[{"href":"http:\/\/cordobadirecto.com\/index.php\/wp-json\/wp\/v2\/types\/post"}],"author":[{"embeddable":true,"href":"http:\/\/cordobadirecto.com\/index.php\/wp-json\/wp\/v2\/users\/1"}],"replies":[{"embeddable":true,"href":"http:\/\/cordobadirecto.com\/index.php\/wp-json\/wp\/v2\/comments?post=156118"}],"version-history":[{"count":0,"href":"http:\/\/cordobadirecto.com\/index.php\/wp-json\/wp\/v2\/posts\/156118\/revisions"}],"wp:featuredmedia":[{"embeddable":true,"href":"http:\/\/cordobadirecto.com\/index.php\/wp-json\/wp\/v2\/media\/156119"}],"wp:attachment":[{"href":"http:\/\/cordobadirecto.com\/index.php\/wp-json\/wp\/v2\/media?parent=156118"}],"wp:term":[{"taxonomy":"category","embeddable":true,"href":"http:\/\/cordobadirecto.com\/index.php\/wp-json\/wp\/v2\/categories?post=156118"},{"taxonomy":"post_tag","embeddable":true,"href":"http:\/\/cordobadirecto.com\/index.php\/wp-json\/wp\/v2\/tags?post=156118"}],"curies":[{"name":"wp","href":"https:\/\/api.w.org\/{rel}","templated":true}]}}