{"id":156122,"date":"2024-09-24T17:33:38","date_gmt":"2024-09-24T17:33:38","guid":{"rendered":"https:\/\/puntoapunto.com.ar\/?p=365425"},"modified":"2024-09-24T17:33:38","modified_gmt":"2024-09-24T17:33:38","slug":"semana-21-el-evento-que-impulsa-el-talento-estudiantil-y-reune-a-emprendedores-de-todo-el-pais","status":"publish","type":"post","link":"http:\/\/cordobadirecto.com\/index.php\/2024\/09\/24\/semana-21-el-evento-que-impulsa-el-talento-estudiantil-y-reune-a-emprendedores-de-todo-el-pais\/","title":{"rendered":"Semana 21: el evento que impulsa el talento estudiantil y re\u00fane a emprendedores de todo el pa\u00eds"},"content":{"rendered":"<p><strong>Los d\u00edas&nbsp;15, 16 y 17 de octubre, el Campus de Universidad Siglo 21 ser\u00e1 sede de Semana 21<\/strong>, una propuesta que recibe al sector productivo y social con proyectos institucionales, emprendimientos y producciones de estudiantes. La agenda incluye adem\u00e1s<strong> competencias, rondas de negocios, desaf\u00edos creativos e innovadores, entrevistas de empleo, conferencias acad\u00e9micas e interacciones virtuales.&nbsp;<\/strong><\/p>\n<p><strong>Semana 21 propone un espacio de encuentro basado en tres pilares fundamentales de la propuesta educativa de Universidad Siglo 21: ciencia e innovaci\u00f3n, profesiones y talento y comunidades creativas.<\/strong> Los participantes podr\u00e1n vincularse con organizaciones nacionales e internacionales, ecosistemas de startups, empresas y educadores, adem\u00e1s de acceder a oportunidades como inversiones, becas y experiencias profesionales.<\/p>\n<p>\u201cEste evento refuerza el v\u00ednculo de Universidad Siglo 21 con organizaciones que impactan en el mundo econ\u00f3mico, productivo y social del pa\u00eds y de la regi\u00f3n, generando alianzas y potenciando los proyectos de nuestros estudiantes, quienes tienen el espacio para mostrar lo que logran producir desde la experiencia y el saber\u201d, explica<strong>&nbsp;Alejandro Castelli, Secretario de Extensi\u00f3n, Vinculaci\u00f3n e Impacto de Universidad Siglo 21.&nbsp;<\/strong><\/p>\n<div><img decoding=\"async\" class=\"aligncenter wp-image-365427 size-full\" src=\"http:\/\/cordobadirecto.com\/wp-content\/uploads\/2024\/09\/semana-21-el-evento-que-impulsa-el-talento-estudiantil-y-reune-a-emprendedores-de-todo-el-pais.jpg\" alt width=\"1600\" height=\"1066\" srcset=\"http:\/\/cordobadirecto.com\/wp-content\/uploads\/2024\/09\/semana-21-el-evento-que-impulsa-el-talento-estudiantil-y-reune-a-emprendedores-de-todo-el-pais.jpg 1600w, http:\/\/cordobadirecto.com\/wp-content\/uploads\/2024\/09\/semana-21-el-evento-que-impulsa-el-talento-estudiantil-y-reune-a-emprendedores-de-todo-el-pais-2.jpg 300w, http:\/\/cordobadirecto.com\/wp-content\/uploads\/2024\/09\/semana-21-el-evento-que-impulsa-el-talento-estudiantil-y-reune-a-emprendedores-de-todo-el-pais-3.jpg 1024w, http:\/\/cordobadirecto.com\/wp-content\/uploads\/2024\/09\/semana-21-el-evento-que-impulsa-el-talento-estudiantil-y-reune-a-emprendedores-de-todo-el-pais-4.jpg 768w, http:\/\/cordobadirecto.com\/wp-content\/uploads\/2024\/09\/semana-21-el-evento-que-impulsa-el-talento-estudiantil-y-reune-a-emprendedores-de-todo-el-pais-5.jpg 1536w, http:\/\/cordobadirecto.com\/wp-content\/uploads\/2024\/09\/semana-21-el-evento-que-impulsa-el-talento-estudiantil-y-reune-a-emprendedores-de-todo-el-pais-6.jpg 750w, http:\/\/cordobadirecto.com\/wp-content\/uploads\/2024\/09\/semana-21-el-evento-que-impulsa-el-talento-estudiantil-y-reune-a-emprendedores-de-todo-el-pais-7.jpg 1140w\" sizes=\"(max-width: 1600px) 100vw, 1600px\" loading=\"lazy\"><\/div>\n<p>Esta nueva edici\u00f3n de Semana 21 se compone de diferentes iniciativas:&nbsp;Feria 21, cuna de emprendimientos, para generar y potenciar v\u00ednculos socioproductivos;&nbsp;Open Lab, instancia de vinculaci\u00f3n entre investigadores, docentes, estudiantes y egresados\/as;&nbsp;Ciencia 21, espacio de intercambio que busca soluciones cient\u00edficas para potenciar el desarrollo social y econ\u00f3mico;&nbsp;Inspira 21, una producci\u00f3n multidisciplinar integrada por&nbsp;Rally Creativo<i>,&nbsp;<\/i>con 24 horas de intensa generaci\u00f3n de ideas y estrategias y&nbsp;Estar de Moda,<i>&nbsp;<\/i>donde estudiantes de Dise\u00f1o de Indumentaria y Textil se vinculan con referentes de la moda y dan conocer sus creaciones. Finalmente, el&nbsp;Campus Day, un cierre que promueve la celebraci\u00f3n del d\u00eda del estudiante para la comunidad de Universidad Siglo 21.<\/p>\n<p>Los talleres y conferencias de Semana 21 abordar\u00e1n tem\u00e1ticas como&nbsp;Inteligencia Artificial y Deeptech, para analizar su impacto en la industria;&nbsp;Sustentabilidad y Cleantech, para pensar tecnolog\u00edas limpias, soluciones eficientes y la necesidad de talento especializado;&nbsp;Mindset Multidimensional, para explorar los cambios en la educaci\u00f3n, el desarrollo profesional y su impacto en el empleo futuro, y&nbsp;Ciudadan\u00eda y Seguridad, para analizar la importancia la seguridad en la protecci\u00f3n de la privacidad y la democracia, entre otras tem\u00e1ticas destinadas a startups, inversores, investigadores y docentes, y p\u00fablico en general.<\/p>\n<div>&nbsp;<img decoding=\"async\" class=\"wp-image-365428 size-full alignleft\" src=\"http:\/\/cordobadirecto.com\/wp-content\/uploads\/2024\/09\/semana-21-el-evento-que-impulsa-el-talento-estudiantil-y-reune-a-emprendedores-de-todo-el-pais-1.jpg\" alt width=\"1600\" height=\"1066\" srcset=\"http:\/\/cordobadirecto.com\/wp-content\/uploads\/2024\/09\/semana-21-el-evento-que-impulsa-el-talento-estudiantil-y-reune-a-emprendedores-de-todo-el-pais-1.jpg 1600w, http:\/\/cordobadirecto.com\/wp-content\/uploads\/2024\/09\/semana-21-el-evento-que-impulsa-el-talento-estudiantil-y-reune-a-emprendedores-de-todo-el-pais-8.jpg 300w, http:\/\/cordobadirecto.com\/wp-content\/uploads\/2024\/09\/semana-21-el-evento-que-impulsa-el-talento-estudiantil-y-reune-a-emprendedores-de-todo-el-pais-9.jpg 1024w, http:\/\/cordobadirecto.com\/wp-content\/uploads\/2024\/09\/semana-21-el-evento-que-impulsa-el-talento-estudiantil-y-reune-a-emprendedores-de-todo-el-pais-10.jpg 768w, http:\/\/cordobadirecto.com\/wp-content\/uploads\/2024\/09\/semana-21-el-evento-que-impulsa-el-talento-estudiantil-y-reune-a-emprendedores-de-todo-el-pais-11.jpg 1536w, http:\/\/cordobadirecto.com\/wp-content\/uploads\/2024\/09\/semana-21-el-evento-que-impulsa-el-talento-estudiantil-y-reune-a-emprendedores-de-todo-el-pais-12.jpg 750w, http:\/\/cordobadirecto.com\/wp-content\/uploads\/2024\/09\/semana-21-el-evento-que-impulsa-el-talento-estudiantil-y-reune-a-emprendedores-de-todo-el-pais-13.jpg 1140w\" sizes=\"(max-width: 1600px) 100vw, 1600px\" loading=\"lazy\"><\/div>\n<p><strong>Convocatoria Feria 21: Universidad Siglo 21 busca al mejor emprendimiento de Argentina<\/strong><\/p>\n<p>Universidad Siglo 21 invita a emprendedores y emprendedoras de todo el pa\u00eds a postular su proyecto para participar de Feria 21 y competir por importantes premios. Este espacio permite conectar con empresas l\u00edderes, las \u00faltimas tendencias en econom\u00eda y triple impacto, y oportunidades para el desarrollo profesional.<\/p>\n<p>Quienes postulen sus proyectos podr\u00e1n exponer en los stands 100% presenciales de Feria 21 y participar en activaciones de marca, recibir visitas de los m\u00e1ximos referentes acad\u00e9micos y del mundo productivo, as\u00ed como de potenciales clientes, y <strong>ganar m\u00e1s de $4.000.000 en premios, becas y capacitaciones.<\/strong><\/p>\n","protected":false},"excerpt":{"rendered":"<p>Los d\u00edas&nbsp;15, 16 y 17 de octubre, el Campus de Universidad Siglo 21 ser\u00e1 sede de Semana 21, una propuesta que recibe al sector productivo y social con proyectos institucionales, emprendimientos y producciones de estudiantes. La agenda incluye adem\u00e1s competencias, rondas de negocios, desaf\u00edos creativos e innovadores, entrevistas de empleo, conferencias acad\u00e9micas e interacciones virtuales.&nbsp; [&hellip;]<\/p>\n","protected":false},"author":1,"featured_media":156123,"comment_status":"closed","ping_status":"closed","sticky":false,"template":"","format":"standard","meta":[],"categories":[25],"tags":[],"_links":{"self":[{"href":"http:\/\/cordobadirecto.com\/index.php\/wp-json\/wp\/v2\/posts\/156122"}],"collection":[{"href":"http:\/\/cordobadirecto.com\/index.php\/wp-json\/wp\/v2\/posts"}],"about":[{"href":"http:\/\/cordobadirecto.com\/index.php\/wp-json\/wp\/v2\/types\/post"}],"author":[{"embeddable":true,"href":"http:\/\/cordobadirecto.com\/index.php\/wp-json\/wp\/v2\/users\/1"}],"replies":[{"embeddable":true,"href":"http:\/\/cordobadirecto.com\/index.php\/wp-json\/wp\/v2\/comments?post=156122"}],"version-history":[{"count":0,"href":"http:\/\/cordobadirecto.com\/index.php\/wp-json\/wp\/v2\/posts\/156122\/revisions"}],"wp:featuredmedia":[{"embeddable":true,"href":"http:\/\/cordobadirecto.com\/index.php\/wp-json\/wp\/v2\/media\/156123"}],"wp:attachment":[{"href":"http:\/\/cordobadirecto.com\/index.php\/wp-json\/wp\/v2\/media?parent=156122"}],"wp:term":[{"taxonomy":"category","embeddable":true,"href":"http:\/\/cordobadirecto.com\/index.php\/wp-json\/wp\/v2\/categories?post=156122"},{"taxonomy":"post_tag","embeddable":true,"href":"http:\/\/cordobadirecto.com\/index.php\/wp-json\/wp\/v2\/tags?post=156122"}],"curies":[{"name":"wp","href":"https:\/\/api.w.org\/{rel}","templated":true}]}}