{"id":156139,"date":"2024-09-24T23:46:18","date_gmt":"2024-09-24T23:46:18","guid":{"rendered":"https:\/\/cordoba.gob.ar\/?p=61813"},"modified":"2024-09-24T23:46:18","modified_gmt":"2024-09-24T23:46:18","slug":"passerini-participo-de-la-segunda-edicion-de-cordoba-emprendedora","status":"publish","type":"post","link":"http:\/\/cordobadirecto.com\/index.php\/2024\/09\/24\/passerini-participo-de-la-segunda-edicion-de-cordoba-emprendedora\/","title":{"rendered":"Passerini particip\u00f3 de la Segunda Edici\u00f3n de C\u00f3rdoba Emprendedora"},"content":{"rendered":"<div><img src=\"http:\/\/cordobadirecto.com\/wp-content\/uploads\/2024\/09\/passerini-participo-de-la-segunda-edicion-de-cordoba-emprendedora.jpg\" class=\"ff-og-image-inserted\"><\/div>\n<ul>\n<li><strong>M\u00e1s de 2000 emprendedores la ciudad y del interior provincial estuvieron presentes.<\/strong><\/li>\n<li><strong>Importantes referentes del ecosistema local y nacional intercambiaron experiencias de \u00e9xitos y\/o fracasos adem\u00e1s de charlas y talleres sobre desarrollo personal y gesti\u00f3n de negocios.<\/strong><\/li>\n<li><strong>Durante el evento, la Fundaci\u00f3n del Banco de la Provincia de C\u00f3rdoba present\u00f3 una l\u00ednea de cr\u00e9dito a tasa cero para emprendedores.<\/strong><\/li>\n<\/ul>\n<hr>\n<p>El intendente capitalino, particip\u00f3 de la segunda edici\u00f3n de la&nbsp;Jornada C\u00f3rdoba Emprendedora, organizada por el Ministerio de Desarrollo Social y Promoci\u00f3n del Empleo, con el apoyo de la Fundaci\u00f3n Banco de C\u00f3rdoba.<\/p>\n<p>Esta propuesta, importante para quienes buscan capacitarse, inspirarse y hacer conexiones valiosas en el mundo del emprendimiento, se ha consolidado como una plataforma fundamental para el crecimiento del ecosistema emprendedor en la provincia.<\/p>\n<p>En ese marco, y acompa\u00f1ado por la ministra de Desarrollo Social y Promoci\u00f3n del Empleo, Laura Jure, el intendente manifest\u00f3: \u201cEstoy muy emocionado porque esto crece, crece y crecer\u00e1. El esp\u00edritu emprendedor que tiene C\u00f3rdoba es \u00fanico en la Argentina, contagia, se reproduce\u201d<\/p>\n<p>\u201cNosotros en C\u00f3rdoba tratamos de ponernos al lado del emprendedor, ni atr\u00e1s, ni arriba, ni abajo, al lado, para acompa\u00f1arlo, para que su producto camine. Por eso celebro que la Fundaci\u00f3n del Banco de la Provincia de C\u00f3rdoba siga estando presente, siga invirtiendo sus recursos en apoyar a quienes empiezan\u201d.<\/p>\n<p>El intendente aprovech\u00f3 la oportunidad para agradecer a los intendentes de otras localidades presentes en el evento y los felicit\u00f3 por \u201cconfiar en esta forma de construir pol\u00edtica. Esta es la pol\u00edtica que le resuelve los problemas a la gente. Y esto es para lo cual nosotros tenemos que honrar este momento en el cual la gente nos pone en este lugar. Esta experiencia la podemos contagiar porque realmente funciona y ayuda a crecer al lugar donde uno vive\u201d, continuo Passerini.<\/p>\n<p>Para finalizar, anunci\u00f3 que la Municipalidad de C\u00f3rdoba, a trav\u00e9s de la ADEC y del C\u00f3rdoba Acelera, acompa\u00f1ar\u00e1 a C\u00f3rdoba Emprendedora en todos estos proyectos y fundamentalmente en cada una de las acciones que haga, inclusive fuera de la ciudad de C\u00f3rdoba, a trav\u00e9s del mentoreo, experiencias, acompa\u00f1ando todos estos proyectos, a vincularse, abrirles nuevas oportunidades de mercado y sobre todo colaborar mucho en lo que es la capacitaci\u00f3n.<\/p>\n<p>En esta oportunidad, m\u00e1s de 2000 emprendedores de la ciudad y la provincia, estuvieron presentes, interactuando y capacit\u00e1ndose junto a importantes referentes del ecosistema local y nacional.<\/p>\n<p>Al respecto, Laura Jure, se\u00f1al\u00f3 \u201cA trav\u00e9s de este programa queremos tratar de profesionalizar lo que cada emprendedor ven\u00eda haciendo, de potenciar tambi\u00e9n un ecosistema emprendedor que en C\u00f3rdoba es muy potente. Queremos acompa\u00f1ar a aquellos que tienen un sue\u00f1o y que lo quieren materializar. Y eso sucede cuando uno se prepara para poder lograrlo\u201d.<\/p>\n<p>A lo largo de la jornada se sucedieron charlas y talleres sobre desarrollo personal y gesti\u00f3n de negocios, lecciones tanto de \u00e9xitos como de fracasos, y espacios de networking con l\u00edderes del mundo emprendedor.<\/p>\n<p>Algunos de los disertantes que acompa\u00f1aron la propuesta fueron Los Caligaris, quienes formaron parte de un panel con el foco puesto en lo que es emprender en la m\u00fasica, tambi\u00e9n &nbsp;Luciano Nicora, de Pampa Start Venture Capital y Endeavor; Ren\u00e9 y Jos\u00e9 Reyes, de ReyesRe.creando; Nana Inseul, de Somos Branders; y Marcelo Bechara, de BPO &amp; KPO C\u00f3rdoba Cluster.<\/p>\n<p>Adem\u00e1s, Pablo Cassineiro, presidente de la Fundaci\u00f3n Banco de C\u00f3rdoba anunci\u00f3 la continuaci\u00f3n del apoyo a los emprendedores \u201cVamos a ofrecerles una l\u00ednea de cr\u00e9dito a tasa cero, que tiene tres meses de gracia, a devolver en 21 cuotas y cuya gesti\u00f3n dura solamente apenas una semana ya que en 10 d\u00edas estar\u00e1 materializando el apoyo econ\u00f3mico al proyecto\u201d.<\/p>\n","protected":false},"excerpt":{"rendered":"<p>M\u00e1s de 2000 emprendedores la ciudad y del interior provincial estuvieron presentes. Importantes referentes del ecosistema local y nacional intercambiaron experiencias de \u00e9xitos y\/o fracasos adem\u00e1s de charlas y talleres sobre desarrollo personal y gesti\u00f3n de negocios. Durante el evento, la Fundaci\u00f3n del Banco de la Provincia de C\u00f3rdoba present\u00f3 una l\u00ednea de cr\u00e9dito a [&hellip;]<\/p>\n","protected":false},"author":1,"featured_media":156140,"comment_status":"closed","ping_status":"closed","sticky":false,"template":"","format":"standard","meta":[],"categories":[44],"tags":[],"_links":{"self":[{"href":"http:\/\/cordobadirecto.com\/index.php\/wp-json\/wp\/v2\/posts\/156139"}],"collection":[{"href":"http:\/\/cordobadirecto.com\/index.php\/wp-json\/wp\/v2\/posts"}],"about":[{"href":"http:\/\/cordobadirecto.com\/index.php\/wp-json\/wp\/v2\/types\/post"}],"author":[{"embeddable":true,"href":"http:\/\/cordobadirecto.com\/index.php\/wp-json\/wp\/v2\/users\/1"}],"replies":[{"embeddable":true,"href":"http:\/\/cordobadirecto.com\/index.php\/wp-json\/wp\/v2\/comments?post=156139"}],"version-history":[{"count":0,"href":"http:\/\/cordobadirecto.com\/index.php\/wp-json\/wp\/v2\/posts\/156139\/revisions"}],"wp:featuredmedia":[{"embeddable":true,"href":"http:\/\/cordobadirecto.com\/index.php\/wp-json\/wp\/v2\/media\/156140"}],"wp:attachment":[{"href":"http:\/\/cordobadirecto.com\/index.php\/wp-json\/wp\/v2\/media?parent=156139"}],"wp:term":[{"taxonomy":"category","embeddable":true,"href":"http:\/\/cordobadirecto.com\/index.php\/wp-json\/wp\/v2\/categories?post=156139"},{"taxonomy":"post_tag","embeddable":true,"href":"http:\/\/cordobadirecto.com\/index.php\/wp-json\/wp\/v2\/tags?post=156139"}],"curies":[{"name":"wp","href":"https:\/\/api.w.org\/{rel}","templated":true}]}}