{"id":156145,"date":"2024-09-25T07:00:39","date_gmt":"2024-09-25T07:00:39","guid":{"rendered":"http:\/\/cordobadirecto.com\/index.php\/2024\/09\/25\/en-medio-de-los-devastadores-incendios-javier-milei-viajara-el-miercoles-a-cordoba\/"},"modified":"2024-09-25T07:00:39","modified_gmt":"2024-09-25T07:00:39","slug":"en-medio-de-los-devastadores-incendios-javier-milei-viajara-el-miercoles-a-cordoba","status":"publish","type":"post","link":"http:\/\/cordobadirecto.com\/index.php\/2024\/09\/25\/en-medio-de-los-devastadores-incendios-javier-milei-viajara-el-miercoles-a-cordoba\/","title":{"rendered":"En medio de los devastadores incendios, Javier Milei viajar\u00e1 el mi\u00e9rcoles a <b>C\u00f3rdoba<\/b>"},"content":{"rendered":"<p><b>Econom\u00eda<\/b> y finanzas. Leve suba del d\u00f3lar blue: a cu\u00e1nto cotiza &#8230; Copyright 2024 Diario La <b>Nueva<\/b> Provincia SRL | Todos los derechos reservados | <\/p>\n","protected":false},"excerpt":{"rendered":"<p>Econom\u00eda y finanzas. Leve suba del d\u00f3lar blue: a cu\u00e1nto cotiza &#8230; Copyright 2024 Diario La Nueva Provincia SRL | Todos los derechos reservados |<\/p>\n","protected":false},"author":1,"featured_media":0,"comment_status":"closed","ping_status":"closed","sticky":false,"template":"","format":"standard","meta":[],"categories":[40],"tags":[],"_links":{"self":[{"href":"http:\/\/cordobadirecto.com\/index.php\/wp-json\/wp\/v2\/posts\/156145"}],"collection":[{"href":"http:\/\/cordobadirecto.com\/index.php\/wp-json\/wp\/v2\/posts"}],"about":[{"href":"http:\/\/cordobadirecto.com\/index.php\/wp-json\/wp\/v2\/types\/post"}],"author":[{"embeddable":true,"href":"http:\/\/cordobadirecto.com\/index.php\/wp-json\/wp\/v2\/users\/1"}],"replies":[{"embeddable":true,"href":"http:\/\/cordobadirecto.com\/index.php\/wp-json\/wp\/v2\/comments?post=156145"}],"version-history":[{"count":0,"href":"http:\/\/cordobadirecto.com\/index.php\/wp-json\/wp\/v2\/posts\/156145\/revisions"}],"wp:attachment":[{"href":"http:\/\/cordobadirecto.com\/index.php\/wp-json\/wp\/v2\/media?parent=156145"}],"wp:term":[{"taxonomy":"category","embeddable":true,"href":"http:\/\/cordobadirecto.com\/index.php\/wp-json\/wp\/v2\/categories?post=156145"},{"taxonomy":"post_tag","embeddable":true,"href":"http:\/\/cordobadirecto.com\/index.php\/wp-json\/wp\/v2\/tags?post=156145"}],"curies":[{"name":"wp","href":"https:\/\/api.w.org\/{rel}","templated":true}]}}