{"id":156174,"date":"2024-09-25T19:50:45","date_gmt":"2024-09-25T19:50:45","guid":{"rendered":"https:\/\/cordoba.gob.ar\/?p=61826"},"modified":"2024-09-25T19:50:45","modified_gmt":"2024-09-25T19:50:45","slug":"passerini-relanzo-la-linea-e-estudiantes-recorreran-espacios-enfocados-al-arte-la-cultura-el-deporte-el-ambiente-y-la-ciencia","status":"publish","type":"post","link":"http:\/\/cordobadirecto.com\/index.php\/2024\/09\/25\/passerini-relanzo-la-linea-e-estudiantes-recorreran-espacios-enfocados-al-arte-la-cultura-el-deporte-el-ambiente-y-la-ciencia\/","title":{"rendered":"Passerini relanz\u00f3 la L\u00ednea E: estudiantes recorrer\u00e1n espacios enfocados al arte, la cultura, el deporte, el ambiente y la ciencia"},"content":{"rendered":"<div><img src=\"http:\/\/cordobadirecto.com\/wp-content\/uploads\/2024\/09\/passerini-relanzo-la-linea-e-estudiantes-recorreran-espacios-enfocados-al-arte-la-cultura-el-deporte-el-ambiente-y-la-ciencia.jpg\" class=\"ff-og-image-inserted\"><\/div>\n<ul>\n<li><strong>Puesto en marcha a\u00f1os anteriores, el intendente anunci\u00f3 la puesta en marcha de una nueva edici\u00f3n del programa.<\/strong><\/li>\n<li><strong><strong>Est\u00e1 dirigida a alumnas y alumnos de las escuelas, jardines, modalidad de adultos y Parques Educativos.<\/strong><\/strong><br \/>\n<hr>\n<\/li>\n<\/ul>\n<p>El intendente Daniel Passerini dio inicio a una nueva edici\u00f3n del programa de paseos socioeducativos L\u00ednea E: Encuentro + Educaci\u00f3n, propuesta que brinda a los estudiantes visitas guiadas por diversos espacios de la ciudad.<\/p>\n<p>Esta iniciativa, destinada a promover el acceso a circuitos urbanos, est\u00e1 dirigida a ni\u00f1os, j\u00f3venes y adultos que participan en las escuelas, jardines, Modalidad de Adultos y Parques Educativos.<\/p>\n<p>El Municipio dispondr\u00e1 de tres unidades de transporte de la empresa TAMSE, que han sido equipadas con wifi, puertos USB, audio, y se ha renovado en pleno su dise\u00f1o.<\/p>\n<p>Los Paseos Educativos de L\u00ednea E se dividen en diferentes propuestas de recorridos: Ambiental; Hist\u00f3rico y Derechos Humanos; Cient\u00edfico y Tecnol\u00f3gico, Cultural y Deportivo.<\/p>\n<p>\u201cPara nosotros es muy importante que la educaci\u00f3n sea en los tres sentidos: social, cient\u00edfica y tecnol\u00f3gica. Estamos orgullosos de poder invertir para que los chicos y las chicas tengan acceso a la inform\u00e1tica, a la rob\u00f3tica, que puedan aprender muchas m\u00e1s cosas\u201d, expres\u00f3 el intendente Daniel Passerini.<\/p>\n<p>A su vez, el mandatario municipal mencion\u00f3: \u201cEsta fue una hermosa iniciativa que comenz\u00f3 con nuestro anterior intendente, el gobernador Mart\u00edn Llaryora, y que nosotros queremos sostener en el tiempo\u201d.<\/p>\n<p>Este a\u00f1o la propuesta ofrecer\u00e1 14 destinos, entre los que se destacan: Jard\u00edn Bot\u00e1nico, Parque de la Biodiversidad, Escuela de la Econom\u00eda Circular, Reserva Natural San Martin, Estadio Kempes con el Museo Provincial del Deporte, Centro Hist\u00f3rico con Museo del Cuarteto.<\/p>\n<p>Tambi\u00e9n se visitar\u00e1 el Espacio de la Memoria y Museo Provincial de la Memoria, Centro Verde y Planta de Tratamiento de Residuos, Escuela de Tr\u00e1nsito, Plaza Cielo Tierra, Museos UNC, Observatorio Astron\u00f3mico de C\u00f3rdoba.<\/p>\n<p>Est\u00e1 coordinado por la Subsecretar\u00eda de Educaci\u00f3n Social, Cient\u00edfica y Tecnol\u00f3gica de la Secretar\u00eda de Educaci\u00f3n de la Municipalidad de C\u00f3rdoba y la empresa de transporte TAMSE S.E.<\/p>\n<p>Del evento participaron estudiantes de la Escuela Municipal Primaria de C\u00f3rdoba Mutualismo Argentino y Jard\u00edn Municipal Trinidad Moreno, quienes despu\u00e9s del acto realizaron el primer viaje del programa al Jard\u00edn Bot\u00e1nico.<\/p>\n<p>La secretaria de Educaci\u00f3n, Alicia La Terza, afirm\u00f3: \u201cL\u00ednea E es un puente hacia el conocimiento. Este programa no es solo un paseo, es una apuesta por hacer de C\u00f3rdoba un aula en movimiento, una ciudad que ense\u00f1a y aprende\u00bb.<\/p>\n<p>Por su parte, el presidente de TAMSE, Eduardo Ram\u00edrez, destac\u00f3: \u201cPara nosotros es fundamental que el Estado debe estar presente, hoy mas que nunca. Donde nuestro intendente y todo el gobierno municipal vea una necesidad va a nacer un derecho\u201d.<\/p>\n<p>Finalmente, la Subsecretaria de Educaci\u00f3n Social, Cient\u00edfica y Tecnol\u00f3gica, Eugenia Rotondi, expres\u00f3: \u201cEste programa es una oportunidad invaluable para que nuestros estudiantes y la comunidad en general se conecten con los espacios que forman parte de la identidad cultural y natural de nuestra ciudad\u201d.<\/p>\n<p>En el lanzamiento estuvo presente el secretario de Gobierno, Fiscalizaci\u00f3n y Control, a cargo de la cartera de Movilidad Urbana, Rodrigo Fern\u00e1ndez.<\/p>\n","protected":false},"excerpt":{"rendered":"<p>Puesto en marcha a\u00f1os anteriores, el intendente anunci\u00f3 la puesta en marcha de una nueva edici\u00f3n del programa. Est\u00e1 dirigida a alumnas y alumnos de las escuelas, jardines, modalidad de adultos y Parques Educativos. El intendente Daniel Passerini dio inicio a una nueva edici\u00f3n del programa de paseos socioeducativos L\u00ednea E: Encuentro + Educaci\u00f3n, propuesta [&hellip;]<\/p>\n","protected":false},"author":1,"featured_media":156175,"comment_status":"closed","ping_status":"closed","sticky":false,"template":"","format":"standard","meta":[],"categories":[44],"tags":[],"_links":{"self":[{"href":"http:\/\/cordobadirecto.com\/index.php\/wp-json\/wp\/v2\/posts\/156174"}],"collection":[{"href":"http:\/\/cordobadirecto.com\/index.php\/wp-json\/wp\/v2\/posts"}],"about":[{"href":"http:\/\/cordobadirecto.com\/index.php\/wp-json\/wp\/v2\/types\/post"}],"author":[{"embeddable":true,"href":"http:\/\/cordobadirecto.com\/index.php\/wp-json\/wp\/v2\/users\/1"}],"replies":[{"embeddable":true,"href":"http:\/\/cordobadirecto.com\/index.php\/wp-json\/wp\/v2\/comments?post=156174"}],"version-history":[{"count":0,"href":"http:\/\/cordobadirecto.com\/index.php\/wp-json\/wp\/v2\/posts\/156174\/revisions"}],"wp:featuredmedia":[{"embeddable":true,"href":"http:\/\/cordobadirecto.com\/index.php\/wp-json\/wp\/v2\/media\/156175"}],"wp:attachment":[{"href":"http:\/\/cordobadirecto.com\/index.php\/wp-json\/wp\/v2\/media?parent=156174"}],"wp:term":[{"taxonomy":"category","embeddable":true,"href":"http:\/\/cordobadirecto.com\/index.php\/wp-json\/wp\/v2\/categories?post=156174"},{"taxonomy":"post_tag","embeddable":true,"href":"http:\/\/cordobadirecto.com\/index.php\/wp-json\/wp\/v2\/tags?post=156174"}],"curies":[{"name":"wp","href":"https:\/\/api.w.org\/{rel}","templated":true}]}}