{"id":156292,"date":"2024-09-28T16:28:44","date_gmt":"2024-09-28T16:28:44","guid":{"rendered":"https:\/\/www.ole.com.ar\/autos\/jose-manuel-urcera-sancion-tc-parana_0_ByxlmShKHH.html"},"modified":"2024-09-28T16:28:44","modified_gmt":"2024-09-28T16:28:44","slug":"por-que-urcera-no-sufrira-una-sancion-en-el-tc-de-parana","status":"publish","type":"post","link":"http:\/\/cordobadirecto.com\/index.php\/2024\/09\/28\/por-que-urcera-no-sufrira-una-sancion-en-el-tc-de-parana\/","title":{"rendered":"Por qu\u00e9 Urcera no sufrir\u00e1 una sanci\u00f3n en el TC de Paran\u00e1"},"content":{"rendered":"<p><time class=\"createDate\" datetime=\"2024-09-28T13:28:44-03:00\">28\/09\/2024 13:28hs.<\/time><time class=\"modificatedDate\" datetime=\"2024-09-28T14:28:29-03:00\"> Actualizado al 28\/09\/2024 14:28hs.<\/time><\/p>\n<div id=\"storyBody\">\n<div class=\"custom-text \" readability=\"38.5\">\n<p>En el aut\u00f3dromo de Paran\u00e1, arranc\u00f3 la segunda fecha de la <strong>Copa de Oro<\/strong>, el mini torneo que definir\u00e1 al campe\u00f3n de la temporada. Y en el primer entrenamiento del <strong>Turismo Carretera<\/strong>, el m\u00e1s r\u00e1pido fue <strong>Jos\u00e9 Manuel Urcera<\/strong>, algo que no sorprendi\u00f3 por el rendimiento que hab\u00eda mostrado en todo el a\u00f1o. Sin embargo, la novedad lleg\u00f3 por sus declaraciones con la transmisi\u00f3n oficial, dado que inform\u00f3 que hab\u00eda apelado la sanci\u00f3n impuesta por la Comisi\u00f3n Asesora y Fiscalizadora, luego de que \u00e9l y <strong><a href=\"https:\/\/www.ole.com.ar\/autos\/turismo-carretera-julian-santero-triunfo-san-luis-copa-oro_0_hzyPBgOkBf.html\" target=\"_blank\" title=\"su equipo decidieran no abrir el motor\" alt=\"su equipo decidieran no abrir el motor\" rel=\"noopener\">su equipo decidieran no abrir el <\/a><a href=\"https:\/\/www.ole.com.ar\/autos\/turismo-carretera-julian-santero-triunfo-san-luis-copa-oro_0_hzyPBgOkBf.html\" target=\"_self\" title=\"cap\u00f3\" alt=\"cap\u00f3\" rel=\"noopener\">c<\/a><a href=\"https:\/\/www.ole.com.ar\/autos\/turismo-carretera-julian-santero-triunfo-san-luis-copa-oro_0_hzyPBgOkBf.html\" target=\"_self\" title=\"cap\u00f3\" alt=\"cap\u00f3\" rel=\"noopener\">ap\u00f3<\/a><\/strong> de su Ford Mustang <strong><a href=\"https:\/\/www.ole.com.ar\/autos\/turismo-carretera-escandalo-denuncias-sanciones-gini-ardusso-trucco-urcera_0_snXsQjcP5c.html\" target=\"_blank\" title=\"en San Luis\" alt=\"en San Luis\" rel=\"noopener\">en San Luis<\/a><\/strong>.<\/p>\n<\/div>\n<div class=\"custom-text \" readability=\"40\">\n<p>&#8220;Fui notificado el martes y creo que apel\u00e9 mi\u00e9rcoles o jueves. Me veo involucrado obviamente, creo que llegamos hasta ac\u00e1 trabajando todos en conjunto, el equipo asumiendo los errores que comet\u00ed en pista y obviamente que los apoyo si cometen un error fuera de la pista,<strong> lo que no considero que sea justo es que ese error que comete el equipo recaiga sobre m\u00ed<\/strong>, entonces obviamente me asesor\u00e9 e hice el descargo correspondiente&#8221;, coment\u00f3.<\/p>\n<\/div>\n<div class=\"custom-text \" readability=\"40\">\n<p>\u00bfQu\u00e9 es lo que hab\u00edan decidido los comisarios? B\u00e1sicamente, multarlo con 10 millones de pesos y largar \u00faltimo en la serie en la que participe este domingo. No obstante, al haber iniciado un proceso de apelaci\u00f3n, <strong>el castigo quedar\u00e1 en suspenso hasta que finalice todo<\/strong>. En ese sentido, la decisi\u00f3n definitiva impactar\u00e1 reci\u00e9n en el Gran Premio de San Nicol\u00e1s, que se disputar\u00e1 el 20 de octubre.<\/p>\n<\/div>\n<div class=\"sc-e7b891c4-0 ifHnQL\"><img alt=\"Urcera y el Ford Mustang que no permitieron revisar.\" loading=\"lazy\" width=\"720\" height=\"100\" decoding=\"async\" data-nimg=\"1\" src=\"http:\/\/cordobadirecto.com\/wp-content\/uploads\/2024\/09\/por-que-urcera-no-sufrira-una-sancion-en-el-tc-de-parana.jpg\"><span class=\"epigraphe\">Urcera y el Ford Mustang que no permitieron revisar.<\/span><\/div>\n<p><h2><strong>As\u00ed fueron los primeros entrenamientos en el TC de Paran\u00e1<\/strong><\/h2>\n<\/p>\n<div class=\"custom-text \" readability=\"41\">\n<p>Urcera fue el m\u00e1s veloz de la ma\u00f1ana, con un crono de 1m24s732. Muy cerquita, a apenas 71 cent\u00e9simas, qued\u00f3 Juan Mart\u00edn Trucco con su Dodge Challenger. Luego, el top 5 lo completaron: Valent\u00edn Aguirre, Nicol\u00e1s Trosset y Diego Ciantini. Juli\u00e1n Santero, el l\u00edder del torneo, qued\u00f3 14\u00ba.<\/p>\n<\/div>\n<p><h2><strong>\u00bfC\u00f3mo sigue el fin de semana en Paran\u00e1?<\/strong><\/h2>\n<\/p>\n<div class=\"custom-text \" readability=\"34.331983805668\">\n<p>Este s\u00e1bado <strong><a href=\"https:\/\/www.ole.com.ar\/autos\/turismo-carretera-parana-copa-oro-tc-horarios-ver-tv_0_YEtq0H5qxk.html\" target=\"_blank\" title=\"habr\u00e1 una segunda tanda de ensayos\" alt=\"habr\u00e1 una segunda tanda de ensayos\" rel=\"noopener\">habr\u00e1 una segunda tanda de ensayos<\/a><\/strong>, pactados para las 13.30 y 14.05, respectivamente. La clasificaci\u00f3n, m\u00e1s tarde, ser\u00e1 en cuatro tandas a ocho minutos cada una que se pondr\u00e1n en marcha desde las 16, las 16.13, las 16.26 y 16.39.<\/p>\n<\/div>\n<div class=\"sc-e7b891c4-0 ifHnQL\"><img alt=\"Jos\u00e9 Manuel Urcera quiere un triunfo para so\u00f1ar con el campeonato. \" loading=\"lazy\" width=\"720\" height=\"100\" decoding=\"async\" data-nimg=\"1\" src=\"http:\/\/cordobadirecto.com\/wp-content\/uploads\/2024\/09\/por-que-urcera-no-sufrira-una-sancion-en-el-tc-de-parana-1.jpg\"><span class=\"epigraphe\">Jos\u00e9 Manuel Urcera quiere un triunfo para so\u00f1ar con el campeonato. <\/span><\/div>\n<div class=\"custom-text \" readability=\"39\">\n<p>Ya el domingo, la primera de las tres series a cinco vueltas se iniciar\u00e1 a las 10.10, la segunda largar\u00e1 a las 10.40 y la \u00faltima a las 11.10. Finalmente, se correr\u00e1 la final a 25 vueltas o 50 minutos a partir de las 13.20, y se podr\u00e1 ver por la TV P\u00fablica. El resto contar\u00e1 con la transmisi\u00f3n de Deportv y Motorplay.<\/p>\n<\/div>\n<div class=\"sc-a7166897-0 eoLsBE\" readability=\"6\">\n<section readability=\"2\"><picture><img alt=\"Esc\u00e1ndalo en el TC: denuncias y multas millonarias... \u00bfpero suficientes?\" loading=\"lazy\" width=\"290\" height=\"290\" decoding=\"async\" data-nimg=\"1\" src=\"http:\/\/cordobadirecto.com\/wp-content\/uploads\/2024\/09\/por-que-urcera-no-sufrira-una-sancion-en-el-tc-de-parana-2.jpg\"><\/picture>\n<p><span>Mir\u00e1 tambi\u00e9n<\/span><\/p>\n<hr>\n<h3>Esc\u00e1ndalo en el TC: denuncias y multas millonarias&#8230; \u00bfpero suficientes?<\/h3>\n<\/p>\n<\/section>\n<\/div>\n<div class=\"sc-a7166897-0 eoLsBE\" readability=\"6\">\n<section readability=\"2\"><picture><img alt=\"TC en Paran\u00e1: horarios y d\u00f3nde ver por TV la 2\u00aa fecha de la Copa de Oro\" loading=\"lazy\" width=\"290\" height=\"290\" decoding=\"async\" data-nimg=\"1\" src=\"http:\/\/cordobadirecto.com\/wp-content\/uploads\/2024\/09\/por-que-urcera-no-sufrira-una-sancion-en-el-tc-de-parana-3.jpg\"><\/picture>\n<p><span>Mir\u00e1 tambi\u00e9n<\/span><\/p>\n<hr>\n<h3>TC en Paran\u00e1: horarios y d\u00f3nde ver por TV la 2\u00aa fecha de la Copa de Oro<\/h3>\n<\/p>\n<\/section>\n<\/div>\n<\/div>\n","protected":false},"excerpt":{"rendered":"<p>28\/09\/2024 13:28hs. Actualizado al 28\/09\/2024 14:28hs. En el aut\u00f3dromo de Paran\u00e1, arranc\u00f3 la segunda fecha de la Copa de Oro, el mini torneo que definir\u00e1 al campe\u00f3n de la temporada. Y en el primer entrenamiento del Turismo Carretera, el m\u00e1s r\u00e1pido fue Jos\u00e9 Manuel Urcera, algo que no sorprendi\u00f3 por el rendimiento que hab\u00eda mostrado [&hellip;]<\/p>\n","protected":false},"author":1,"featured_media":156293,"comment_status":"closed","ping_status":"closed","sticky":false,"template":"","format":"standard","meta":[],"categories":[21],"tags":[],"_links":{"self":[{"href":"http:\/\/cordobadirecto.com\/index.php\/wp-json\/wp\/v2\/posts\/156292"}],"collection":[{"href":"http:\/\/cordobadirecto.com\/index.php\/wp-json\/wp\/v2\/posts"}],"about":[{"href":"http:\/\/cordobadirecto.com\/index.php\/wp-json\/wp\/v2\/types\/post"}],"author":[{"embeddable":true,"href":"http:\/\/cordobadirecto.com\/index.php\/wp-json\/wp\/v2\/users\/1"}],"replies":[{"embeddable":true,"href":"http:\/\/cordobadirecto.com\/index.php\/wp-json\/wp\/v2\/comments?post=156292"}],"version-history":[{"count":0,"href":"http:\/\/cordobadirecto.com\/index.php\/wp-json\/wp\/v2\/posts\/156292\/revisions"}],"wp:featuredmedia":[{"embeddable":true,"href":"http:\/\/cordobadirecto.com\/index.php\/wp-json\/wp\/v2\/media\/156293"}],"wp:attachment":[{"href":"http:\/\/cordobadirecto.com\/index.php\/wp-json\/wp\/v2\/media?parent=156292"}],"wp:term":[{"taxonomy":"category","embeddable":true,"href":"http:\/\/cordobadirecto.com\/index.php\/wp-json\/wp\/v2\/categories?post=156292"},{"taxonomy":"post_tag","embeddable":true,"href":"http:\/\/cordobadirecto.com\/index.php\/wp-json\/wp\/v2\/tags?post=156292"}],"curies":[{"name":"wp","href":"https:\/\/api.w.org\/{rel}","templated":true}]}}