{"id":156309,"date":"2024-09-29T08:15:32","date_gmt":"2024-09-29T08:15:32","guid":{"rendered":"https:\/\/puntoapunto.com.ar\/?p=365574"},"modified":"2024-09-29T08:15:32","modified_gmt":"2024-09-29T08:15:32","slug":"javier-milei-firmara-un-decreto-para-privatizar-aerolineas-argentinas","status":"publish","type":"post","link":"http:\/\/cordobadirecto.com\/index.php\/2024\/09\/29\/javier-milei-firmara-un-decreto-para-privatizar-aerolineas-argentinas\/","title":{"rendered":"Javier Milei firmar\u00e1 un decreto para privatizar Aerol\u00edneas Argentinas"},"content":{"rendered":"<div class=\"g g-36\">\n<div class=\"g-dyn a-29 c-1\"><a class=\"gofollow\" data-track=\"MjksMzYsMSw2MA==\" href=\"https:\/\/www.harmoniechateau.com.ar\/\" target=\"_blank\" rel=\"noopener\"><img src=\"http:\/\/cordobadirecto.com\/wp-content\/uploads\/2024\/09\/javier-milei-firmara-un-decreto-para-privatizar-aerolineas-argentinas.gif\" loading=\"lazy\"><\/a><\/div>\n<\/div>\n<p>&nbsp;\n<\/p>\n<p class=\"paragraph\">El presidente<a href=\"https:\/\/puntoapunto.com.ar\/gestion-motosierra-como-cambio-el-gasto-publico-en-la-era-milei\/\">&nbsp;<b>Javier Milei<\/b>&nbsp;<\/a>firmar\u00e1 un decreto para&nbsp;<b>declarar a Aerol\u00edneas Argentinas sujeta a privatizaci\u00f3n<\/b>, anunci\u00f3 este viernes el vocero presidencial Manuel Adorni en medio de la escalada con los gremios aeron\u00e1uticos. La normativa se publicar\u00eda en el Bolet\u00edn Oficial los primeros d\u00edas de la semana que viene.\n<\/p>\n<div class=\"AV6543bedcd858799fe90b5c47\">\n<div id=\"aniBox\">\n<div id=\"aniplayer_AV6543bedcd858799fe90b5c47-1727452355652\">\n<div id=\"aniplayer_AV6543bedcd858799fe90b5c47-1727452355652gui\">\n<div id=\"av-caption\" readability=\"16.5\">\n<div id=\"av-close-btn-overlay\" class=\"av-pos-top-left\" readability=\"28\">\n<p class=\"paragraph\">\u201cEl presidente de la Naci\u00f3n va a firmar un decreto que declarar\u00e1 la empresa Aerol\u00edneas Argentinas sujeta a privatizaci\u00f3n, tal como lo habilita el art\u00edculo 90 de la Ley 23.696 llamada \u2018Ley de Reforma del Estado\u201d, indic\u00f3 Adorni, mientras en la C\u00e1mara de Diputados avanzan&nbsp;<b>dos proyectos de privatizaci\u00f3n<\/b>&nbsp;en las comisiones de Transportes y Presupuesto.\n<\/p>\n<p class=\"paragraph\">A modo de justificaci\u00f3n, el vocero presidencial afirm\u00f3 que \u201cAerol\u00edneas Argentinas arrastra un&nbsp;<b>d\u00e9ficit cr\u00f3nico<\/b>&nbsp;a ra\u00edz de las desastrosas gestiones que realizaron todos y cada uno de los gobiernos populistas, lo que provoca la necesidad de efectuar constantes transferencias de recursos p\u00fablicos que&nbsp;<b>ponen en riesgo la sostenibilidad fiscal\u201d<\/b>.<!-- \u00a1O bien no hay banners, estan desactivados o no estan programados para esta ubicaci\u00f3n! -->\n<\/p>\n<p>\u00abDesde su estatizaci\u00f3n en 2008, los aportes del Estado Nacional&nbsp;<strong>superan los 8 mil millones de d\u00f3lares<\/strong>\u00ab, precis\u00f3 Adorni. Por eso, insisti\u00f3: \u00ab\u00bfPor qu\u00e9 los argentinos que nunca han viajado en su vida&nbsp;<strong>deben cubrir esta atrocidad<\/strong>? No tiene absolutamente ning\u00fan sentido. Evidentemente&nbsp;<strong>la falta de empat\u00eda ha reinado en la Argentina<\/strong>&nbsp;en los \u00faltimos a\u00f1os\u201d.\n<\/p>\n<\/div>\n<\/div>\n<\/div>\n<\/div>\n<\/div>\n<\/div>\n<div class=\"g g-38\">\n<div class=\"g-dyn a-12 c-1\"><a class=\"gofollow\" data-track=\"MTIsMzgsMSw2MA==\" href=\"https:\/\/hospitalprivado.com.ar\/blog\/institucional\/somos-la-primera-institucion-del-interior-del-pais-en-acreditar-joint-commission-international.html\" target=\"_blank\" rel=\"noopener\"><img src=\"http:\/\/cordobadirecto.com\/wp-content\/uploads\/2024\/09\/javier-milei-firmara-un-decreto-para-privatizar-aerolineas-argentinas-1.gif\" loading=\"lazy\"><\/a><\/div>\n<\/div>\n","protected":false},"excerpt":{"rendered":"<p>&nbsp; El presidente&nbsp;Javier Milei&nbsp;firmar\u00e1 un decreto para&nbsp;declarar a Aerol\u00edneas Argentinas sujeta a privatizaci\u00f3n, anunci\u00f3 este viernes el vocero presidencial Manuel Adorni en medio de la escalada con los gremios aeron\u00e1uticos. La normativa se publicar\u00eda en el Bolet\u00edn Oficial los primeros d\u00edas de la semana que viene. \u201cEl presidente de la Naci\u00f3n va a firmar un [&hellip;]<\/p>\n","protected":false},"author":1,"featured_media":156310,"comment_status":"closed","ping_status":"closed","sticky":false,"template":"","format":"standard","meta":[],"categories":[23,25],"tags":[],"_links":{"self":[{"href":"http:\/\/cordobadirecto.com\/index.php\/wp-json\/wp\/v2\/posts\/156309"}],"collection":[{"href":"http:\/\/cordobadirecto.com\/index.php\/wp-json\/wp\/v2\/posts"}],"about":[{"href":"http:\/\/cordobadirecto.com\/index.php\/wp-json\/wp\/v2\/types\/post"}],"author":[{"embeddable":true,"href":"http:\/\/cordobadirecto.com\/index.php\/wp-json\/wp\/v2\/users\/1"}],"replies":[{"embeddable":true,"href":"http:\/\/cordobadirecto.com\/index.php\/wp-json\/wp\/v2\/comments?post=156309"}],"version-history":[{"count":0,"href":"http:\/\/cordobadirecto.com\/index.php\/wp-json\/wp\/v2\/posts\/156309\/revisions"}],"wp:featuredmedia":[{"embeddable":true,"href":"http:\/\/cordobadirecto.com\/index.php\/wp-json\/wp\/v2\/media\/156310"}],"wp:attachment":[{"href":"http:\/\/cordobadirecto.com\/index.php\/wp-json\/wp\/v2\/media?parent=156309"}],"wp:term":[{"taxonomy":"category","embeddable":true,"href":"http:\/\/cordobadirecto.com\/index.php\/wp-json\/wp\/v2\/categories?post=156309"},{"taxonomy":"post_tag","embeddable":true,"href":"http:\/\/cordobadirecto.com\/index.php\/wp-json\/wp\/v2\/tags?post=156309"}],"curies":[{"name":"wp","href":"https:\/\/api.w.org\/{rel}","templated":true}]}}