{"id":156311,"date":"2024-09-29T11:10:48","date_gmt":"2024-09-29T11:10:48","guid":{"rendered":"http:\/\/cordobadirecto.com\/index.php\/2024\/09\/29\/el-80-de-los-inquilinos-esta-por-debajo-de-la-linea-de-pobreza-el-argentino-diario\/"},"modified":"2024-09-29T11:10:48","modified_gmt":"2024-09-29T11:10:48","slug":"el-80-de-los-inquilinos-esta-por-debajo-de-la-linea-de-pobreza-el-argentino-diario","status":"publish","type":"post","link":"http:\/\/cordobadirecto.com\/index.php\/2024\/09\/29\/el-80-de-los-inquilinos-esta-por-debajo-de-la-linea-de-pobreza-el-argentino-diario\/","title":{"rendered":"El 80% de los inquilinos est\u00e1 por debajo de la l\u00ednea de pobreza &#8211; El Argentino Diario"},"content":{"rendered":"<p><b>C\u00f3rdoba<\/b> sigue en alerta por quemas forestales: focos activos en Chancan\u00ed &#8230; El Argentino Diario-Javier Milei. <b>Econom\u00eda<\/b> 8 horas. Katopodis cruz\u00f3 a&nbsp;&#8230; <\/p>\n","protected":false},"excerpt":{"rendered":"<p>C\u00f3rdoba sigue en alerta por quemas forestales: focos activos en Chancan\u00ed &#8230; El Argentino Diario-Javier Milei. Econom\u00eda 8 horas. Katopodis cruz\u00f3 a&nbsp;&#8230;<\/p>\n","protected":false},"author":1,"featured_media":0,"comment_status":"closed","ping_status":"closed","sticky":false,"template":"","format":"standard","meta":[],"categories":[40],"tags":[],"_links":{"self":[{"href":"http:\/\/cordobadirecto.com\/index.php\/wp-json\/wp\/v2\/posts\/156311"}],"collection":[{"href":"http:\/\/cordobadirecto.com\/index.php\/wp-json\/wp\/v2\/posts"}],"about":[{"href":"http:\/\/cordobadirecto.com\/index.php\/wp-json\/wp\/v2\/types\/post"}],"author":[{"embeddable":true,"href":"http:\/\/cordobadirecto.com\/index.php\/wp-json\/wp\/v2\/users\/1"}],"replies":[{"embeddable":true,"href":"http:\/\/cordobadirecto.com\/index.php\/wp-json\/wp\/v2\/comments?post=156311"}],"version-history":[{"count":0,"href":"http:\/\/cordobadirecto.com\/index.php\/wp-json\/wp\/v2\/posts\/156311\/revisions"}],"wp:attachment":[{"href":"http:\/\/cordobadirecto.com\/index.php\/wp-json\/wp\/v2\/media?parent=156311"}],"wp:term":[{"taxonomy":"category","embeddable":true,"href":"http:\/\/cordobadirecto.com\/index.php\/wp-json\/wp\/v2\/categories?post=156311"},{"taxonomy":"post_tag","embeddable":true,"href":"http:\/\/cordobadirecto.com\/index.php\/wp-json\/wp\/v2\/tags?post=156311"}],"curies":[{"name":"wp","href":"https:\/\/api.w.org\/{rel}","templated":true}]}}