{"id":156330,"date":"2024-09-29T16:27:47","date_gmt":"2024-09-29T16:27:47","guid":{"rendered":"https:\/\/www.ole.com.ar\/informacion-general\/lewis-hamilton-adolescencia-depresion-bullying-mercedes-formula-1_0_PT7fBlIbHA.html"},"modified":"2024-09-29T16:27:47","modified_gmt":"2024-09-29T16:27:47","slug":"el-duro-recuerdo-de-lewis-hamilton-sobre-su-adolescencia","status":"publish","type":"post","link":"http:\/\/cordobadirecto.com\/index.php\/2024\/09\/29\/el-duro-recuerdo-de-lewis-hamilton-sobre-su-adolescencia\/","title":{"rendered":"El duro recuerdo de Lewis Hamilton sobre su adolescencia"},"content":{"rendered":"<p><time class=\"createDate\" datetime=\"2024-09-29T13:27:47-03:00\">29\/09\/2024 13:27hs.<\/time><\/p>\n<div id=\"storyBody\">\n<div class=\"custom-text \" readability=\"36.392749244713\">\n<p>Luego de finalizar en la 6\u00b0 posici\u00f3n en el GP de Singapur, <strong><a href=\"https:\/\/www.ole.com.ar\/informacion-general\/lewis-hamilton-adolescencia-depresion-bullying-mercedes-formula-1_0_PT7fBlIbHA.html\" target=\"_self\" title=\"Lewis Hamilton\" alt=\"Lewis Hamilton\" rel=\"noopener\">Lewis Hamilton<\/a><\/strong> aprovech\u00f3 el parate que tendr\u00e1 la F\u00f3rmula 1 hasta mediados de octubre para abrir su coraz\u00f3n con la prensa. Sin embargo, lejos de hablar \u00fanicamente de su trayectoria, el reconocido piloto record\u00f3 un duro episodio que atraves\u00f3 cuando era adolescente.<\/p>\n<\/div>\n<div class=\"custom-text \" readability=\"45\">\n<p>Seg\u00fan \u00e9l mismo relat\u00f3, <strong>sufri\u00f3 racismo desde temprana edad<\/strong>, especialmente en el colegio, donde varios de sus compa\u00f1eros lo hostigaban permanentemente. &#8220;<strong>No hab\u00eda forma de escapar de ello<\/strong>. Lo experimentas en la escuela, en los parques, caminando por la ciudad. No lo entend\u00eda y mis padres nunca me hablaron de ello. Nunca me explicaron lo que estaba pasando. Mi padre simplemente me dec\u00eda: &#8216;Mant\u00e9n la cabeza gacha, aguanta, no digas nada, simplemente golp\u00e9alos en la pista, eso es todo lo que puedes hacer'&#8221;, asegur\u00f3 el hombre de <strong>Mercedes <\/strong>en di\u00e1logo con The Sunday Times.<\/p>\n<\/div>\n<div class=\"sc-e7b891c4-0 ifHnQL\"><img alt=\"Lewis Hamilton, piloto de Mercedes. (AP)\" loading=\"lazy\" width=\"720\" height=\"100\" decoding=\"async\" data-nimg=\"1\" src=\"http:\/\/cordobadirecto.com\/wp-content\/uploads\/2024\/09\/el-duro-recuerdo-de-lewis-hamilton-sobre-su-adolescencia.jpg\"><span class=\"epigraphe\">Lewis Hamilton, piloto de Mercedes. (AP)<\/span><\/div>\n<div class=\"custom-text \" readability=\"44\">\n<p>Aunque dio sus primeros pasos en el automovilismo pr\u00e1cticamente en simult\u00e1neo, no pudo disfrutar del todo el inicio de su carrera porque, en paralelo, sufri\u00f3 depresi\u00f3n. &#8220;<strong>Creo que (me la gener\u00f3) la presi\u00f3n de las carreras y las dificultades en la escuela&#8230; el acoso escolar. No ten\u00eda con qui\u00e9n hablar<\/strong>&#8220;, reflexion\u00f3. Acto seguido, reconoci\u00f3 que esa sensaci\u00f3n regres\u00f3 en 2020 cuando tom\u00f3 conocimiento del asesinato de <strong>George Floyd<\/strong>, un civil estadounidense que perdi\u00f3 la vida luego del ataque de un polic\u00eda. &#8220;Se me salt\u00f3 el corcho. <strong>Me hizo caer de rodillas y llorar, sali\u00f3 toda esta emoci\u00f3n<\/strong>. Fue una experiencia muy extra\u00f1a porque no recuerdo haber llorado desde que era muy joven. Sab\u00eda que ya hab\u00eda tenido suficiente, realmente necesitaba hablar&#8221;, confes\u00f3. <\/p>\n<\/div>\n<div class=\"custom-text \" readability=\"41\">\n<p>Siguiendo la misma l\u00ednea, se refiri\u00f3 a los famosos que, teniendo la posibilidad de marcar una postura p\u00fablicamente para condenar un hecho de estas caracter\u00edsticas, eligen mirar para el costado. &#8220;Hay personas que se quedan en silencio, personas que se sienten sin voz y yo tengo esta plataforma. <strong>Ganar campeonatos es algo incre\u00edble, pero \u00bfqu\u00e9 est\u00e1s haciendo con eso? \u00bfQu\u00e9 est\u00e1s haciendo con tu tiempo en este planeta?<\/strong>&#8220;, remarc\u00f3.<\/p>\n<\/div>\n<div class=\"custom-text \" readability=\"42\">\n<p>A pesar de los duros momentos que vivi\u00f3, el corredor marc\u00f3 que, actualmente, se encuentra en un gran momento con respecto a su salud mental y que, deportivamente, mejor\u00f3 mucho en relaci\u00f3n a lo que fue en sus inicios. &#8220;<strong>Siento que estoy m\u00e1s sano que nunca<\/strong>. Estoy en un lugar muy bueno, f\u00edsica y mentalmente. Mis tiempos de reacci\u00f3n siguen siendo m\u00e1s r\u00e1pidos que los de los j\u00f3venes&#8221;, admiti\u00f3. <\/p>\n<\/div>\n<div class=\"custom-text \" readability=\"42\">\n<p>Para cerrar la idea, dej\u00f3 un motivador mensaje para aquellos que reci\u00e9n arrancan en este camino profesional e hizo una fuerte autocr\u00edtica. &#8220;<strong>Creo que soy mejor piloto que a los 22 a\u00f1os<\/strong>. Era joven, en\u00e9rgico y despiadado, pero sin delicadeza, sin equilibrio. <strong>No sab\u00eda c\u00f3mo ser un jugador de equipo, c\u00f3mo ser un l\u00edder<\/strong>. Para ser un buen piloto de carreras no se trata solo de ser r\u00e1pido, se trata de ser el m\u00e1s completo&#8221;, finaliz\u00f3.<\/p>\n<\/div>\n<div class=\"sc-e7b891c4-0 ifHnQL\"><img alt=\"Lewis Hamilton, piloto de Mercedes. (REUTERS)\" loading=\"lazy\" width=\"720\" height=\"100\" decoding=\"async\" data-nimg=\"1\" src=\"http:\/\/cordobadirecto.com\/wp-content\/uploads\/2024\/09\/el-duro-recuerdo-de-lewis-hamilton-sobre-su-adolescencia-1.jpg\"><span class=\"epigraphe\">Lewis Hamilton, piloto de Mercedes. (REUTERS)<\/span><\/div>\n<p><h2>\u00bfCu\u00e1ndo es la pr\u00f3xima carrera de F1?<\/h2>\n<\/p>\n<div class=\"custom-text \" readability=\"35\">\n<p>El GP de Austin se disputar\u00e1 entre el viernes 18 y el domingo 20 de octubre en el Circuito de las Am\u00e9ricas. El calendario de ese fin de semana ser\u00e1 diferente porque en esta ocasi\u00f3n tambi\u00e9n se realizar\u00e1 un sprint (es decir, una carrera corta que le da puntos a los 8 primeros) el s\u00e1bado 19.<\/p>\n<\/div>\n<div class=\"custom-text \" readability=\"38\">\n<p>En consecuencia, el cronograma se organizar\u00e1 de la siguiente manera: el viernes ser\u00e1 la clasificaci\u00f3n para la sprint race, el s\u00e1bado se disputar\u00e1 ese sprint y luego ser\u00e1 la qualy para la carrera larga. Finalmente, el domingo ser\u00e1 el Gran Premio, que comenzar\u00e1 a las 16:00hs de Argentina.<\/p>\n<\/div>\n<div class=\"sc-a7166897-0 eoLsBE\" readability=\"6\">\n<section readability=\"2\"><picture><img alt=\"Diego Ciantini descorch\u00f3 en el TC en Paran\u00e1 y se arrim\u00f3 a la punta\" loading=\"lazy\" width=\"290\" height=\"290\" decoding=\"async\" data-nimg=\"1\" src=\"http:\/\/cordobadirecto.com\/wp-content\/uploads\/2024\/09\/el-duro-recuerdo-de-lewis-hamilton-sobre-su-adolescencia-2.jpg\"><\/picture>\n<p><span>Mir\u00e1 tambi\u00e9n<\/span><\/p>\n<hr>\n<h3>Diego Ciantini descorch\u00f3 en el TC en Paran\u00e1 y se arrim\u00f3 a la punta<\/h3>\n<\/p>\n<\/section>\n<\/div>\n<div class=\"sc-a7166897-0 eoLsBE\" readability=\"6\">\n<section readability=\"2\"><picture><img alt=\"El Tottenham del Cuti Romero aplast\u00f3 al United de Garnacho y Lisandro\" loading=\"lazy\" width=\"290\" height=\"290\" decoding=\"async\" data-nimg=\"1\" src=\"http:\/\/cordobadirecto.com\/wp-content\/uploads\/2024\/09\/el-duro-recuerdo-de-lewis-hamilton-sobre-su-adolescencia-3.jpg\"><\/picture>\n<p><span>Mir\u00e1 tambi\u00e9n<\/span><\/p>\n<hr>\n<h3>El Tottenham del Cuti Romero aplast\u00f3 al United de Garnacho y Lisandro<\/h3>\n<\/p>\n<\/section>\n<\/div>\n<div class=\"sc-a7166897-0 eoLsBE\" readability=\"6\">\n<section readability=\"2\"><picture><img alt=\"Qu\u00e9 dijo Eduardo Dom\u00ednguez sobre la chance de ser DT de Boca\" loading=\"lazy\" width=\"290\" height=\"290\" decoding=\"async\" data-nimg=\"1\" src=\"http:\/\/cordobadirecto.com\/wp-content\/uploads\/2024\/09\/el-duro-recuerdo-de-lewis-hamilton-sobre-su-adolescencia-4.jpg\"><\/picture>\n<p><span>Mir\u00e1 tambi\u00e9n<\/span><\/p>\n<hr>\n<h3>Qu\u00e9 dijo Eduardo Dom\u00ednguez sobre la chance de ser DT de Boca<\/h3>\n<\/p>\n<\/section>\n<\/div>\n<\/div>\n","protected":false},"excerpt":{"rendered":"<p>29\/09\/2024 13:27hs. Luego de finalizar en la 6\u00b0 posici\u00f3n en el GP de Singapur, Lewis Hamilton aprovech\u00f3 el parate que tendr\u00e1 la F\u00f3rmula 1 hasta mediados de octubre para abrir su coraz\u00f3n con la prensa. Sin embargo, lejos de hablar \u00fanicamente de su trayectoria, el reconocido piloto record\u00f3 un duro episodio que atraves\u00f3 cuando era [&hellip;]<\/p>\n","protected":false},"author":1,"featured_media":156331,"comment_status":"closed","ping_status":"closed","sticky":false,"template":"","format":"standard","meta":[],"categories":[21],"tags":[],"_links":{"self":[{"href":"http:\/\/cordobadirecto.com\/index.php\/wp-json\/wp\/v2\/posts\/156330"}],"collection":[{"href":"http:\/\/cordobadirecto.com\/index.php\/wp-json\/wp\/v2\/posts"}],"about":[{"href":"http:\/\/cordobadirecto.com\/index.php\/wp-json\/wp\/v2\/types\/post"}],"author":[{"embeddable":true,"href":"http:\/\/cordobadirecto.com\/index.php\/wp-json\/wp\/v2\/users\/1"}],"replies":[{"embeddable":true,"href":"http:\/\/cordobadirecto.com\/index.php\/wp-json\/wp\/v2\/comments?post=156330"}],"version-history":[{"count":0,"href":"http:\/\/cordobadirecto.com\/index.php\/wp-json\/wp\/v2\/posts\/156330\/revisions"}],"wp:featuredmedia":[{"embeddable":true,"href":"http:\/\/cordobadirecto.com\/index.php\/wp-json\/wp\/v2\/media\/156331"}],"wp:attachment":[{"href":"http:\/\/cordobadirecto.com\/index.php\/wp-json\/wp\/v2\/media?parent=156330"}],"wp:term":[{"taxonomy":"category","embeddable":true,"href":"http:\/\/cordobadirecto.com\/index.php\/wp-json\/wp\/v2\/categories?post=156330"},{"taxonomy":"post_tag","embeddable":true,"href":"http:\/\/cordobadirecto.com\/index.php\/wp-json\/wp\/v2\/tags?post=156330"}],"curies":[{"name":"wp","href":"https:\/\/api.w.org\/{rel}","templated":true}]}}