{"id":156332,"date":"2024-09-29T12:13:32","date_gmt":"2024-09-29T12:13:32","guid":{"rendered":"https:\/\/www.ole.com.ar\/autos\/formula1-vuelve-argentina-scioli-colapinto_0_bY7GEtMeaD.html"},"modified":"2024-09-29T12:13:32","modified_gmt":"2024-09-29T12:13:32","slug":"vuelve-la-formula-1-a-la-argentina","status":"publish","type":"post","link":"http:\/\/cordobadirecto.com\/index.php\/2024\/09\/29\/vuelve-la-formula-1-a-la-argentina\/","title":{"rendered":"\u00bfVuelve la F\u00f3rmula 1 a la Argentina?"},"content":{"rendered":"<p><time class=\"createDate\" datetime=\"2024-09-29T09:13:32-03:00\">29\/09\/2024 09:13hs.<\/time><\/p>\n<div id=\"storyBody\">\n<div class=\"custom-text \" readability=\"41\">\n<p>El furor por la <strong>F\u00f3rmula 1<\/strong> en la Argentina creci\u00f3 exponencialmente durante el \u00faltimo mes: desde que se anunci\u00f3 la llegada de <strong>Franco Colapinto<\/strong> a Williams para correr durante las \u00faltimas nueve fechas del campeonato, el p\u00fablico se empez\u00f3 a acercar con mayor fuerza a un evento de clase mundial. Es que despu\u00e9s de 23 a\u00f1os, el pa\u00eds volvi\u00f3 a tener un representante en ese grupo de privilegio. Para colmo, los resultados del pilarense ayudaron a que la gente se interesara m\u00e1s. En ese sentido, la gran pregunta que muchos se hicieron era si la M\u00e1xima podr\u00eda incluirnos nuevamente dentro del calendario. Y <strong>Daniel Scioli<\/strong>, secretario de Turismo de la Naci\u00f3n, coment\u00f3 que trabajar\u00e1 para lograrlo.<\/p>\n<\/div>\n<div class=\"custom-text \" readability=\"38\">\n<p>&#8220;Yo me voy a ocupar porque lo habl\u00e9 con el presidente Javier Milei para traer la F\u00f3rmula 1. No tengo duda,<strong> ya est\u00e1n en marcha las conversaciones para traer a nuestro pa\u00eds,<\/strong> porque hoy se permite pensar en grande&#8221;, coment\u00f3 el ex gobernador de la provincia de Buenos Aires que actualmente forma parte del gabinete del mandatario nacional.<\/p>\n<\/div>\n<div class=\"sc-e7b891c4-0 ifHnQL\"><img alt=\"Franco Colapinto, con su casco de Argentina y Bizarrap en Singapur. (Williams Racing)\" loading=\"lazy\" width=\"720\" height=\"100\" decoding=\"async\" data-nimg=\"1\" src=\"http:\/\/cordobadirecto.com\/wp-content\/uploads\/2024\/09\/vuelve-la-formula-1-a-la-argentina.jpg\"><span class=\"epigraphe\">Franco Colapinto, con su casco de Argentina y Bizarrap en Singapur. (Williams Racing)<\/span><\/div>\n<div class=\"custom-text \" readability=\"37\">\n<p>Adem\u00e1s, afirm\u00f3: &#8220;Voy a estar en el mes de noviembre en el Gran Premio de San Pablo hablando con las m\u00e1ximas autoridades de Liberty Media, que definen la fecha para las pr\u00f3ximas temporadas, a partir de este impacto fenomenal que est\u00e1 generando Colapinto&#8221;.<\/p>\n<\/div>\n<div class=\"custom-text \" readability=\"39\">\n<p>Si bien siempre estuvo la ilusi\u00f3n de que el Gran Circo pegara la vuelta al pa\u00eds (la \u00faltima vez fue en 1998, con triunfo de Michael Schumacher), la irrupci\u00f3n de una figura como Colapinto aument\u00f3 el inter\u00e9s para que la FIA se fije en Argentina como un destino para organizar una carrera. Eso s\u00ed,<strong> se necesita de una inversi\u00f3n muy grande<\/strong>, que depender\u00eda casi en exclusividad del sector privado.<\/p>\n<\/div>\n<div class=\"sc-e7b891c4-0 ifHnQL\"><img alt=\"Daniel Scioli, parte del gobierno de Javier Milei. (Maxi Failla)\" loading=\"lazy\" width=\"720\" height=\"100\" decoding=\"async\" data-nimg=\"1\" src=\"http:\/\/cordobadirecto.com\/wp-content\/uploads\/2024\/09\/vuelve-la-formula-1-a-la-argentina-1.jpg\"><span class=\"epigraphe\">Daniel Scioli, parte del gobierno de Javier Milei. (Maxi Failla)<\/span><\/div>\n<div class=\"custom-text \" readability=\"39\">\n<p>&#8220;M\u00e1s all\u00e1 de c\u00f3mo Franco maneja en el auto, el carisma, ha movilizado a la gente joven a volver a acercarse a la F1. Me parece muy importante porque se van dando todas las condiciones en el pa\u00eds para que pensemos en grande y este sector tiene que estar a la vanguardia porque tambi\u00e9n Argentina volvi\u00f3 a ser un destino seguro&#8221;, dijo Scioli, en una charla organizada por la Federaci\u00f3n Internacional del Turismo. Y cerr\u00f3: <strong>&#8220;Argentina est\u00e1 preparada para albergar una carrera de F\u00f3rmula 1<\/strong>&#8220;.<\/p>\n<\/div>\n<div class=\"sc-e7b891c4-0 ifHnQL\"><img alt=\"En 2023, inauguraron la nueva capa asf\u00e1ltica del aut\u00f3dromo Oscar y Juan Galvez.\" loading=\"lazy\" width=\"720\" height=\"100\" decoding=\"async\" data-nimg=\"1\" src=\"http:\/\/cordobadirecto.com\/wp-content\/uploads\/2024\/09\/vuelve-la-formula-1-a-la-argentina-2.jpg\"><span class=\"epigraphe\">En 2023, inauguraron la nueva capa asf\u00e1ltica del aut\u00f3dromo Oscar y Juan Galvez.<\/span><\/div>\n<p><h2><strong>\u00bfD\u00f3nde se podr\u00eda organizar una carrera de F1 en Argentina?<\/strong><\/h2>\n<\/p>\n<div class=\"custom-text \" readability=\"45\">\n<p>Una idea podr\u00eda ser armar un circuito callejero, como ocurre en varias ciudades del mundo. Colapinto, de hecho, viene de actuar en Bak\u00fa y Singapur, dos trazados dise\u00f1ados en las capitales de esas naciones. Otra opci\u00f3n ser\u00eda el trazado internacional de Termas de R\u00edo Hondo, donde corre el MotoGP. A pesar de eso, <strong>lo m\u00e1s l\u00f3gico ser\u00eda albergar la cita en el Aut\u00f3dromo Oscar y Juan G\u00e1lve<\/strong>z. &#8220;Me ten\u00e9s que terminar el aut\u00f3dromo, yo s\u00e9 que est\u00e1n trabajando para que llegue a Categor\u00eda 2, pero necesitamos que llegue a Categor\u00eda 1. Y como s\u00e9 que sos un trabajador incansable lo vas a lograr&#8221;, le dijo el ex deportista a Jorge Macri, jefe de gobierno de la Ciudad de Buenos Aires.<\/p>\n<\/div>\n<div class=\"sc-a7166897-0 eoLsBE\" readability=\"7\">\n<section readability=\"4\"><picture><img alt=\"Christine GZ, la periodista que se viraliz\u00f3 por su charla con Colapinto: &quot;Es tan amable&quot;\" loading=\"lazy\" width=\"290\" height=\"290\" decoding=\"async\" data-nimg=\"1\" src=\"http:\/\/cordobadirecto.com\/wp-content\/uploads\/2024\/09\/vuelve-la-formula-1-a-la-argentina-3.jpg\"><\/picture>\n<p><span>Mir\u00e1 tambi\u00e9n<\/span><\/p>\n<hr>\n<h3>Christine GZ, la periodista que se viraliz\u00f3 por su charla con Colapinto: &#8220;Es tan amable&#8221;<\/h3>\n<\/p>\n<\/section>\n<\/div>\n<div class=\"sc-a7166897-0 eoLsBE\" readability=\"6\">\n<section readability=\"2\"><picture><img alt=\"El tremendo elogio de un ex jefe de la F1 a Franco Colapinto: &quot;Es extraordinario&quot;\" loading=\"lazy\" width=\"290\" height=\"290\" decoding=\"async\" data-nimg=\"1\" src=\"http:\/\/cordobadirecto.com\/wp-content\/uploads\/2024\/09\/vuelve-la-formula-1-a-la-argentina-4.jpg\"><\/picture>\n<p><span>Mir\u00e1 tambi\u00e9n<\/span><\/p>\n<hr>\n<h3>El tremendo elogio de un ex jefe de la F1 a Franco Colapinto: &#8220;Es extraordinario&#8221;<\/h3>\n<\/p>\n<\/section>\n<\/div>\n<\/div>\n","protected":false},"excerpt":{"rendered":"<p>29\/09\/2024 09:13hs. El furor por la F\u00f3rmula 1 en la Argentina creci\u00f3 exponencialmente durante el \u00faltimo mes: desde que se anunci\u00f3 la llegada de Franco Colapinto a Williams para correr durante las \u00faltimas nueve fechas del campeonato, el p\u00fablico se empez\u00f3 a acercar con mayor fuerza a un evento de clase mundial. Es que despu\u00e9s [&hellip;]<\/p>\n","protected":false},"author":1,"featured_media":156333,"comment_status":"closed","ping_status":"closed","sticky":false,"template":"","format":"standard","meta":[],"categories":[21],"tags":[],"_links":{"self":[{"href":"http:\/\/cordobadirecto.com\/index.php\/wp-json\/wp\/v2\/posts\/156332"}],"collection":[{"href":"http:\/\/cordobadirecto.com\/index.php\/wp-json\/wp\/v2\/posts"}],"about":[{"href":"http:\/\/cordobadirecto.com\/index.php\/wp-json\/wp\/v2\/types\/post"}],"author":[{"embeddable":true,"href":"http:\/\/cordobadirecto.com\/index.php\/wp-json\/wp\/v2\/users\/1"}],"replies":[{"embeddable":true,"href":"http:\/\/cordobadirecto.com\/index.php\/wp-json\/wp\/v2\/comments?post=156332"}],"version-history":[{"count":0,"href":"http:\/\/cordobadirecto.com\/index.php\/wp-json\/wp\/v2\/posts\/156332\/revisions"}],"wp:featuredmedia":[{"embeddable":true,"href":"http:\/\/cordobadirecto.com\/index.php\/wp-json\/wp\/v2\/media\/156333"}],"wp:attachment":[{"href":"http:\/\/cordobadirecto.com\/index.php\/wp-json\/wp\/v2\/media?parent=156332"}],"wp:term":[{"taxonomy":"category","embeddable":true,"href":"http:\/\/cordobadirecto.com\/index.php\/wp-json\/wp\/v2\/categories?post=156332"},{"taxonomy":"post_tag","embeddable":true,"href":"http:\/\/cordobadirecto.com\/index.php\/wp-json\/wp\/v2\/tags?post=156332"}],"curies":[{"name":"wp","href":"https:\/\/api.w.org\/{rel}","templated":true}]}}