{"id":156370,"date":"2024-09-29T20:30:40","date_gmt":"2024-09-29T20:30:40","guid":{"rendered":"https:\/\/www.ole.com.ar\/fuera-de-juego\/franco-colapinto-natalie-perez-majo-martino-cande-tinelli-foto-fiesta_0_hbJx7wUlnv.html"},"modified":"2024-09-29T20:30:40","modified_gmt":"2024-09-29T20:30:40","slug":"quienes-son-las-cuatro-famosas-que-posaron-con-franco-colapinto-en-madrid","status":"publish","type":"post","link":"http:\/\/cordobadirecto.com\/index.php\/2024\/09\/29\/quienes-son-las-cuatro-famosas-que-posaron-con-franco-colapinto-en-madrid\/","title":{"rendered":"Qui\u00e9nes son las cuatro famosas que posaron con Franco Colapinto en Madrid"},"content":{"rendered":"<p><time class=\"createDate\" datetime=\"2024-09-29T17:30:40-03:00\">29\/09\/2024 17:30hs.<\/time><time class=\"modificatedDate\" datetime=\"2024-09-29T17:32:29-03:00\"> Actualizado al 29\/09\/2024 17:32hs.<\/time><\/p>\n<div id=\"storyBody\">\n<div class=\"custom-text \" readability=\"35.059016393443\">\n<p>Luego de correr sus primeras tres carreras de F\u00f3rmula 1 (en las que marc\u00f3 precedentes positivos e incluso lleg\u00f3 a sumar puntos) <strong><a href=\"https:\/\/www.ole.com.ar\/tema\/franco-colapinto.html\" target=\"_self\" title=\"Franco Colapinto\" alt=\"Franco Colapinto\" rel=\"noopener\">Franco Colapinto<\/a><\/strong> aprovech\u00f3 el parate que tendr\u00e1 hasta mediados de octubre para disfrutar con amigos. Sin embargo, afuera de las pistas, el piloto<strong> <\/strong>tambi\u00e9n fue protagonista.<\/p>\n<\/div>\n<div class=\"custom-text \" readability=\"39\">\n<p>En esta oportunidad, el hombre de <strong>Williams <\/strong>asisti\u00f3 a una cena que organiz\u00f3 un reconocido relacionista p\u00fablico en Madrid en la que coincidi\u00f3 con distintos compatriotas y se tom\u00f3 varias fotos. No obstante, en una de las postales que se volvi\u00f3 viral en las redes sociales, <strong>se lo pudo apreciar con dos periodistas, una cantante y una modelo<\/strong>. <\/p>\n<\/div>\n<div class=\"custom-text \" readability=\"37\">\n<p><strong>Natalie P\u00e9rez<\/strong>,<strong> Majo Martino<\/strong>, <strong>Candelaria Tinelli <\/strong>y <strong>Morena L\u00f3pez Blanco<\/strong> fueron las cuatro famosas que formaron parte de la velada y no tardaron en posar con la estrella del automovilismo argentino, que retomar\u00e1 su calendario en el GP de Austin. <\/p>\n<\/div>\n<div class=\"sc-e7b891c4-0 ifHnQL\"><img alt=\"Franco Colapinto comparti\u00f3 una cena con varias famosas argentinas en Madrid. (FOTO: Instagram de Gaby \u00c1lvarez)\" loading=\"lazy\" width=\"720\" height=\"100\" decoding=\"async\" data-nimg=\"1\" src=\"http:\/\/cordobadirecto.com\/wp-content\/uploads\/2024\/09\/quienes-son-las-cuatro-famosas-que-posaron-con-franco-colapinto-en-madrid.jpg\"><span class=\"epigraphe\">Franco Colapinto comparti\u00f3 una cena con varias famosas argentinas en Madrid. (FOTO: Instagram de Gaby \u00c1lvarez)<\/span><\/div>\n<p><h2>\u00bfC\u00f3mo le fue a Franco Colapinto en sus primeras tres carreras de F\u00f3rmula 1?<\/h2>\n<\/p>\n<div class=\"custom-text \" readability=\"44\">\n<p><strong>Franco Colapinto<\/strong> debut\u00f3 en la F\u00f3rmula 1 en el <strong>GP de Monza<\/strong>, donde finaliz\u00f3 en la 12\u00b0 posici\u00f3n, es decir, seis lugares por delante de su puesto de largada. Luego, <strong>hizo historia en el circuito callejero de Bak\u00fa<\/strong>, donde qued\u00f3 entre los 10 mejores, m\u00e1s precisamente <strong>octavo<\/strong>, y <strong>sum\u00f3 puntos por primera vez<\/strong>. Finalmente, complet\u00f3 sus tercer desaf\u00edo en Singapur, donde <strong>estuvo muy cerca de meterse en el top ten<\/strong> pero no lo logr\u00f3 y se ubic\u00f3 11\u00b0.<\/p>\n<\/div>\n<div type=\"embed\" class=\"sc-3f46f5ae-0 djVTgz\">\n<div class=\"sc-3f46f5ae-1 fTjZec videoText\" id=\"contentTitleembed3CPbstlc\" type=\"embed\"><svg fill=\"#ffffff\"><symbol id=\"play\" viewBox=\"0 0 512 512\"><path d=\"M512 256C512 397.4 397.4 512 256 512C114.6 512 0 397.4 0 256C0 114.6 114.6 0 256 0C397.4 0 512 114.6 512 256zM176 168V344C176 352.7 180.7 360.7 188.3 364.9C195.8 369.2 205.1 369 212.5 364.5L356.5 276.5C363.6 272.1 368 264.4 368 256C368 247.6 363.6 239.9 356.5 235.5L212.5 147.5C205.1 142.1 195.8 142.8 188.3 147.1C180.7 151.3 176 159.3 176 168V168z\" \/><\/symbol><use xlink:href=\"#play\" \/><\/svg><\/p>\n<div class=\"right\">\n<p>Franco Colapinto<!-- --> &#8211;<!-- --> <span>&nbsp;<\/span><\/p>\n<h2 class=\"title-vid\">La palabra de Franco Colapinto en Bak\u00fa<\/h2>\n<\/div>\n<\/div>\n<p><span class=\"back\" id=\"spanBackembed3CPbstlc\"><\/span><\/div>\n<p><h2>\u00bfCu\u00e1ndo es la pr\u00f3xima carrera de F1?<\/h2>\n<\/p>\n<div class=\"custom-text \" readability=\"35\">\n<p>El <strong>GP de Austin <\/strong>se disputar\u00e1 entre el viernes 18 y el domingo 20 de octubre en el Circuito de las Am\u00e9ricas. El calendario de ese fin de semana ser\u00e1 diferente porque en esta ocasi\u00f3n tambi\u00e9n se realizar\u00e1 un sprint (es decir, una carrera corta que le da puntos a los ocho primeros) el s\u00e1bado 19.<\/p>\n<\/div>\n<div class=\"custom-text \" readability=\"38\">\n<p>En consecuencia, el cronograma se organizar\u00e1 de la siguiente manera: el viernes ser\u00e1 la clasificaci\u00f3n para la sprint race, el s\u00e1bado se disputar\u00e1 ese sprint y luego ser\u00e1 la qualy para la carrera larga. Finalmente, el domingo ser\u00e1 el Gran Premio, que comenzar\u00e1 a las 16 horas de Argentina.<\/p>\n<\/div>\n<p><h2>\u00bfQu\u00e9 dijo Daniel Scioli sobre la posibilidad de traer la F\u00f3rmula 1 a la Argentina?<\/h2>\n<\/p>\n<div class=\"custom-text \" readability=\"42\">\n<p>En su car\u00e1cter de secretario de Turismo de la Naci\u00f3n, <strong>Daniel Scioli <\/strong>reconoci\u00f3 que est\u00e1 en sus planes la idea de traer la M\u00e1xima a la Argentina. &#8220;Yo me voy a ocupar porque lo habl\u00e9 con el presidente<strong> Javier Milei<\/strong> para traer la F\u00f3rmula 1. No tengo duda, ya est\u00e1n en marcha las conversaciones para traer a nuestro pa\u00eds, porque hoy se permite pensar en grande&#8221;, asegur\u00f3. Del mismo modo, confirm\u00f3: &#8220;Voy a estar en el mes de noviembre en el Gran Premio de San Pablo hablando con las m\u00e1ximas autoridades de Liberty Media, que definen la fecha para las pr\u00f3ximas temporadas, a partir de este impacto fenomenal que est\u00e1 generando Colapinto&#8221;.<\/p>\n<\/div>\n<div class=\"sc-a7166897-0 eoLsBE\" readability=\"6\">\n<section readability=\"2\"><picture><img alt=\"Caso Urcera y TC: ni el f\u00fatbol se anim\u00f3 a tanto\" loading=\"lazy\" width=\"290\" height=\"290\" decoding=\"async\" data-nimg=\"1\" src=\"http:\/\/cordobadirecto.com\/wp-content\/uploads\/2024\/09\/quienes-son-las-cuatro-famosas-que-posaron-con-franco-colapinto-en-madrid-1.jpg\"><\/picture>\n<p><span>Mir\u00e1 tambi\u00e9n<\/span><\/p>\n<hr>\n<h3>Caso Urcera y TC: ni el f\u00fatbol se anim\u00f3 a tanto<\/h3>\n<\/p>\n<\/section>\n<\/div>\n<div class=\"sc-a7166897-0 eoLsBE\" readability=\"6\">\n<section readability=\"2\"><picture><img alt=\"El duro recuerdo de Lewis Hamilton sobre su adolescencia\" loading=\"lazy\" width=\"290\" height=\"290\" decoding=\"async\" data-nimg=\"1\" src=\"http:\/\/cordobadirecto.com\/wp-content\/uploads\/2024\/09\/quienes-son-las-cuatro-famosas-que-posaron-con-franco-colapinto-en-madrid-2.jpg\"><\/picture>\n<p><span>Mir\u00e1 tambi\u00e9n<\/span><\/p>\n<hr>\n<h3>El duro recuerdo de Lewis Hamilton sobre su adolescencia<\/h3>\n<\/p>\n<\/section>\n<\/div>\n<div class=\"sc-a7166897-0 eoLsBE\" readability=\"7\">\n<section readability=\"4\"><picture><img alt=\"El cl\u00e1sico de Juli\u00e1n Alvarez: puesto raro de entrada, un ratito de 9 y salida con el Atl\u00e9tico 0-1\" loading=\"lazy\" width=\"290\" height=\"290\" decoding=\"async\" data-nimg=\"1\" src=\"http:\/\/cordobadirecto.com\/wp-content\/uploads\/2024\/09\/quienes-son-las-cuatro-famosas-que-posaron-con-franco-colapinto-en-madrid-3.jpg\"><\/picture>\n<p><span>Mir\u00e1 tambi\u00e9n<\/span><\/p>\n<hr>\n<h3>El cl\u00e1sico de Juli\u00e1n Alvarez: puesto raro de entrada, un ratito de 9 y salida con el Atl\u00e9tico 0-1<\/h3>\n<\/p>\n<\/section>\n<\/div>\n<\/div>\n","protected":false},"excerpt":{"rendered":"<p>29\/09\/2024 17:30hs. Actualizado al 29\/09\/2024 17:32hs. Luego de correr sus primeras tres carreras de F\u00f3rmula 1 (en las que marc\u00f3 precedentes positivos e incluso lleg\u00f3 a sumar puntos) Franco Colapinto aprovech\u00f3 el parate que tendr\u00e1 hasta mediados de octubre para disfrutar con amigos. Sin embargo, afuera de las pistas, el piloto tambi\u00e9n fue protagonista. En [&hellip;]<\/p>\n","protected":false},"author":1,"featured_media":156371,"comment_status":"closed","ping_status":"closed","sticky":false,"template":"","format":"standard","meta":[],"categories":[21],"tags":[],"_links":{"self":[{"href":"http:\/\/cordobadirecto.com\/index.php\/wp-json\/wp\/v2\/posts\/156370"}],"collection":[{"href":"http:\/\/cordobadirecto.com\/index.php\/wp-json\/wp\/v2\/posts"}],"about":[{"href":"http:\/\/cordobadirecto.com\/index.php\/wp-json\/wp\/v2\/types\/post"}],"author":[{"embeddable":true,"href":"http:\/\/cordobadirecto.com\/index.php\/wp-json\/wp\/v2\/users\/1"}],"replies":[{"embeddable":true,"href":"http:\/\/cordobadirecto.com\/index.php\/wp-json\/wp\/v2\/comments?post=156370"}],"version-history":[{"count":0,"href":"http:\/\/cordobadirecto.com\/index.php\/wp-json\/wp\/v2\/posts\/156370\/revisions"}],"wp:featuredmedia":[{"embeddable":true,"href":"http:\/\/cordobadirecto.com\/index.php\/wp-json\/wp\/v2\/media\/156371"}],"wp:attachment":[{"href":"http:\/\/cordobadirecto.com\/index.php\/wp-json\/wp\/v2\/media?parent=156370"}],"wp:term":[{"taxonomy":"category","embeddable":true,"href":"http:\/\/cordobadirecto.com\/index.php\/wp-json\/wp\/v2\/categories?post=156370"},{"taxonomy":"post_tag","embeddable":true,"href":"http:\/\/cordobadirecto.com\/index.php\/wp-json\/wp\/v2\/tags?post=156370"}],"curies":[{"name":"wp","href":"https:\/\/api.w.org\/{rel}","templated":true}]}}