{"id":156372,"date":"2024-09-30T18:01:25","date_gmt":"2024-09-30T18:01:25","guid":{"rendered":"https:\/\/www.ole.com.ar\/futbol-ascenso\/central-norte-finalista-federal-ascenso-primer-nacional-cuervo-azabache_0_uuh6t2zP89.html"},"modified":"2024-09-30T18:01:25","modified_gmt":"2024-09-30T18:01:25","slug":"lleno-un-estadio-mundialista-gano-y-quedo-a-90-minutos-de-volver-a-la-primera-nacional","status":"publish","type":"post","link":"http:\/\/cordobadirecto.com\/index.php\/2024\/09\/30\/lleno-un-estadio-mundialista-gano-y-quedo-a-90-minutos-de-volver-a-la-primera-nacional\/","title":{"rendered":"Llen\u00f3 un estadio mundialista, gan\u00f3 y qued\u00f3 a 90 minutos de volver a la Primera Nacional"},"content":{"rendered":"<div><img src=\"http:\/\/cordobadirecto.com\/wp-content\/uploads\/2024\/09\/lleno-un-estadio-mundialista-gano-y-quedo-a-90-minutos-de-volver-a-la-primera-nacional.jpg\" class=\"ff-og-image-inserted\"><\/div>\n<p><time class=\"createDate\" datetime=\"2024-09-30T09:55:43-03:00\">30\/09\/2024 09:55hs.<\/time><\/p>\n<div id=\"storyBody\">\n<div class=\"custom-text \" readability=\"42\">\n<p>El <strong>estadio Padre Martearena<\/strong> fue construido en la zona Sur de Salta capital para ser sede del Mundial Sub 20 2001 que, finalmente, se llev\u00f3 Argentina. Tambi\u00e9n fue escenario de recitales (Indio Solari, Shakira, Ricardo Arjona y Tini entre otros), partidos de Copa Am\u00e9rica, por Copa Argentina, del Rugby Championship y m\u00e1s&#8230; <\/p>\n<\/div>\n<div class=\"custom-text \" readability=\"33.067484662577\">\n<p>Este domingo, <strong>con casi 25.000 espectadores, volvi\u00f3 a tener una jornada gloriosa<\/strong> al ver c\u00f3mo uno de sus habituales inquilinos se met\u00eda en la final del <strong><a href=\"https:\/\/www.ole.com.ar\/tema\/federal-a.html\" title=\"Federal A\" alt=\"Federal A\" class=\"slug\">Federal A<\/a><\/strong>.<\/p>\n<\/div>\n<div class=\"custom-text \" readability=\"33.823255813953\">\n<p><strong><a href=\"https:\/\/www.ole.com.ar\/tema\/central-norte.html\" title=\"Central Norte\" alt=\"Central Norte\" class=\"slug\">Central Norte<\/a>,<\/strong> tras igualar 0-0 en Tandil durante el juego semifinal de ida, <strong>derrot\u00f3 1-0 (gol de Germ\u00e1n Lesman a los 16&#8242;) a Santamarina y se enclav\u00f3 en la definici\u00f3n por el primera ascenso a la Primera Nacional<\/strong>.<\/p>\n<\/div>\n<div class=\"custom-text \" readability=\"38\">\n<p>Los dirigidos por V\u00edctor Riggio se prometieron dejar todo el pr\u00f3ximo domingo <strong>en el reinagurado estadio Bicentenario de Catamarca<\/strong> (inagurado en 2010, reinagurado en 2022), donde<strong> se jugar\u00e1 el encuentro definitorio<\/strong> (horario a confirmar) <strong>frente a los santiague\u00f1os de Sarmiento de La Banda<\/strong>. En el caso de igualdad, el ascenso se definir\u00e1 por penales.<\/p>\n<\/div>\n<div class=\"custom-text \" readability=\"38\">\n<p>&#8220;So\u00f1\u00e9 siempre este momento en jugar una final para que Central pueda volver a la segunda categor\u00eda. El sue\u00f1o hay que hacerlo realidad el d\u00eda domingo, esa es la gran situaci\u00f3n que vivimos. El plantel est\u00e1 tranquilo. Los chicos est\u00e1n sobrios, maduros y los de experiencia saben lo que tienen que hacer. Quiero so\u00f1arlo y despertarme con Central en el Nacional B&#8221;, dijo el Tano.<\/p>\n<\/div>\n<div type=\"embed\" class=\"sc-3f46f5ae-0 djVTgz\">\n<div class=\"sc-3f46f5ae-1 fTjZec videoText\" id=\"contentTitleembedjWUuElT7\" type=\"embed\"><svg fill=\"#ffffff\"><symbol id=\"play\" viewBox=\"0 0 512 512\"><path d=\"M512 256C512 397.4 397.4 512 256 512C114.6 512 0 397.4 0 256C0 114.6 114.6 0 256 0C397.4 0 512 114.6 512 256zM176 168V344C176 352.7 180.7 360.7 188.3 364.9C195.8 369.2 205.1 369 212.5 364.5L356.5 276.5C363.6 272.1 368 264.4 368 256C368 247.6 363.6 239.9 356.5 235.5L212.5 147.5C205.1 142.1 195.8 142.8 188.3 147.1C180.7 151.3 176 159.3 176 168V168z\" \/><\/symbol><use xlink:href=\"#play\" \/><\/svg><\/p>\n<div class=\"right\">\n<p>Central Norte<!-- --> &#8211;<!-- --> <span>&nbsp;<\/span><\/p>\n<h2 class=\"title-vid\">Los hinchas de Central Norte coparon el Martearena y el Cuervo se meti\u00f3 en la final del Federal A<\/h2>\n<\/div>\n<\/div>\n<p><span class=\"back\" id=\"spanBackembedjWUuElT7\"><\/span><\/div>\n<p><h2><strong>El \u00fanico antecedente de Central Norte en la Primera Nacional<\/strong><\/h2>\n<\/p>\n<div class=\"custom-text \" readability=\"35\">\n<p><strong>La primera y \u00faltima participaci\u00f3n del Azabache en la categor\u00eda fue en el primer torneo de la BN, all\u00e1 por la temporada 1986-87, donde descendi\u00f3 en un particular triangular.<\/strong> <\/p>\n<\/div>\n<div class=\"custom-text \" readability=\"38\">\n<p>Con diez triunfos, 14 empates y 18 derrotas, acab\u00f3 en el fondo de la tabla con las mismas unidaes de Chacarita y Gimnasia de Jujuy. Los tres partidos del triangular desempate acabaron empatados. Pero se tomaron los resultados entre s\u00ed del campeonato. As\u00ed las cosas, Central Norte qued\u00f3 en el \u00faltimo lugar aunque inicialmente ten\u00eda la mejor diferencia de gol positiva&#8230; <strong>Tendr\u00e1 su gran revancha despu\u00e9s de 37 a\u00f1os.<\/strong><\/p>\n<\/div>\n<div class=\"custom-text \" readability=\"41\">\n<p>En el caso del Cuervo, no s\u00f3lo tienen experiencia en el vieja Primera B Nacional, sino que <strong>tambi\u00e9n disput\u00f3&nbsp;siete de los viejos torneos Nacionales en la Primera Divisi\u00f3n de nuestro f\u00fatbol: 1974,\u200b 1976,\u200b 1977,\u200b 1980,\u200b 1982,\u200b 1984\u200b y 1985.<\/strong><\/p>\n<\/div>\n<div class=\"custom-text \" readability=\"38\">\n<p>Central Norte fue uno de los equipos m\u00e1s regulares a lo largo de todo el campeonato. En la primera instancia&nbsp;termin\u00f3 primero en el Grupo 4, tambi\u00e9n con Sarmiento de La Banda como escolta, y ya en la Zona Campeonato lider\u00f3 el Grupo B, con 18 puntos, uno m\u00e1s que el Profesor.<\/p>\n<\/div>\n<div type=\"embed\" class=\"sc-3f46f5ae-0 djVTgz\">\n<div class=\"sc-3f46f5ae-1 fTjZec videoText\" id=\"contentTitleembedjLCQXpHz\" type=\"embed\"><svg fill=\"#ffffff\"><symbol id=\"play\" viewBox=\"0 0 512 512\"><path d=\"M512 256C512 397.4 397.4 512 256 512C114.6 512 0 397.4 0 256C0 114.6 114.6 0 256 0C397.4 0 512 114.6 512 256zM176 168V344C176 352.7 180.7 360.7 188.3 364.9C195.8 369.2 205.1 369 212.5 364.5L356.5 276.5C363.6 272.1 368 264.4 368 256C368 247.6 363.6 239.9 356.5 235.5L212.5 147.5C205.1 142.1 195.8 142.8 188.3 147.1C180.7 151.3 176 159.3 176 168V168z\" \/><\/symbol><use xlink:href=\"#play\" \/><\/svg><\/p>\n<div class=\"right\">\n<p>Central Norte<!-- --> &#8211;<!-- --> <span>&nbsp;<\/span><\/p>\n<h2 class=\"title-vid\">El festejo final de los hinchas de Central Norte que coparon el Martearena salte\u00f1o<\/h2>\n<\/div>\n<\/div>\n<p><span class=\"back\" id=\"spanBackembedjLCQXpHz\"><\/span><\/div>\n<p><h2><strong>Sarmiento de La Banda, el rival de fuste que aparece del otro lado<\/strong><\/h2>\n<\/p>\n<div class=\"custom-text \" readability=\"38\">\n<p>Santiago del Estero viene hace a\u00f1os pisando fuerte en el f\u00fatbol argentino y poco a poco fue ganando espacio en las categor\u00edas m\u00e1s importantes de nuestro pa\u00eds. <strong>Con&nbsp;Central C\u00f3rdoba&nbsp;en la&nbsp;Liga Profesional,&nbsp;hoy como m\u00e1ximo exponente de la provincia, y con&nbsp;G\u00fcemes&nbsp;y&nbsp;Mitre&nbsp;en la&nbsp;Primera Nacional, el f\u00fatbol santiague\u00f1o podr\u00eda sumar un nuevo equipo <\/strong>a la Segunda Divisi\u00f3n de nuestro pa\u00eds:&nbsp;Sarmiento de La Banda.<\/p>\n<\/div>\n<div class=\"custom-text \" readability=\"40\">\n<p>El Profesor, fundado el 16 de abril de 1909, igual\u00f3 0-0 ante Ciudad de Bol\u00edvar y, tras el 1-0 en la ida, se meti\u00f3 en la final por el Ascenso. Hab\u00eda finalizado segundo en el Grupo B de la Zona Campeonato en su primera participaci\u00f3n en la categor\u00eda. Ahora, s\u00f3lo 90 minutos separan a Sarmiento de la Primera Nacional.<\/p>\n<\/div>\n<\/div>\n","protected":false},"excerpt":{"rendered":"<p>30\/09\/2024 09:55hs. El estadio Padre Martearena fue construido en la zona Sur de Salta capital para ser sede del Mundial Sub 20 2001 que, finalmente, se llev\u00f3 Argentina. Tambi\u00e9n fue escenario de recitales (Indio Solari, Shakira, Ricardo Arjona y Tini entre otros), partidos de Copa Am\u00e9rica, por Copa Argentina, del Rugby Championship y m\u00e1s&#8230; Este [&hellip;]<\/p>\n","protected":false},"author":1,"featured_media":156373,"comment_status":"closed","ping_status":"closed","sticky":false,"template":"","format":"standard","meta":[],"categories":[21],"tags":[],"_links":{"self":[{"href":"http:\/\/cordobadirecto.com\/index.php\/wp-json\/wp\/v2\/posts\/156372"}],"collection":[{"href":"http:\/\/cordobadirecto.com\/index.php\/wp-json\/wp\/v2\/posts"}],"about":[{"href":"http:\/\/cordobadirecto.com\/index.php\/wp-json\/wp\/v2\/types\/post"}],"author":[{"embeddable":true,"href":"http:\/\/cordobadirecto.com\/index.php\/wp-json\/wp\/v2\/users\/1"}],"replies":[{"embeddable":true,"href":"http:\/\/cordobadirecto.com\/index.php\/wp-json\/wp\/v2\/comments?post=156372"}],"version-history":[{"count":0,"href":"http:\/\/cordobadirecto.com\/index.php\/wp-json\/wp\/v2\/posts\/156372\/revisions"}],"wp:featuredmedia":[{"embeddable":true,"href":"http:\/\/cordobadirecto.com\/index.php\/wp-json\/wp\/v2\/media\/156373"}],"wp:attachment":[{"href":"http:\/\/cordobadirecto.com\/index.php\/wp-json\/wp\/v2\/media?parent=156372"}],"wp:term":[{"taxonomy":"category","embeddable":true,"href":"http:\/\/cordobadirecto.com\/index.php\/wp-json\/wp\/v2\/categories?post=156372"},{"taxonomy":"post_tag","embeddable":true,"href":"http:\/\/cordobadirecto.com\/index.php\/wp-json\/wp\/v2\/tags?post=156372"}],"curies":[{"name":"wp","href":"https:\/\/api.w.org\/{rel}","templated":true}]}}