{"id":156385,"date":"2024-09-30T22:26:04","date_gmt":"2024-09-30T22:26:04","guid":{"rendered":"https:\/\/cordoba.gob.ar\/?p=61952"},"modified":"2024-09-30T22:26:04","modified_gmt":"2024-09-30T22:26:04","slug":"en-el-dia-mundial-del-corazon-passerini-participo-en-la-feria-saludable-en-el-hospital-italiano","status":"publish","type":"post","link":"http:\/\/cordobadirecto.com\/index.php\/2024\/09\/30\/en-el-dia-mundial-del-corazon-passerini-participo-en-la-feria-saludable-en-el-hospital-italiano\/","title":{"rendered":"En el D\u00eda Mundial del Coraz\u00f3n, Passerini particip\u00f3 en la Feria Saludable en el Hospital Italiano"},"content":{"rendered":"<div><img src=\"http:\/\/cordobadirecto.com\/wp-content\/uploads\/2024\/10\/en-el-dia-mundial-del-corazon-passerini-participo-en-la-feria-saludable-en-el-hospital-italiano.jpg\" class=\"ff-og-image-inserted\"><\/div>\n<ul>\n<li>El<strong> evento busc\u00f3 concientizar a la comunidad sobre la importancia de cuidar la salud cardiovascular.<\/strong><\/li>\n<\/ul>\n<hr>\n<p dir=\"auto\">En el marco del D\u00eda Mundial del Coraz\u00f3n, el intendente Daniel Passerini particip\u00f3 de la jornada de concientizaci\u00f3n que se llev\u00f3 a cabo en el Hospital Italiano.<\/p>\n<p dir=\"auto\">Bajo el lema elegido por la Federaci\u00f3n Mundial del Coraz\u00f3n, \u00abUsemos el Coraz\u00f3n para Actuar\u00bb, el evento busc\u00f3 concientizar a la comunidad sobre la importancia de cuidar la salud cardiovascular y el impacto positivo que peque\u00f1as acciones pueden tener en la prevenci\u00f3n de enfermedades del coraz\u00f3n.<\/p>\n<p dir=\"auto\">\u201c<em>Estamos trabajando, generando conciencia para que la reanimaci\u00f3n y todas las actividades preventivas sean parte de nuestra rutina<\/em>\u201d, expres\u00f3 el intendente Daniel Passerini.<\/p>\n<p dir=\"auto\">La actividad central de la jornada fue la \u00abFeria Saludable\u00bb, que invit\u00f3 a los vecinos a conocer m\u00e1s sobre h\u00e1bitos alimentarios, ejercicio f\u00edsico y cuidados preventivos para evitar enfermedades cardiovasculares.<\/p>\n<p dir=\"auto\">Tambi\u00e9n asistieron el Concejal Nicol\u00e1s Piloni y el Director del Hospital Italiano, Dr. Juan Horacio Gras.<\/p>\n<p dir=\"auto\">La Organizaci\u00f3n Mundial de la Salud estableci\u00f3 el D\u00eda Mundial del Coraz\u00f3n en el a\u00f1o 2000 para alertar sobre una problem\u00e1tica que provoca 17,1 millones de muertes anuales a nivel global, en su mayor\u00eda debidas a infartos de miocardio y accidentes cerebrovasculares, situaciones que pueden prevenirse con un estilo de vida saludable.<\/p>\n","protected":false},"excerpt":{"rendered":"<p>El evento busc\u00f3 concientizar a la comunidad sobre la importancia de cuidar la salud cardiovascular. En el marco del D\u00eda Mundial del Coraz\u00f3n, el intendente Daniel Passerini particip\u00f3 de la jornada de concientizaci\u00f3n que se llev\u00f3 a cabo en el Hospital Italiano. Bajo el lema elegido por la Federaci\u00f3n Mundial del Coraz\u00f3n, \u00abUsemos el Coraz\u00f3n [&hellip;]<\/p>\n","protected":false},"author":1,"featured_media":156386,"comment_status":"closed","ping_status":"closed","sticky":false,"template":"","format":"standard","meta":[],"categories":[44],"tags":[],"_links":{"self":[{"href":"http:\/\/cordobadirecto.com\/index.php\/wp-json\/wp\/v2\/posts\/156385"}],"collection":[{"href":"http:\/\/cordobadirecto.com\/index.php\/wp-json\/wp\/v2\/posts"}],"about":[{"href":"http:\/\/cordobadirecto.com\/index.php\/wp-json\/wp\/v2\/types\/post"}],"author":[{"embeddable":true,"href":"http:\/\/cordobadirecto.com\/index.php\/wp-json\/wp\/v2\/users\/1"}],"replies":[{"embeddable":true,"href":"http:\/\/cordobadirecto.com\/index.php\/wp-json\/wp\/v2\/comments?post=156385"}],"version-history":[{"count":0,"href":"http:\/\/cordobadirecto.com\/index.php\/wp-json\/wp\/v2\/posts\/156385\/revisions"}],"wp:featuredmedia":[{"embeddable":true,"href":"http:\/\/cordobadirecto.com\/index.php\/wp-json\/wp\/v2\/media\/156386"}],"wp:attachment":[{"href":"http:\/\/cordobadirecto.com\/index.php\/wp-json\/wp\/v2\/media?parent=156385"}],"wp:term":[{"taxonomy":"category","embeddable":true,"href":"http:\/\/cordobadirecto.com\/index.php\/wp-json\/wp\/v2\/categories?post=156385"},{"taxonomy":"post_tag","embeddable":true,"href":"http:\/\/cordobadirecto.com\/index.php\/wp-json\/wp\/v2\/tags?post=156385"}],"curies":[{"name":"wp","href":"https:\/\/api.w.org\/{rel}","templated":true}]}}