{"id":156387,"date":"2024-09-30T19:44:29","date_gmt":"2024-09-30T19:44:29","guid":{"rendered":"https:\/\/es.digitaltrends.com\/?p=1042016"},"modified":"2024-09-30T19:44:29","modified_gmt":"2024-09-30T19:44:29","slug":"peaky-blinders-la-pelicula-tommy-shelby-esta-de-vuelta","status":"publish","type":"post","link":"http:\/\/cordobadirecto.com\/index.php\/2024\/09\/30\/peaky-blinders-la-pelicula-tommy-shelby-esta-de-vuelta\/","title":{"rendered":"Peaky Blinders la pel\u00edcula: Tommy Shelby est\u00e1 de vuelta"},"content":{"rendered":"<figure id=\"attachment_1020303\" aria-describedby=\"caption-attachment-1020303\" class=\"wp-caption alignnone\"><img src=\"http:\/\/cordobadirecto.com\/wp-content\/uploads\/2024\/10\/peaky-blinders-la-pelicula-tommy-shelby-esta-de-vuelta.jpg\" data-dt-lazy-src=\"http:\/\/cordobadirecto.com\/wp-content\/uploads\/2024\/10\/peaky-blinders-la-pelicula-tommy-shelby-esta-de-vuelta.jpg\" fetchpriority=\"high\" decoding=\"async\" class=\" size-full wp-image-1020303 h-lightbox is-zoomable dt-lazy-no\" alt=\"Tommy Shelby\" srcset=\"http:\/\/cordobadirecto.com\/wp-content\/uploads\/2024\/10\/peaky-blinders-la-pelicula-tommy-shelby-esta-de-vuelta-1.jpg 414w, http:\/\/cordobadirecto.com\/wp-content\/uploads\/2024\/10\/peaky-blinders-la-pelicula-tommy-shelby-esta-de-vuelta.jpg\" sizes=\"(max-width: 650px) 414px\"><figcaption id=\"caption-attachment-1020303\" class=\"wp-caption-text\"><span class=\"credit\">DTES<\/span><\/figcaption><\/figure>\n<p>Sigue el rodaje de la pel\u00edcula sobre <a href=\"https:\/\/es.digitaltrends.com\/entretenimiento\/pelicula-peaky-blinders-rebecca-ferguson\/\"><em><strong>Peaky Blinders<\/strong><\/em><\/a>&nbsp;que est\u00e1 produciendo Netflix y este 30 de septiembre la cadena est\u00e1 completa, ya que el eslab\u00f3n que faltaba se dej\u00f3 ver en una fotograf\u00eda.<\/p>\n<p>Se puede ver la primera imagen oficial de Cillian Murphy en su regreso como Tommy Shelby. A trav\u00e9s de <a href=\"https:\/\/x.com\/netflix\/status\/1840769285624332530\">una breve publicaci\u00f3n en X (Twitter)<\/a>, la plataforma de streaming entreg\u00f3 el vistazo inicial al largometraje que continuar\u00e1 los eventos de su popular serie.<\/p>\n<p>En la publicaci\u00f3n se pueden ver dos im\u00e1genes: una de ellas muestra a Cillian Murphy de perfil, vestido con el tradicional outfit de Tommy Shelby; mientras que la otra lo tiene al ganador del Oscar compartiendo un momento junto a Steven Knight, creador de&nbsp;<em>Peaky Blinders<\/em>&nbsp;y guionista del filme.<\/p>\n<p>\u00abPor orden de los&nbsp;<em>Peaky Blinders<\/em>\u2026 Tommy Shelby est\u00e1 de regreso\u00bb, dice Netflix<\/p>\n<blockquote class=\"h-lazy-embed\" data-width=\"500\" data-dnt=\"true\" data-initial-classes=\"twitter-tweet\" data-embed-name=\"twitter\" data-sdk-src=\"\/\/platform.twitter.com\/widgets.js\">\n<p lang=\"en\" dir=\"ltr\">By order of the Peaky Blinders\u2026 Tommy Shelby is back. <\/p>\n<p>Cillian Murphy and Steven Knight are reunited on set as production officially starts on the upcoming Netflix film. <a href=\"https:\/\/t.co\/qWsQuntzCe\">pic.twitter.com\/qWsQuntzCe<\/a><\/p>\n<p>&amp;mdash; Netflix (@netflix) <a href=\"https:\/\/twitter.com\/netflix\/status\/1840769285624332530?ref_src=twsrc%5Etfw\">September 30, 2024<\/a><\/p>\n<\/blockquote>\n<p>\u00abParece que Tommy Shelby no hab\u00eda terminado conmigo. Es muy gratificante volver a colaborar con Steven Knight y Tom Harper en la versi\u00f3n cinematogr\u00e1fica de <em>Peaky Blinders<\/em>. Esto es para los fan\u00e1ticos\u00bb, hab\u00eda dicho Murphy tras confirmarse la realizaci\u00f3n del largometraje.<\/p>\n<p>La pel\u00edcula deber\u00eda estar lista para estreno a finales de 2025 o principios de 2026.<\/p>\n<p> <span id=\"publisher-md\" itemprop=\"publisher\" itemscope itemtype=\"https:\/\/schema.org\/Organization\"> <span itemprop=\"url\" itemtype=\"https:\/\/schema.org\/Url\" content=\"https:\/\/es.digitaltrends.com\"> <span itemprop=\"logo\" itemscope itemtype=\"https:\/\/schema.org\/ImageObject\"> <meta itemprop=\"url\" content=\"https:\/\/cdn.dtcn.com\/dt\/dt-logo-small.png\"> <meta itemprop=\"width\" content=\"0\"> <meta itemprop=\"height\" content=\"0\"> <\/span> <meta itemprop=\"name\" content=\"Digital Trends Espa\u00f1ol\"> <\/span> <span itemprop=\"image\" itemscope itemtype=\"https:\/\/schema.org\/ImageObject\"> <meta itemprop=\"url\" content=\"https:\/\/es.digitaltrends.com\/wp-content\/uploads\/2021\/12\/finalseasonpeaky_3657823.jpg?p=1\"> <\/span> <\/span> <\/p>\n","protected":false},"excerpt":{"rendered":"<p>DTES Sigue el rodaje de la pel\u00edcula sobre Peaky Blinders&nbsp;que est\u00e1 produciendo Netflix y este 30 de septiembre la cadena est\u00e1 completa, ya que el eslab\u00f3n que faltaba se dej\u00f3 ver en una fotograf\u00eda. Se puede ver la primera imagen oficial de Cillian Murphy en su regreso como Tommy Shelby. A trav\u00e9s de una breve [&hellip;]<\/p>\n","protected":false},"author":1,"featured_media":156388,"comment_status":"closed","ping_status":"closed","sticky":false,"template":"","format":"standard","meta":[],"categories":[18],"tags":[],"_links":{"self":[{"href":"http:\/\/cordobadirecto.com\/index.php\/wp-json\/wp\/v2\/posts\/156387"}],"collection":[{"href":"http:\/\/cordobadirecto.com\/index.php\/wp-json\/wp\/v2\/posts"}],"about":[{"href":"http:\/\/cordobadirecto.com\/index.php\/wp-json\/wp\/v2\/types\/post"}],"author":[{"embeddable":true,"href":"http:\/\/cordobadirecto.com\/index.php\/wp-json\/wp\/v2\/users\/1"}],"replies":[{"embeddable":true,"href":"http:\/\/cordobadirecto.com\/index.php\/wp-json\/wp\/v2\/comments?post=156387"}],"version-history":[{"count":0,"href":"http:\/\/cordobadirecto.com\/index.php\/wp-json\/wp\/v2\/posts\/156387\/revisions"}],"wp:featuredmedia":[{"embeddable":true,"href":"http:\/\/cordobadirecto.com\/index.php\/wp-json\/wp\/v2\/media\/156388"}],"wp:attachment":[{"href":"http:\/\/cordobadirecto.com\/index.php\/wp-json\/wp\/v2\/media?parent=156387"}],"wp:term":[{"taxonomy":"category","embeddable":true,"href":"http:\/\/cordobadirecto.com\/index.php\/wp-json\/wp\/v2\/categories?post=156387"},{"taxonomy":"post_tag","embeddable":true,"href":"http:\/\/cordobadirecto.com\/index.php\/wp-json\/wp\/v2\/tags?post=156387"}],"curies":[{"name":"wp","href":"https:\/\/api.w.org\/{rel}","templated":true}]}}