{"id":156390,"date":"2024-10-01T15:03:32","date_gmt":"2024-10-01T15:03:32","guid":{"rendered":"http:\/\/estaciontrip.com.ar\/?p=9452"},"modified":"2024-10-01T15:03:32","modified_gmt":"2024-10-01T15:03:32","slug":"cordoba-presento-en-fit-2024-su-campana-de-verano","status":"publish","type":"post","link":"http:\/\/cordobadirecto.com\/index.php\/2024\/10\/01\/cordoba-presento-en-fit-2024-su-campana-de-verano\/","title":{"rendered":"C\u00f3rdoba present\u00f3 en FIT 2024 su campa\u00f1a de verano"},"content":{"rendered":"<p><em>La temporada 24\/25 que tendr\u00e1 como slogan \u00abViv\u00ed todos tus veranos\u00bb, se lanz\u00f3 a pura emoci\u00f3n, aportada por una ni\u00f1a baterista, protagonista del spot de campa\u00f1a.<\/em><\/p>\n<p>En el tercer d\u00eda de la Feria Internacional de Turismo, la Agencia C\u00f3rdoba Turismo present\u00f3 su nueva campa\u00f1a de verano bajo el lema \u00abViv\u00ed todos tus veranos\u00bb.<\/p>\n<p><strong><em>\u00abQueremos marcar tendencia este verano, y por eso nos atrevemos a ser los primeros en presentar nuestra campa\u00f1a\u00bb,<\/em><\/strong>&nbsp;expres\u00f3 Dar\u00edo Capitani, presidente de la Agencia C\u00f3rdoba Turismo.&nbsp;<strong><em>\u00abEstamos convencidos de que tenemos todo lo necesario y mucho m\u00e1s para ofrecer a los turistas una experiencia inolvidable en nuestra provincia\u00bb.<\/em><\/strong><\/p>\n<figure class=\"wp-block-image size-large\"><a href=\"http:\/\/cordobadirecto.com\/wp-content\/uploads\/2024\/10\/cordoba-presento-en-fit-2024-su-campana-de-verano-4.png\"><img loading=\"lazy\" decoding=\"async\" width=\"1024\" height=\"684\" src=\"http:\/\/cordobadirecto.com\/wp-content\/uploads\/2024\/10\/cordoba-presento-en-fit-2024-su-campana-de-verano.png\" alt class=\"wp-image-9453\" srcset=\"http:\/\/cordobadirecto.com\/wp-content\/uploads\/2024\/10\/cordoba-presento-en-fit-2024-su-campana-de-verano.png 1024w, http:\/\/cordobadirecto.com\/wp-content\/uploads\/2024\/10\/cordoba-presento-en-fit-2024-su-campana-de-verano-2.png 300w, http:\/\/cordobadirecto.com\/wp-content\/uploads\/2024\/10\/cordoba-presento-en-fit-2024-su-campana-de-verano-3.png 768w, http:\/\/cordobadirecto.com\/wp-content\/uploads\/2024\/10\/cordoba-presento-en-fit-2024-su-campana-de-verano-4.png 1536w\" sizes=\"(max-width: 1024px) 100vw, 1024px\"><\/a><\/figure>\n<p>La presentaci\u00f3n destac\u00f3 a Juanita Baterista, una ni\u00f1a cordobesa de 6 a\u00f1os apasionada por la m\u00fasica y la bater\u00eda, quien gui\u00f3 a los asistentes a trav\u00e9s de la mejor oferta tur\u00edstica de C\u00f3rdoba para este verano.<\/p>\n<p>Con este evento, qued\u00f3 oficialmente inaugurada la Campa\u00f1a de Verano de la Provincia de C\u00f3rdoba. Todos los presentes fueron invitados al After C\u00f3rdoba, que comenz\u00f3 minutos despu\u00e9s del cierre de expositores en el espacio cubierto de la la Rural de Palermo. As\u00ed, el evento se traslad\u00f3 al sector del picadero, en el espacio exterior de la feria, en el escenario FIT, con m\u00fasica en vivo a cargo del Clan, la banda de la Mona y Juanita Baterista, adem\u00e1s de numerosos premios y sorpresas.<\/p>\n<p>El evento fue encabezado por el presidente de la Agencia C\u00f3rdoba Turismo, Dar\u00edo Capitani; el secretario de Turismo, Deportes y Ambiente de la Naci\u00f3n, Daniel Scioli; acompa\u00f1ado por el legislador provincial y presidente del bloque Hacemos Unidos por C\u00f3rdoba, Miguel Siciliano, autoridades de todos los municipios provinciales, y el directorio de la Agencia C\u00f3rdoba Turismo.<\/p>\n<figure class=\"wp-block-image size-large\"><a href=\"http:\/\/cordobadirecto.com\/wp-content\/uploads\/2024\/10\/cordoba-presento-en-fit-2024-su-campana-de-verano-7.png\"><img loading=\"lazy\" decoding=\"async\" width=\"1024\" height=\"684\" src=\"http:\/\/cordobadirecto.com\/wp-content\/uploads\/2024\/10\/cordoba-presento-en-fit-2024-su-campana-de-verano-1.png\" alt class=\"wp-image-9454\" srcset=\"http:\/\/cordobadirecto.com\/wp-content\/uploads\/2024\/10\/cordoba-presento-en-fit-2024-su-campana-de-verano-1.png 1024w, http:\/\/cordobadirecto.com\/wp-content\/uploads\/2024\/10\/cordoba-presento-en-fit-2024-su-campana-de-verano-5.png 300w, http:\/\/cordobadirecto.com\/wp-content\/uploads\/2024\/10\/cordoba-presento-en-fit-2024-su-campana-de-verano-6.png 768w, http:\/\/cordobadirecto.com\/wp-content\/uploads\/2024\/10\/cordoba-presento-en-fit-2024-su-campana-de-verano-7.png 1536w\" sizes=\"(max-width: 1024px) 100vw, 1024px\"><\/a><\/figure>\n<p>Durante esta tercera jornada de la feria de turismo, se realizaron rondas comerciales, un espacio de bienestar, y destacadas presentaciones como la Oktoberfest y el Corredor Tur\u00edstico Cultural del Norte Cordob\u00e9s. Adem\u00e1s, se llevaron a cabo varios shows de cocina, entre ellos el de Quilino, el Festival de la Empanada de Cabrito y otras delicias del norte cordob\u00e9s. Tambi\u00e9n se presentaron COCINA SHOW: \u00abNoroeste, Sabores de mi Tierra\u00bb, la C\u00e1mara Argentina del Man\u00ed, \u00abSan Francisco, Bagna Cauda\u00bb, \u00abLa Calera, Festival del Lomito\u00bb, y la regi\u00f3n de Pocho y el Noroeste.<\/p>\n<figure class=\"wp-block-image size-large\"><a href=\"http:\/\/cordobadirecto.com\/wp-content\/uploads\/2024\/10\/cordoba-presento-en-fit-2024-su-campana-de-verano-3.jpg\"><img loading=\"lazy\" decoding=\"async\" width=\"1024\" height=\"682\" src=\"http:\/\/cordobadirecto.com\/wp-content\/uploads\/2024\/10\/cordoba-presento-en-fit-2024-su-campana-de-verano.jpg\" alt class=\"wp-image-9455\" srcset=\"http:\/\/cordobadirecto.com\/wp-content\/uploads\/2024\/10\/cordoba-presento-en-fit-2024-su-campana-de-verano.jpg 1024w, http:\/\/cordobadirecto.com\/wp-content\/uploads\/2024\/10\/cordoba-presento-en-fit-2024-su-campana-de-verano-1.jpg 300w, http:\/\/cordobadirecto.com\/wp-content\/uploads\/2024\/10\/cordoba-presento-en-fit-2024-su-campana-de-verano-2.jpg 768w, http:\/\/cordobadirecto.com\/wp-content\/uploads\/2024\/10\/cordoba-presento-en-fit-2024-su-campana-de-verano-3.jpg 1280w\" sizes=\"(max-width: 1024px) 100vw, 1024px\"><\/a><\/figure>\n","protected":false},"excerpt":{"rendered":"<p>La temporada 24\/25 que tendr\u00e1 como slogan \u00abViv\u00ed todos tus veranos\u00bb, se lanz\u00f3 a pura emoci\u00f3n, aportada por una ni\u00f1a baterista, protagonista del spot de campa\u00f1a. En el tercer d\u00eda de la Feria Internacional de Turismo, la Agencia C\u00f3rdoba Turismo present\u00f3 su nueva campa\u00f1a de verano bajo el lema \u00abViv\u00ed todos tus veranos\u00bb. \u00abQueremos marcar [&hellip;]<\/p>\n","protected":false},"author":1,"featured_media":156391,"comment_status":"closed","ping_status":"closed","sticky":false,"template":"","format":"standard","meta":[],"categories":[22],"tags":[],"_links":{"self":[{"href":"http:\/\/cordobadirecto.com\/index.php\/wp-json\/wp\/v2\/posts\/156390"}],"collection":[{"href":"http:\/\/cordobadirecto.com\/index.php\/wp-json\/wp\/v2\/posts"}],"about":[{"href":"http:\/\/cordobadirecto.com\/index.php\/wp-json\/wp\/v2\/types\/post"}],"author":[{"embeddable":true,"href":"http:\/\/cordobadirecto.com\/index.php\/wp-json\/wp\/v2\/users\/1"}],"replies":[{"embeddable":true,"href":"http:\/\/cordobadirecto.com\/index.php\/wp-json\/wp\/v2\/comments?post=156390"}],"version-history":[{"count":0,"href":"http:\/\/cordobadirecto.com\/index.php\/wp-json\/wp\/v2\/posts\/156390\/revisions"}],"wp:featuredmedia":[{"embeddable":true,"href":"http:\/\/cordobadirecto.com\/index.php\/wp-json\/wp\/v2\/media\/156391"}],"wp:attachment":[{"href":"http:\/\/cordobadirecto.com\/index.php\/wp-json\/wp\/v2\/media?parent=156390"}],"wp:term":[{"taxonomy":"category","embeddable":true,"href":"http:\/\/cordobadirecto.com\/index.php\/wp-json\/wp\/v2\/categories?post=156390"},{"taxonomy":"post_tag","embeddable":true,"href":"http:\/\/cordobadirecto.com\/index.php\/wp-json\/wp\/v2\/tags?post=156390"}],"curies":[{"name":"wp","href":"https:\/\/api.w.org\/{rel}","templated":true}]}}