{"id":156393,"date":"2024-10-01T15:34:30","date_gmt":"2024-10-01T15:34:30","guid":{"rendered":"https:\/\/puntoapunto.com.ar\/?p=365615"},"modified":"2024-10-01T15:34:30","modified_gmt":"2024-10-01T15:34:30","slug":"el-desafio-de-milei-estabilizacion-economica-aumento-de-reservas-y-generacion-de-confianza","status":"publish","type":"post","link":"http:\/\/cordobadirecto.com\/index.php\/2024\/10\/01\/el-desafio-de-milei-estabilizacion-economica-aumento-de-reservas-y-generacion-de-confianza\/","title":{"rendered":"El desaf\u00edo de Milei: estabilizaci\u00f3n econ\u00f3mica, aumento de reservas y generaci\u00f3n de confianza"},"content":{"rendered":"<div class=\"flex max-w-full flex-col flex-grow\">\n<div class=\"min-h-8 text-message flex w-full flex-col items-end gap-2 whitespace-normal break-words [.text-message+&amp;]:mt-5\" dir=\"auto\" data-message-author-role=\"assistant\" data-message-id=\"020636f6-3254-4aa4-8eec-e10a1868b6a3\">\n<div class=\"flex w-full flex-col gap-1 empty:hidden first:pt-[3px]\">\n<div class=\"markdown prose w-full break-words dark:prose-invert light\">\n<div class=\"g g-36\">\n<div class=\"g-dyn a-29 c-1\"><a class=\"gofollow\" data-track=\"MjksMzYsMSw2MA==\" href=\"https:\/\/www.harmoniechateau.com.ar\/\" target=\"_blank\" rel=\"noopener\"><img src=\"http:\/\/cordobadirecto.com\/wp-content\/uploads\/2024\/10\/el-desafio-de-milei-estabilizacion-economica-aumento-de-reservas-y-generacion-de-confianza.gif\" loading=\"lazy\"><\/a><\/div>\n<\/div>\n<\/div>\n<\/div>\n<\/div>\n<\/div>\n<p>&nbsp;\n<\/p>\n<p>A pesar de la recuperaci\u00f3n econ\u00f3mica observada en julio,<strong> los indicadores adelantados de agosto muestran se\u00f1ales de desaceleraci\u00f3n,<\/strong> seg\u00fan un informe de la consultora<a href=\"https:\/\/www.cohen.com.ar\/\"> Cohen Aliados Financieros.<\/a> La creciente pobreza y el deterioro del mercado laboral est\u00e1n afectando la confianza en el gobierno, que registr\u00f3 una importante ca\u00edda en el \u00faltimo mes. Esta situaci\u00f3n podr\u00eda priorizar las decisiones pol\u00edticas sobre las <strong>reformas econ\u00f3micas necesarias, como la normalizaci\u00f3n del mercado cambiario, lo que postergar\u00eda soluciones clave para estabilizar la econom\u00eda.<\/strong>\n<\/p>\n<p>Uno de los principales focos de atenci\u00f3n sigue siendo l<strong>a lucha contra la inflaci\u00f3n, que permanece en torno al 4%<\/strong> mensual desde mayo. A pesar de un entorno global favorable para los mercados emergentes, en Argentina, el mercado local empieza a mostrar signos de impaciencia. Aunque la brecha cambiaria se redujo en septiembre, el Tesoro enfrent\u00f3 dificultades en su \u00faltima licitaci\u00f3n de deuda, y los bonos en d\u00f3lares, junto con el \u00edndice Merval, registraron leves retrocesos.\n<\/p>\n<p><strong>Pobreza, un indicador alarmante<\/strong><!-- \u00a1O bien no hay banners, estan desactivados o no estan programados para esta ubicaci\u00f3n! -->\n<\/p>\n<p>El informe destaca que la pobreza en Argentina alcanz\u00f3 el 52,9% en el primer semestre de 2024, marcando un aumento de 11,2 puntos porcentuales respecto al semestre anterior. Aunque los programas de asistencia como la Asignaci\u00f3n Universal por Hijo (AUH) lograron reducir la pobreza infantil, <strong>el impacto sobre los mayores de 65 a\u00f1os sigue siendo limitado, con una tasa de pobreza del 29,8% para este grupo etario.<\/strong>\n<\/p>\n<p><strong>Mejora en salarios, pero insuficiente<\/strong><\/p>\n<p>En cuanto al mercado laboral,<strong> los salarios en el sector privado registrado y el sector p\u00fablico mostraron incrementos en julio, superando la inflaci\u00f3n mensual.<\/strong> Sin embargo, en t\u00e9rminos reales, los salarios a\u00fan se encuentran por debajo de los niveles del a\u00f1o anterior, lo que subraya la dificultad de recuperar el poder adquisitivo en un contexto de alta inflaci\u00f3n acumulada.\n<\/p>\n<p><strong>Indicadores mixtos en la actividad econ\u00f3mica<\/strong>\n<\/p>\n<p><strong>Despu\u00e9s de un crecimiento del 1,7% en la actividad econ\u00f3mica de julio, los indicadores adelantados de agosto muestran resultados mixtos<\/strong>. Mientras que algunos sectores como el acero y los patentamientos de autos y motos registraron incrementos, la demanda de electricidad en la industria y la producci\u00f3n de autom\u00f3viles experimentaron ca\u00eddas.\n<\/p>\n<p><strong>Ca\u00edda de la confianza en el gobierno<\/strong>\n<\/p>\n<p>El informe de Cohen tambi\u00e9n resalta una significativa ca\u00edda en el \u00cdndice de Confianza en el Gobierno (ICG), que baj\u00f3 un 14,8% en septiembre. Esta disminuci\u00f3n es la segunda mayor registrada desde 2004, lo que refleja el impacto que la situaci\u00f3n econ\u00f3mica est\u00e1 teniendo en la percepci\u00f3n p\u00fablica sobre la gesti\u00f3n gubernamental.\n<\/p>\n<p><strong>Blanqueo y mercado cambiario<\/strong>\n<\/p>\n<p>En un contexto donde el gobierno ha extendido el <a href=\"https:\/\/puntoapunto.com.ar\/blanqueo-el-gobierno-prorrogo-primera-etapa-hasta-el-31-de-octubre\/\">blanqueo<\/a> de capitales, los dep\u00f3sitos en moneda extranjera mostraron un crecimiento significativo, sumando<strong> US$ 10.252 millones desde el inicio del programa<\/strong>. Sin embargo, el Banco Central no ha logrado incrementar de manera significativa las reservas internacionales, que siguen en un saldo negativo de alrededor de<strong> US$ 3.600 millones.<\/strong> La demanda de divisas para el pago de importaciones podr\u00eda aumentar la presi\u00f3n sobre el mercado cambiario en los pr\u00f3ximos meses.\n<\/p>\n<p><strong>Desaf\u00edos a futuro<\/strong>\n<\/p>\n<p>El informe concluye que, si bien algunos sectores han mostrado mejoras, <strong>los problemas estructurales persisten, como la falta de avances en la flexibilizaci\u00f3n del control de cambios y las dificultades para aumentar las reservas netas.<\/strong> Con un contexto internacional que a\u00fan es favorable para los mercados emergentes, el desaf\u00edo del gobierno ser\u00e1 <strong>generar confianza y avanzar en las reformas pendientes para estabilizar la econom\u00eda y mejorar el panorama social en los pr\u00f3ximos meses.<\/strong>\n<\/p>\n<div class=\"g g-38\">\n<div class=\"g-dyn a-12 c-1\"><a class=\"gofollow\" data-track=\"MTIsMzgsMSw2MA==\" href=\"https:\/\/hospitalprivado.com.ar\/blog\/institucional\/somos-la-primera-institucion-del-interior-del-pais-en-acreditar-joint-commission-international.html\" target=\"_blank\" rel=\"noopener\"><img src=\"http:\/\/cordobadirecto.com\/wp-content\/uploads\/2024\/10\/el-desafio-de-milei-estabilizacion-economica-aumento-de-reservas-y-generacion-de-confianza-1.gif\" loading=\"lazy\"><\/a><\/div>\n<\/div>\n","protected":false},"excerpt":{"rendered":"<p>&nbsp; A pesar de la recuperaci\u00f3n econ\u00f3mica observada en julio, los indicadores adelantados de agosto muestran se\u00f1ales de desaceleraci\u00f3n, seg\u00fan un informe de la consultora Cohen Aliados Financieros. La creciente pobreza y el deterioro del mercado laboral est\u00e1n afectando la confianza en el gobierno, que registr\u00f3 una importante ca\u00edda en el \u00faltimo mes. Esta situaci\u00f3n [&hellip;]<\/p>\n","protected":false},"author":1,"featured_media":156394,"comment_status":"closed","ping_status":"closed","sticky":false,"template":"","format":"standard","meta":[],"categories":[25],"tags":[],"_links":{"self":[{"href":"http:\/\/cordobadirecto.com\/index.php\/wp-json\/wp\/v2\/posts\/156393"}],"collection":[{"href":"http:\/\/cordobadirecto.com\/index.php\/wp-json\/wp\/v2\/posts"}],"about":[{"href":"http:\/\/cordobadirecto.com\/index.php\/wp-json\/wp\/v2\/types\/post"}],"author":[{"embeddable":true,"href":"http:\/\/cordobadirecto.com\/index.php\/wp-json\/wp\/v2\/users\/1"}],"replies":[{"embeddable":true,"href":"http:\/\/cordobadirecto.com\/index.php\/wp-json\/wp\/v2\/comments?post=156393"}],"version-history":[{"count":0,"href":"http:\/\/cordobadirecto.com\/index.php\/wp-json\/wp\/v2\/posts\/156393\/revisions"}],"wp:featuredmedia":[{"embeddable":true,"href":"http:\/\/cordobadirecto.com\/index.php\/wp-json\/wp\/v2\/media\/156394"}],"wp:attachment":[{"href":"http:\/\/cordobadirecto.com\/index.php\/wp-json\/wp\/v2\/media?parent=156393"}],"wp:term":[{"taxonomy":"category","embeddable":true,"href":"http:\/\/cordobadirecto.com\/index.php\/wp-json\/wp\/v2\/categories?post=156393"},{"taxonomy":"post_tag","embeddable":true,"href":"http:\/\/cordobadirecto.com\/index.php\/wp-json\/wp\/v2\/tags?post=156393"}],"curies":[{"name":"wp","href":"https:\/\/api.w.org\/{rel}","templated":true}]}}