{"id":156415,"date":"2024-09-30T22:37:29","date_gmt":"2024-09-30T22:37:29","guid":{"rendered":"https:\/\/www.ole.com.ar\/autos\/tc2000-200km-buenos-aires-agustin-canapino-invitados_0_Xqhcyfv1O8.html"},"modified":"2024-09-30T22:37:29","modified_gmt":"2024-09-30T22:37:29","slug":"con-agustin-canapino-a-la-cabeza-las-figuras-para-los-200km-del-tc2000","status":"publish","type":"post","link":"http:\/\/cordobadirecto.com\/index.php\/2024\/09\/30\/con-agustin-canapino-a-la-cabeza-las-figuras-para-los-200km-del-tc2000\/","title":{"rendered":"Con Agust\u00edn Canapino a la cabeza, las figuras para los 200km del TC2000"},"content":{"rendered":"<p><time class=\"createDate\" datetime=\"2024-09-30T19:37:29-03:00\">30\/09\/2024 19:37hs.<\/time><\/p>\n<div id=\"storyBody\">\n<div class=\"custom-text \" readability=\"38\">\n<p>Cuando el <strong>TC2000 <\/strong>empieza con el campeonato, una de las fechas m\u00e1s esperadas es la de los <strong>200 kil\u00f3metros de Buenos Aires<\/strong> con invitados. Pasadas siete carreras del calendario, este fin de semana se llevar\u00e1 a cabo la carrera en el Aut\u00f3dromo Oscar y Juan G\u00e1lvez y habr\u00e1 m\u00e1s de una presencia que har\u00e1 vender entradas por su nombre entre las figuras que formar\u00e1n parte de los binomios que girar\u00e1n el<strong> 5 y 6 de octubre.<\/strong> El \u00faltimo en haberse sumado fue <strong>Agust\u00edn Canapino<\/strong>, pero detr\u00e1s suyo hay una lista de pilotos que acompa\u00f1ar\u00e1n al arrecife\u00f1o y que pisar\u00e1n el acelerador en un fin de semana que promete tener mucha acci\u00f3n.<\/p>\n<\/div>\n<div class=\"custom-text \" readability=\"37\">\n<p>En la edici\u00f3n N\u00b0 18 de la carrera especial, el Tit\u00e1n correr\u00e1 con el equipo YPF Elaion Auro Pro Racing, y <strong>har\u00e1 dupla con Dami\u00e1n Fineschi en un Chevrolet Cruze<\/strong>, mientras que la otra pareja del equipo ser\u00e1 la de Ignacio M\u00e9ndez junto a Antonino Garc\u00eda.<\/p>\n<\/div>\n<div class=\"custom-text \" readability=\"42\">\n<p>Adem\u00e1s del bicampe\u00f3n de la categor\u00eda en 2016 (gan\u00f3 los 200km con Guillermo Ortelli) y 2021, que correr\u00e1 por 12\u00b0 vez los 200km de Buenos Aires, tambi\u00e9n estar\u00e1n presentes otros volantes destacados como <strong>Jos\u00e9 Mar\u00eda Pechito L\u00f3pez<\/strong>, que correr\u00e1 con Mat\u00edas Rossi, y <strong>Sacha Fenestraz, <\/strong>que lo har\u00e1<strong> <\/strong>con Marcelo Ciarrocchi en el Toyota Gazoo Racing. Adem\u00e1s, <strong>Esteban Gini <\/strong>har\u00e1 dupla<strong> <\/strong>con Gabriel Ponce de Le\u00f3n, y <strong>Marcos Siebert<\/strong> estar\u00e1 como coequiper de Facundo Aldrighetti.<\/p>\n<\/div>\n<div class=\"custom-text \" readability=\"38\">\n<p>La primera carrera de 200km que se corri\u00f3 fue en 2004, y <strong>Gabriel Ponce de Le\u00f3n y Patricio Di Palma <\/strong>se consagraron ganadores<strong> <\/strong>con un Ford. Por su parte, <strong>Leonel Pern\u00eda y Antonino Garc\u00eda<\/strong>, con un Renault, fueron los \u00faltimos en festejar el primer puesto en las \u00faltimas tres ediciones.<\/p>\n<\/div>\n<div class=\"sc-e7b891c4-0 ifHnQL\"><img alt=\"TC2000. (@SuperTC2000)\" loading=\"lazy\" width=\"720\" height=\"100\" decoding=\"async\" data-nimg=\"1\" src=\"http:\/\/cordobadirecto.com\/wp-content\/uploads\/2024\/10\/con-agustin-canapino-a-la-cabeza-las-figuras-para-los-200km-del-tc2000.jpg\"><span class=\"epigraphe\">TC2000. (@SuperTC2000)<\/span><\/div>\n<div class=\"custom-text \" readability=\"39\">\n<p>Los 200km de Buenos Aires forman parte del <strong>Festival Sudamericano de Velocidad<\/strong>. Es decir, no solo habr\u00e1 actividad con el TC 2000, sino que tambi\u00e9n se podr\u00e1 seguir el TCR South Am\u00e9rica, el Stock Car Pro Series, la F\u00f3rmula 4 de Brasil, el Fiat Competizione y la F\u00f3rmula Nacional.<\/p>\n<\/div>\n<p><h2><strong>As\u00ed est\u00e1 la tabla del TC 2000<\/strong><\/h2>\n<\/p>\n<div class=\"custom-text \" readability=\"36\">\n<p>En primer lugar aparece <strong>Leonel Pern\u00eda<\/strong> (Renault) con 225 puntos, y el podio lo completan <strong>Tiago Pern\u00eda<\/strong> (Renault) con 148 unidades y <strong>Franco Vivian <\/strong>(Honda) con 140. Los dos que terminan de conformar el top 5 son <strong>Bernardo Llaver <\/strong>(Honda) y <strong>Mat\u00edas Rossi <\/strong>(Toyota), que ambos suman 130 cada uno.<\/p>\n<\/div>\n<div class=\"sc-e7b891c4-0 ifHnQL\"><img alt=\"Leonel Pern\u00eda, l\u00edder del TC2000 (PH: Braian Alarc\u00f3n)\" loading=\"lazy\" width=\"720\" height=\"100\" decoding=\"async\" data-nimg=\"1\" src=\"http:\/\/cordobadirecto.com\/wp-content\/uploads\/2024\/10\/con-agustin-canapino-a-la-cabeza-las-figuras-para-los-200km-del-tc2000-1.jpg\"><span class=\"epigraphe\">Leonel Pern\u00eda, l\u00edder del TC2000 (PH: Braian Alarc\u00f3n)<\/span><\/div>\n<p><h2><strong>Cu\u00e1ndo salen las entradas y cu\u00e1nto cuestan<\/strong><\/h2>\n<\/p>\n<div class=\"custom-text \" readability=\"33\">\n<p>La venta de entradas es online y ya est\u00e1 puesta en marcha. Los tickets se podr\u00e1n adquirir en el sitio web: <strong>allaccess.com.ar<\/strong> y los precios van<strong> <\/strong>desde los <strong>$15.000 <\/strong>hasta los <strong>$45.000<\/strong>.<\/p>\n<\/div>\n<div class=\"custom-text \" readability=\"36\">\n<p>En cuanto a las entradas para ambos d\u00edas, la tribuna VIP con acceso a boxes tiene un importe de <strong>$45.000 <\/strong>(hay una promoci\u00f3n especial para la familia: cuatro entradas a $33.750 cada una); los palcos de <strong>$35.000<\/strong>; las plateas de <strong>$30.000<\/strong>; las del estacionamiento paddock de <strong>$25.000 <\/strong>y las tribunas generales de <strong>$15.000<\/strong>.<\/p>\n<\/div>\n<div class=\"custom-text \" readability=\"35\">\n<p>Asimismo, si est\u00e1s buscando entradas para una sola de las dos jornadas disponibles, dichos tickets son \u00fanicamente para el estacionamiento paddock y cuestan $15.000.<\/p>\n<\/div>\n<div class=\"sc-a7166897-0 eoLsBE\" readability=\"6\">\n<section readability=\"2\"><picture><img alt=\"TC2000 en Buenos Aires: cu\u00e1nto cuestan las entradas y d\u00f3nde se pueden comprar\" loading=\"lazy\" width=\"290\" height=\"290\" decoding=\"async\" data-nimg=\"1\" src=\"http:\/\/cordobadirecto.com\/wp-content\/uploads\/2024\/10\/con-agustin-canapino-a-la-cabeza-las-figuras-para-los-200km-del-tc2000-2.jpg\"><\/picture>\n<p><span>Mir\u00e1 tambi\u00e9n<\/span><\/p>\n<hr>\n<h3>TC2000 en Buenos Aires: cu\u00e1nto cuestan las entradas y d\u00f3nde se pueden comprar<\/h3>\n<\/p>\n<\/section>\n<\/div>\n<div class=\"sc-a7166897-0 eoLsBE\" readability=\"6\">\n<section readability=\"2\"><picture><img alt=\"La dr\u00e1stica decisi\u00f3n que tom\u00f3 Alpine pensando en su futuro en la F\u00f3rmula 1\" loading=\"lazy\" width=\"290\" height=\"290\" decoding=\"async\" data-nimg=\"1\" src=\"http:\/\/cordobadirecto.com\/wp-content\/uploads\/2024\/10\/con-agustin-canapino-a-la-cabeza-las-figuras-para-los-200km-del-tc2000-3.jpg\"><\/picture>\n<p><span>Mir\u00e1 tambi\u00e9n<\/span><\/p>\n<hr>\n<h3>La dr\u00e1stica decisi\u00f3n que tom\u00f3 Alpine pensando en su futuro en la F\u00f3rmula 1<\/h3>\n<\/p>\n<\/section>\n<\/div>\n<div class=\"sc-a7166897-0 eoLsBE\" readability=\"6\">\n<section readability=\"2\"><picture><img alt=\"Williams ya decidi\u00f3 el futuro de Colapinto: \u00bfsigue en la F\u00f3rmula 1?\" loading=\"lazy\" width=\"290\" height=\"290\" decoding=\"async\" data-nimg=\"1\" src=\"http:\/\/cordobadirecto.com\/wp-content\/uploads\/2024\/10\/con-agustin-canapino-a-la-cabeza-las-figuras-para-los-200km-del-tc2000-4.jpg\"><\/picture>\n<p><span>Mir\u00e1 tambi\u00e9n<\/span><\/p>\n<hr>\n<h3>Williams ya decidi\u00f3 el futuro de Colapinto: \u00bfsigue en la F\u00f3rmula 1?<\/h3>\n<\/p>\n<\/section>\n<\/div>\n<\/div>\n","protected":false},"excerpt":{"rendered":"<p>30\/09\/2024 19:37hs. Cuando el TC2000 empieza con el campeonato, una de las fechas m\u00e1s esperadas es la de los 200 kil\u00f3metros de Buenos Aires con invitados. Pasadas siete carreras del calendario, este fin de semana se llevar\u00e1 a cabo la carrera en el Aut\u00f3dromo Oscar y Juan G\u00e1lvez y habr\u00e1 m\u00e1s de una presencia que [&hellip;]<\/p>\n","protected":false},"author":1,"featured_media":156416,"comment_status":"closed","ping_status":"closed","sticky":false,"template":"","format":"standard","meta":[],"categories":[21],"tags":[],"_links":{"self":[{"href":"http:\/\/cordobadirecto.com\/index.php\/wp-json\/wp\/v2\/posts\/156415"}],"collection":[{"href":"http:\/\/cordobadirecto.com\/index.php\/wp-json\/wp\/v2\/posts"}],"about":[{"href":"http:\/\/cordobadirecto.com\/index.php\/wp-json\/wp\/v2\/types\/post"}],"author":[{"embeddable":true,"href":"http:\/\/cordobadirecto.com\/index.php\/wp-json\/wp\/v2\/users\/1"}],"replies":[{"embeddable":true,"href":"http:\/\/cordobadirecto.com\/index.php\/wp-json\/wp\/v2\/comments?post=156415"}],"version-history":[{"count":0,"href":"http:\/\/cordobadirecto.com\/index.php\/wp-json\/wp\/v2\/posts\/156415\/revisions"}],"wp:featuredmedia":[{"embeddable":true,"href":"http:\/\/cordobadirecto.com\/index.php\/wp-json\/wp\/v2\/media\/156416"}],"wp:attachment":[{"href":"http:\/\/cordobadirecto.com\/index.php\/wp-json\/wp\/v2\/media?parent=156415"}],"wp:term":[{"taxonomy":"category","embeddable":true,"href":"http:\/\/cordobadirecto.com\/index.php\/wp-json\/wp\/v2\/categories?post=156415"},{"taxonomy":"post_tag","embeddable":true,"href":"http:\/\/cordobadirecto.com\/index.php\/wp-json\/wp\/v2\/tags?post=156415"}],"curies":[{"name":"wp","href":"https:\/\/api.w.org\/{rel}","templated":true}]}}