{"id":156423,"date":"2024-10-01T22:57:57","date_gmt":"2024-10-01T22:57:57","guid":{"rendered":"http:\/\/cordobadirecto.com\/index.php\/2024\/10\/01\/la-septima-edicion-de-potencia-emprendedora-en-cordoba-tuvo-presencia-de-grandes\/"},"modified":"2024-10-01T22:57:57","modified_gmt":"2024-10-01T22:57:57","slug":"la-septima-edicion-de-potencia-emprendedora-en-cordoba-tuvo-presencia-de-grandes","status":"publish","type":"post","link":"http:\/\/cordobadirecto.com\/index.php\/2024\/10\/01\/la-septima-edicion-de-potencia-emprendedora-en-cordoba-tuvo-presencia-de-grandes\/","title":{"rendered":"La s\u00e9ptima edici\u00f3n de Potencia Emprendedora en <b>C\u00f3rdoba<\/b> tuvo presencia de grandes &#8230;"},"content":{"rendered":"<p>Necesitamos m\u00e1s emprendedores que sigan impulsando nuevos proyectos para que nuestra ciudad siga creciendo por el camino de la producci\u00f3n, la&nbsp;&#8230; <\/p>\n","protected":false},"excerpt":{"rendered":"<p>Necesitamos m\u00e1s emprendedores que sigan impulsando nuevos proyectos para que nuestra ciudad siga creciendo por el camino de la producci\u00f3n, la&nbsp;&#8230;<\/p>\n","protected":false},"author":1,"featured_media":0,"comment_status":"closed","ping_status":"closed","sticky":false,"template":"","format":"standard","meta":[],"categories":[40],"tags":[],"_links":{"self":[{"href":"http:\/\/cordobadirecto.com\/index.php\/wp-json\/wp\/v2\/posts\/156423"}],"collection":[{"href":"http:\/\/cordobadirecto.com\/index.php\/wp-json\/wp\/v2\/posts"}],"about":[{"href":"http:\/\/cordobadirecto.com\/index.php\/wp-json\/wp\/v2\/types\/post"}],"author":[{"embeddable":true,"href":"http:\/\/cordobadirecto.com\/index.php\/wp-json\/wp\/v2\/users\/1"}],"replies":[{"embeddable":true,"href":"http:\/\/cordobadirecto.com\/index.php\/wp-json\/wp\/v2\/comments?post=156423"}],"version-history":[{"count":0,"href":"http:\/\/cordobadirecto.com\/index.php\/wp-json\/wp\/v2\/posts\/156423\/revisions"}],"wp:attachment":[{"href":"http:\/\/cordobadirecto.com\/index.php\/wp-json\/wp\/v2\/media?parent=156423"}],"wp:term":[{"taxonomy":"category","embeddable":true,"href":"http:\/\/cordobadirecto.com\/index.php\/wp-json\/wp\/v2\/categories?post=156423"},{"taxonomy":"post_tag","embeddable":true,"href":"http:\/\/cordobadirecto.com\/index.php\/wp-json\/wp\/v2\/tags?post=156423"}],"curies":[{"name":"wp","href":"https:\/\/api.w.org\/{rel}","templated":true}]}}