{"id":156453,"date":"2024-10-02T14:54:49","date_gmt":"2024-10-02T14:54:49","guid":{"rendered":"https:\/\/www.ole.com.ar\/autos\/viralizo-increible-confesion-retro-colapinto-desastre_0_wgdlHoxDpL.html"},"modified":"2024-10-02T14:54:49","modified_gmt":"2024-10-02T14:54:49","slug":"se-viralizo-una-increible-confesion-retro-de-colapinto-un-desastre","status":"publish","type":"post","link":"http:\/\/cordobadirecto.com\/index.php\/2024\/10\/02\/se-viralizo-una-increible-confesion-retro-de-colapinto-un-desastre\/","title":{"rendered":"Se viraliz\u00f3 una incre\u00edble confesi\u00f3n retro de Colapinto: &#8220;Un desastre&#8221;"},"content":{"rendered":"<p><time class=\"createDate\" datetime=\"2024-10-02T11:54:49-03:00\">02\/10\/2024 11:54hs.<\/time><time class=\"modificatedDate\" datetime=\"2024-10-02T12:06:47-03:00\"> Actualizado al 02\/10\/2024 12:06hs.<\/time><\/p>\n<div id=\"storyBody\">\n<div class=\"custom-text \" readability=\"42.692307692308\">\n<p>Desde el debut de <strong><a href=\"https:\/\/www.ole.com.ar\/tema\/franco-colapinto.html\" title=\"Franco Colapinto\" alt=\"Franco Colapinto\" class=\"slug\">Franco Colapinto<\/a><\/strong> en Monza, en el Gran Premio de Italia, gran parte el mundo motor, y particularmente el de la <strong><a href=\"https:\/\/www.ole.com.ar\/tema\/formula-1.html\" title=\"F\u00f3rmula 1\" alt=\"F\u00f3rmula 1\" class=\"slug\">F\u00f3rmula 1<\/a><\/strong>, se sorprendi\u00f3 y qued\u00f3 deslumbrado por la calidad del piloto argentino. Tal es as\u00ed que, no s\u00f3lo recibi\u00f3 elogios de <strong><a href=\"https:\/\/www.ole.com.ar\/tema\/williams.html\" title=\"Williams\" alt=\"Williams\" class=\"slug\">Williams <\/a><\/strong>y de otros equipos rivales, sino que tambi\u00e9n <strong>su nombre suena entre los candidatos para ocupar la butaca vacante de Sauber, la \u00faltima plaza libre en la M\u00e1xima para la temporada 2025. <\/strong>Pero, m\u00e1s all\u00e1 de su ya demostrada capacidad arriba del monoplaza, lo cierto es que <strong>el pilarense tiene un gran punto d\u00e9bil con el auto y \u00e9l mismo lo cont\u00f3 hace un a\u00f1o, en una nota antes de llegar a la F1. <\/strong><\/p>\n<\/div>\n<div class=\"custom-text \" readability=\"43\">\n<p>En las \u00faltimas horas, en pleno receso antes del Gran Premio de Estados Unidos<strong>, se viraliz\u00f3 una incre\u00edble confesi\u00f3n retro de Franco, en la que revel\u00f3 que no sabe estacionar. &#8220;Un desastre&#8221;, respondi\u00f3, un sincero Colapinto, cuando, incr\u00e9dulos, los conductores del programa <\/strong>Altavoz (TV P\u00fablica) le preguntaron &#8220;\u00bfno sab\u00e9s estacionar?<\/p>\n<\/div>\n<div type=\"embed\" class=\"sc-3f46f5ae-0 djVTgz\">\n<div class=\"sc-3f46f5ae-1 fTjZec videoText\" id=\"contentTitleembedcGfcQHnU\" type=\"embed\"><svg fill=\"#ffffff\"><symbol id=\"play\" viewBox=\"0 0 512 512\"><path d=\"M512 256C512 397.4 397.4 512 256 512C114.6 512 0 397.4 0 256C0 114.6 114.6 0 256 0C397.4 0 512 114.6 512 256zM176 168V344C176 352.7 180.7 360.7 188.3 364.9C195.8 369.2 205.1 369 212.5 364.5L356.5 276.5C363.6 272.1 368 264.4 368 256C368 247.6 363.6 239.9 356.5 235.5L212.5 147.5C205.1 142.1 195.8 142.8 188.3 147.1C180.7 151.3 176 159.3 176 168V168z\" \/><\/symbol><use xlink:href=\"#play\" \/><\/svg><\/p>\n<div class=\"right\">\n<p>Franco Colapinto<!-- --> &#8211;<!-- --> <span>&nbsp;<\/span><\/p>\n<h2 class=\"title-vid\">La curiosa confesi\u00f3n retro de Franco Colapinto <\/h2>\n<\/div>\n<\/div>\n<p><span class=\"back\" id=\"spanBackembedcGfcQHnU\"><\/span><\/div>\n<div class=\"custom-text \" readability=\"43\">\n<p>Ante la repregunta, fue a\u00fan m\u00e1s contundente:<strong> &#8220;Voy para adelante, para atr\u00e1s no voy. Olvidate, es un desastre. Muy mal, muy mal estacionando&#8221;. <\/strong>Y, luego de revalidar su confesi\u00f3n, explic\u00f3 los motivos por los que no est\u00e1 tan canchero a la hora de parar el auto: &#8220;Yo es que no manejo, la verdad, no me gusta manejar en la calle&#8221;. <\/p>\n<\/div>\n<div class=\"custom-text \" readability=\"41\">\n<p>&#8220;<strong>Yo siempre pido que me lleven. S\u00f3lo manejo en simulador o en el auto de carreras y nada m\u00e1s. Por ah\u00ed, ac\u00e1 s\u00ed manejo porque tengo que ir de un lado para otro, pero por lo general, all\u00e1 en Europa no. Me manejo con Uber<\/strong>&#8220;, complet\u00f3 Colapinto, antes de hacer otra revelaci\u00f3n: &#8220;Tengo multas. No muchas, pero algunas. Tengo que pagarlas&#8221;. <\/p>\n<\/div>\n<p><h2><strong>Williams ya decidi\u00f3 el futuro de Colapinto: \u00bfsigue en la F\u00f3rmula 1?<\/strong><\/h2>\n<\/p>\n<div class=\"custom-text \" readability=\"40\">\n<p>La F\u00f3rmula 1 est\u00e1 atravesando uno de los recesos m\u00e1s largos de la temporada. Mientras los pilotos descansan antes de encarar la recta final del a\u00f1o, que incluir\u00e1 viajes por todo Am\u00e9rica y por Medio Oriente, las otras partes de los equipos ponen manos a la obra en los talleres y oficinas para ajustar todo tipo de detalle.<strong> En ese sentido, James Vowles, jefe de equipo de Williams, se encuentra en constantes charlas con la gente de Sauber para tratar de conseguir que Franco Colapinto sea su segundo piloto en 2025.<\/strong><\/p>\n<\/div>\n<div class=\"custom-text \" readability=\"38\">\n<p>A partir de que ellos se movieron r\u00e1pido en el mercado y cerraron a <strong>Carlos Sainz<\/strong> como nuevo fichaje para el a\u00f1o que viene,<strong> la idea de los brit\u00e1nicos es buscarle un asiento al argentino para que siga sumando experiencia en la categor\u00eda <\/strong>reina del deporte motor y, de ese modo, se encuentre m\u00e1s preparado en caso de una vuelta a Williams.<\/p>\n<\/div>\n<div class=\"custom-text \" readability=\"42\">\n<p><strong>&#8220;Nuestra idea es que Franco est\u00e9 dos a\u00f1os con Audi, pero siempre ser\u00e1 parte de nuestro programa de la academia&#8221;, <\/strong>afirm\u00f3 Vowles, en una charla con Wall Street Journal. Sin embargo, la lucha por ese puesto no ser\u00e1 sencilla. De hecho,<strong> Valtteri Bottas<\/strong>, actualmente en el equipo suizo, es quien corre con ventaja para adue\u00f1arse de la plaza.<\/p>\n<\/div>\n<p><h2><strong>Williams tiene un plan B por si Sauber no se decide por Colapinto<\/strong><\/h2>\n<\/p>\n<div class=\"custom-text \" readability=\"38\">\n<p><strong>&#8220;Franco ser\u00eda nuestro piloto de reserva y estar\u00eda listo por si algo sucediera<\/strong>. La idea ser\u00eda que trabajara con nosotros en el desarrollo de los futuros autos dentro del simular y que haga prueba con autos de dos a\u00f1os de antig\u00fcedad, que tienen las mismas especificaciones que ahora, para seguir manteni\u00e9ndose en buena forma&#8221;, agreg\u00f3 el jefe de equipo del conjunto con base en Grove.<\/p>\n<\/div>\n<div type=\"embed\" class=\"sc-3f46f5ae-0 djVTgz\">\n<div class=\"sc-3f46f5ae-1 fTjZec videoText\" id=\"contentTitleembedokUEtPaN\" type=\"embed\"><svg fill=\"#ffffff\"><symbol id=\"play\" viewBox=\"0 0 512 512\"><path d=\"M512 256C512 397.4 397.4 512 256 512C114.6 512 0 397.4 0 256C0 114.6 114.6 0 256 0C397.4 0 512 114.6 512 256zM176 168V344C176 352.7 180.7 360.7 188.3 364.9C195.8 369.2 205.1 369 212.5 364.5L356.5 276.5C363.6 272.1 368 264.4 368 256C368 247.6 363.6 239.9 356.5 235.5L212.5 147.5C205.1 142.1 195.8 142.8 188.3 147.1C180.7 151.3 176 159.3 176 168V168z\" \/><\/symbol><use xlink:href=\"#play\" \/><\/svg><\/p>\n<div class=\"right\">\n<p>Franco Colapinto<!-- --> &#8211;<!-- --> <span>&nbsp;<\/span><\/p>\n<h2 class=\"title-vid\">El divertido ida y vuelta entre Alex Albon y Franco Colapinto<\/h2>\n<\/div>\n<\/div>\n<p><span class=\"back\" id=\"spanBackembedokUEtPaN\"><\/span><\/div>\n<p><h2><strong>Cu\u00e1ndo vuelve a correr la F\u00f3rmula 1<\/strong><\/h2>\n<\/p>\n<div class=\"custom-text \" readability=\"37\">\n<p><strong>El pr\u00f3ximo GP que ser\u00e1 en Austin, Estados Unidos, se disputar\u00e1 entre el viernes 18 y el domingo 20 de octubre.<\/strong> El calendario de ese fin de semana lucir\u00e1 diferente, ya que se realizar\u00e1 un sprint el s\u00e1bado 19.<\/p>\n<\/div>\n<div class=\"custom-text \" readability=\"36\">\n<p>Debido a esto, el cronograma se organizar\u00e1 de la siguiente manera: el viernes se disputar\u00e1 la clasificaci\u00f3n para la sprint race; el s\u00e1bado se celebrar\u00e1 esa mini carrera y luego ser\u00e1 la qualy para la gran final, que se celebrar\u00e1 el domingo a las 16 horas de nuestro pa\u00eds.<\/p>\n<\/div>\n<div class=\"sc-a7166897-0 eoLsBE\" readability=\"6\">\n<section readability=\"2\"><picture><img alt=\"Williams ya decidi\u00f3 el futuro de Colapinto: \u00bfsigue en la F\u00f3rmula 1?\" loading=\"lazy\" width=\"290\" height=\"290\" decoding=\"async\" data-nimg=\"1\" src=\"http:\/\/cordobadirecto.com\/wp-content\/uploads\/2024\/10\/se-viralizo-una-increible-confesion-retro-de-colapinto-un-desastre.jpg\"><\/picture>\n<p><span>Mir\u00e1 tambi\u00e9n<\/span><\/p>\n<hr>\n<h3>Williams ya decidi\u00f3 el futuro de Colapinto: \u00bfsigue en la F\u00f3rmula 1?<\/h3>\n<\/p>\n<\/section>\n<\/div>\n<div class=\"sc-a7166897-0 eoLsBE\" readability=\"6.5\">\n<section readability=\"3\"><picture><img alt=\"Cu\u00e1les son las mejoras del auto de Colapinto para el GP de Estados Unidos de la F\u00f3rmula 1\" loading=\"lazy\" width=\"290\" height=\"290\" decoding=\"async\" data-nimg=\"1\" src=\"http:\/\/cordobadirecto.com\/wp-content\/uploads\/2024\/10\/se-viralizo-una-increible-confesion-retro-de-colapinto-un-desastre-1.jpg\"><\/picture>\n<p><span>Mir\u00e1 tambi\u00e9n<\/span><\/p>\n<hr>\n<h3>Cu\u00e1les son las mejoras del auto de Colapinto para el GP de Estados Unidos de la F\u00f3rmula 1<\/h3>\n<\/p>\n<\/section>\n<\/div>\n<div class=\"sc-a7166897-0 eoLsBE\" readability=\"7\">\n<section readability=\"4\"><picture><img alt=\"Por qu\u00e9 Colapinto usa el 43, cu\u00e1l es la historia de los n\u00fameros en F\u00f3rmula 1 y c\u00f3mo se eligen\" loading=\"lazy\" width=\"290\" height=\"290\" decoding=\"async\" data-nimg=\"1\" src=\"http:\/\/cordobadirecto.com\/wp-content\/uploads\/2024\/10\/se-viralizo-una-increible-confesion-retro-de-colapinto-un-desastre-2.jpg\"><\/picture>\n<p><span>Mir\u00e1 tambi\u00e9n<\/span><\/p>\n<hr>\n<h3>Por qu\u00e9 Colapinto usa el 43, cu\u00e1l es la historia de los n\u00fameros en F\u00f3rmula 1 y c\u00f3mo se eligen<\/h3>\n<\/p>\n<\/section>\n<\/div>\n<div class=\"sc-a7166897-0 eoLsBE\" readability=\"6.5\">\n<section readability=\"3\"><picture><img alt=\"Los detalles del encuentro entre Colapinto y cuatro famosas: &quot;Es muy lindo y carism\u00e1tico&quot;\" loading=\"lazy\" width=\"290\" height=\"290\" decoding=\"async\" data-nimg=\"1\" src=\"http:\/\/cordobadirecto.com\/wp-content\/uploads\/2024\/10\/se-viralizo-una-increible-confesion-retro-de-colapinto-un-desastre-3.jpg\"><\/picture>\n<p><span>Mir\u00e1 tambi\u00e9n<\/span><\/p>\n<hr>\n<h3>Los detalles del encuentro entre Colapinto y cuatro famosas: &#8220;Es muy lindo y carism\u00e1tico&#8221;<\/h3>\n<\/p>\n<\/section>\n<\/div>\n<\/div>\n","protected":false},"excerpt":{"rendered":"<p>02\/10\/2024 11:54hs. Actualizado al 02\/10\/2024 12:06hs. Desde el debut de Franco Colapinto en Monza, en el Gran Premio de Italia, gran parte el mundo motor, y particularmente el de la F\u00f3rmula 1, se sorprendi\u00f3 y qued\u00f3 deslumbrado por la calidad del piloto argentino. Tal es as\u00ed que, no s\u00f3lo recibi\u00f3 elogios de Williams y de [&hellip;]<\/p>\n","protected":false},"author":1,"featured_media":156454,"comment_status":"closed","ping_status":"closed","sticky":false,"template":"","format":"standard","meta":[],"categories":[21],"tags":[],"_links":{"self":[{"href":"http:\/\/cordobadirecto.com\/index.php\/wp-json\/wp\/v2\/posts\/156453"}],"collection":[{"href":"http:\/\/cordobadirecto.com\/index.php\/wp-json\/wp\/v2\/posts"}],"about":[{"href":"http:\/\/cordobadirecto.com\/index.php\/wp-json\/wp\/v2\/types\/post"}],"author":[{"embeddable":true,"href":"http:\/\/cordobadirecto.com\/index.php\/wp-json\/wp\/v2\/users\/1"}],"replies":[{"embeddable":true,"href":"http:\/\/cordobadirecto.com\/index.php\/wp-json\/wp\/v2\/comments?post=156453"}],"version-history":[{"count":0,"href":"http:\/\/cordobadirecto.com\/index.php\/wp-json\/wp\/v2\/posts\/156453\/revisions"}],"wp:featuredmedia":[{"embeddable":true,"href":"http:\/\/cordobadirecto.com\/index.php\/wp-json\/wp\/v2\/media\/156454"}],"wp:attachment":[{"href":"http:\/\/cordobadirecto.com\/index.php\/wp-json\/wp\/v2\/media?parent=156453"}],"wp:term":[{"taxonomy":"category","embeddable":true,"href":"http:\/\/cordobadirecto.com\/index.php\/wp-json\/wp\/v2\/categories?post=156453"},{"taxonomy":"post_tag","embeddable":true,"href":"http:\/\/cordobadirecto.com\/index.php\/wp-json\/wp\/v2\/tags?post=156453"}],"curies":[{"name":"wp","href":"https:\/\/api.w.org\/{rel}","templated":true}]}}