{"id":156459,"date":"2024-09-30T19:52:50","date_gmt":"2024-09-30T19:52:50","guid":{"rendered":"https:\/\/es.digitaltrends.com\/?p=1042020"},"modified":"2024-09-30T19:52:50","modified_gmt":"2024-09-30T19:52:50","slug":"whatsapp-se-apresta-con-los-siguientes-emojis-para-2025","status":"publish","type":"post","link":"http:\/\/cordobadirecto.com\/index.php\/2024\/09\/30\/whatsapp-se-apresta-con-los-siguientes-emojis-para-2025\/","title":{"rendered":"WhatsApp se apresta con los siguientes emojis para 2025"},"content":{"rendered":"<p><a href=\"https:\/\/downloads.digitaltrends.com\/es\/whatsapp\/android\"><strong>WhatsApp<\/strong><\/a> ya se apresta para recibir el 2025, porque a\u00fan cuando faltan varios meses para acabar el 2024, ya est\u00e1n confirmados los ocho nuevos<a href=\"https:\/\/es.digitaltrends.com\/tendencias\/cientificos-no-les-gustan-emojis-naturaleza\/\"><strong> emojis<\/strong><\/a>&nbsp;que llegar\u00e1n a la plataforma de mensajer\u00eda.<\/p>\n<p>Entre los emojis que se sumar\u00e1n a la colecci\u00f3n en el pr\u00f3ximo a\u00f1o,&nbsp;<b>uno de los que m\u00e1s ha captado la atenci\u00f3n de la comunidad digital es el emoji de rostro exhausto con ojeras, que representa el cansancio acumulado<\/b>, que refleja una era marcada por el estr\u00e9s, la sobrecarga laboral y la falta de descanso.<\/p>\n<p><b>Seg\u00fan Emojipedia, este emoji fue el m\u00e1s votado como el \u201cm\u00e1s esperado\u201d en los World Emoji Awards, recibiendo m\u00e1s del 60% de los votos.<\/b><\/p>\n<h2>Los emojis que se suman a WhatsApp a 2025<\/h2>\n<figure id=\"attachment_1042021\" aria-describedby=\"caption-attachment-1042021\" class=\"wp-caption alignnone\"><img src=\"http:\/\/cordobadirecto.com\/wp-content\/uploads\/2024\/10\/whatsapp-se-apresta-con-los-siguientes-emojis-para-2025.gif\" data-dt-lazy-src=\"https:\/\/es.digitaltrends.com\/wp-content\/uploads\/2024\/09\/Emojis-WhatsApp.jpeg?fit=839%2C507&amp;p=1\" fetchpriority=\"high\" decoding=\"async\" class=\" size-full wp-image-1042021 h-lightbox is-zoomable dt-lazy-load dt-lazy-pending\" alt><figcaption id=\"caption-attachment-1042021\" class=\"wp-caption-text\"><span class=\"credit\">Imagen utilizada con permiso del titular de los derechos de autor<\/span><\/figcaption><\/figure>\n<ul class=\"list\" data-icon=\"\u2b24\">\n<li data-icon=\"\u2b24\"><b>Emoji de cansancio:<\/b>&nbsp;Puede ser usado por los usuarios en momentos donde se quiere transmitir la recarga de todo un d\u00eda de trabajo.<\/li>\n<li data-icon=\"\u2b24\"><b>Un arpa:&nbsp;<\/b>Este emoji ser\u00e1 ideal para conversaciones sobre m\u00fasica, especialmente para los aquellos que simplemente quieran expresar serenidad y creatividad.<\/li>\n<li data-icon=\"\u2b24\"><b>Un \u00e1rbol sin hojas:&nbsp;<\/b>Con este emoji, WhatsApp ofrecer\u00e1 una forma de representar el cambio de estaciones, la transici\u00f3n o incluso el paso del tiempo.<\/li>\n<li data-icon=\"\u2b24\"><b>Una pala:<\/b>&nbsp;No solo servir\u00e1 para hablar de trabajos manuales, jardiner\u00eda o construcci\u00f3n, sino que tambi\u00e9n podr\u00e1 tener un uso metaf\u00f3rico en mensajes que hablen de \u201centerrar el pasado\u201d o \u201ccavar m\u00e1s profundo\u201d en alg\u00fan tema.<\/li>\n<li data-icon=\"\u2b24\"><b>Salpicadura morada:<\/b>&nbsp;Ofrece una amplia gama de usos, desde representar creatividad y caos hasta momentos de emoci\u00f3n intensa. Su versatilidad lo convierte en un \u00edcono que seguramente veremos en muchos chats.<\/li>\n<li data-icon=\"\u2b24\"><b>Una bandera de Sark:<\/b>&nbsp;Es una peque\u00f1a isla en el canal de la Mancha y, a pesar de su tama\u00f1o, cuenta con una rica historia y cultura.<\/li>\n<li data-icon=\"\u2b24\"><b>Una hortaliza:<\/b>&nbsp;Este emoji podr\u00eda ser muy popular entre los entusiastas de la comida saludable, los chefs en casa y los aficionados a las recetas.<\/li>\n<\/ul>\n<p> <span id=\"publisher-md\" itemprop=\"publisher\" itemscope itemtype=\"https:\/\/schema.org\/Organization\"> <span itemprop=\"url\" itemtype=\"https:\/\/schema.org\/Url\" content=\"https:\/\/es.digitaltrends.com\"> <span itemprop=\"logo\" itemscope itemtype=\"https:\/\/schema.org\/ImageObject\"> <meta itemprop=\"url\" content=\"https:\/\/cdn.dtcn.com\/dt\/dt-logo-small.png\"> <meta itemprop=\"width\" content=\"0\"> <meta itemprop=\"height\" content=\"0\"> <\/span> <meta itemprop=\"name\" content=\"Digital Trends Espa\u00f1ol\"> <\/span> <span itemprop=\"image\" itemscope itemtype=\"https:\/\/schema.org\/ImageObject\"> <meta itemprop=\"url\" content=\"https:\/\/es.digitaltrends.com\/wp-content\/uploads\/2023\/08\/nuevas-funciones-whatsapp.jpeg?p=1\"> <\/span> <\/span> <\/p>\n","protected":false},"excerpt":{"rendered":"<p>WhatsApp ya se apresta para recibir el 2025, porque a\u00fan cuando faltan varios meses para acabar el 2024, ya est\u00e1n confirmados los ocho nuevos emojis&nbsp;que llegar\u00e1n a la plataforma de mensajer\u00eda. Entre los emojis que se sumar\u00e1n a la colecci\u00f3n en el pr\u00f3ximo a\u00f1o,&nbsp;uno de los que m\u00e1s ha captado la atenci\u00f3n de la comunidad [&hellip;]<\/p>\n","protected":false},"author":1,"featured_media":156460,"comment_status":"closed","ping_status":"closed","sticky":false,"template":"","format":"standard","meta":[],"categories":[26],"tags":[],"_links":{"self":[{"href":"http:\/\/cordobadirecto.com\/index.php\/wp-json\/wp\/v2\/posts\/156459"}],"collection":[{"href":"http:\/\/cordobadirecto.com\/index.php\/wp-json\/wp\/v2\/posts"}],"about":[{"href":"http:\/\/cordobadirecto.com\/index.php\/wp-json\/wp\/v2\/types\/post"}],"author":[{"embeddable":true,"href":"http:\/\/cordobadirecto.com\/index.php\/wp-json\/wp\/v2\/users\/1"}],"replies":[{"embeddable":true,"href":"http:\/\/cordobadirecto.com\/index.php\/wp-json\/wp\/v2\/comments?post=156459"}],"version-history":[{"count":0,"href":"http:\/\/cordobadirecto.com\/index.php\/wp-json\/wp\/v2\/posts\/156459\/revisions"}],"wp:featuredmedia":[{"embeddable":true,"href":"http:\/\/cordobadirecto.com\/index.php\/wp-json\/wp\/v2\/media\/156460"}],"wp:attachment":[{"href":"http:\/\/cordobadirecto.com\/index.php\/wp-json\/wp\/v2\/media?parent=156459"}],"wp:term":[{"taxonomy":"category","embeddable":true,"href":"http:\/\/cordobadirecto.com\/index.php\/wp-json\/wp\/v2\/categories?post=156459"},{"taxonomy":"post_tag","embeddable":true,"href":"http:\/\/cordobadirecto.com\/index.php\/wp-json\/wp\/v2\/tags?post=156459"}],"curies":[{"name":"wp","href":"https:\/\/api.w.org\/{rel}","templated":true}]}}