{"id":156463,"date":"2024-10-02T21:42:54","date_gmt":"2024-10-02T21:42:54","guid":{"rendered":"https:\/\/cordoba.gob.ar\/?p=62067"},"modified":"2024-10-02T21:42:54","modified_gmt":"2024-10-02T21:42:54","slug":"mas-de-500-emprendedores-participaron-de-la-7ma-edicion-de-potencia-emprendedora-en-cordoba","status":"publish","type":"post","link":"http:\/\/cordobadirecto.com\/index.php\/2024\/10\/02\/mas-de-500-emprendedores-participaron-de-la-7ma-edicion-de-potencia-emprendedora-en-cordoba\/","title":{"rendered":"M\u00e1s de 500 emprendedores participaron de la 7ma edici\u00f3n de Potencia Emprendedora en C\u00f3rdoba"},"content":{"rendered":"<div><img src=\"http:\/\/cordobadirecto.com\/wp-content\/uploads\/2024\/10\/mas-de-500-emprendedores-participaron-de-la-7ma-edicion-de-potencia-emprendedora-en-cordoba.jpg\" class=\"ff-og-image-inserted\"><\/div>\n<ul>\n<li><strong>La jornada brind\u00f3 herramientas para que los emprendedores puedan inspirarse y conectarse.<\/strong><\/li>\n<li><strong><strong>Entre los oradores se destacaron Facundo \u201cEl Chino\u201d Herrera, l\u00edder y co-creador de la exitosa banda de cuarteto <em>Q\u2019Lokura,<\/em> Sebasti\u00e1n Sosa, presidente de RE\/MAX y Edgardo Donato, fundador y decano de <em>Mundos E<\/em>.<\/strong><\/strong><br \/>\n<hr>\n<\/li>\n<\/ul>\n<p>La edici\u00f3n primavera de Potencia Emprendedora, el ciclo en el que los emprendedores cordobeses acceden a herramientas con las cuales pueden inspirarse, conectarse y emprender en la ciudad de C\u00f3rdoba, cont\u00f3 con la participaci\u00f3n de m\u00e1s de 500 emprendedores que de manera presencial y virtual se unieron para vivir esta experiencia. Adem\u00e1s fueron parte de la jornada oradores referentes a nivel local e internacional.<\/p>\n<p>Luciano Crisafulli, subsecretario de Econom\u00eda del Conocimiento en la Municipalidad de C\u00f3rdoba, al referirse al tema destac\u00f3: \u201cA trav\u00e9s de Potencia Emprendedora, junto a organizaciones p\u00fablicas y privadas, impulsamos la creatividad, el emprendimiento y la innovaci\u00f3n en nuestra ciudad. Por este ciclo pasan grandes referentes del mundo emprendedor transmitiendo el mensaje del rol relevante que cumplen los emprendedores como agentes de cambio. Necesitamos m\u00e1s emprendedores que sigan impulsando nuevos proyectos para que nuestra ciudad siga creciendo por el camino de la producci\u00f3n, la innovaci\u00f3n y el empleo\u201d<em>.<\/em><\/p>\n<p>El evento inici\u00f3 con una entrevista exclusiva a Facundo \u201cEl Chino\u201d Herrera, l\u00edder y co-creador de la exitosa banda de cuarteto <em>Q\u2019Lokura<\/em>. El Chino, en di\u00e1logo con Diego Tabachnik, editor de espect\u00e1culos de La Voz del Interior, comparti\u00f3 c\u00f3mo, junto a Nicol\u00e1s Sattler, lograron crear un proyecto y posicionar a la banda a nivel regional e internacional.<\/p>\n<p>En este contexto, Facundo mencion\u00f3: _\u201c_Creo que siempre tuvimos los objetivos muy claros con el equipo, atravesamos momentos muy duros al principio cuando las cosas no sal\u00edan y en ese momento entras a replantearte todo, pero siempre tuvimos la convicci\u00f3n, el equipo y el apoyo de la gente que nos motiv\u00f3 a intentar este nuevo proyecto\u201d.<\/p>\n<p>\u201cDebemos agradecer much\u00edsimo a nuestro p\u00fablico, porque pocos en muy pocos meses adoptaron a Q\u00b4lokura como una de las bandas favoritas y nos empezaron a escuchar cada vez m\u00e1s\u201d, fueron las palabras de Herrera.<\/p>\n<p>Otro momento en donde los participantes pudieron vivenciar el esp\u00edritu emprendedor, estuvo a cargo de Sebasti\u00e1n Sosa, presidente de RE\/MAX Argentina y Uruguay y creador del podcast <em>Emprende con Prop\u00f3sito.<\/em><\/p>\n<p>A trav\u00e9s de un di\u00e1logo fluido_,_ comparti\u00f3 su historia como emprendedor y los desaf\u00edos para seguir impulsando la red de m\u00e1s de 200 Pymes y emprendimientos en el sector inmobiliario.<\/p>\n<p>Por su parte, Nahuel Lema, cofundador de <em>Coderhouse<\/em>, abord\u00f3 claves para el desarrollo de emprendimientos, como por ejemplo el punto de vista del usuario sobre los productos y servicios y el enfoque de mejora continua de procesos y oferta.<\/p>\n<p>El cierre, a cargo de Edgardo Donato, fundador y decano de <em>Mundos E<\/em>, fue un espacio din\u00e1mico sobre las habilidades necesarias para prosperar, independientemente del contexto. Donato resalt\u00f3 competencias como la resiliencia, la adaptabilidad y el liderazgo son fundamentales para construir proyectos sostenibles y exitosos.<\/p>\n<p>Adem\u00e1s, participaron del encuentro las autoridades de las instituciones organizadoras que se unieron a esta edici\u00f3n especial: Ignacio Gei, secretario de Ciudad Inteligente y Transformaci\u00f3n Digital de la Municipalidad de C\u00f3rdoba; Luciano Crisafulli, Subsecretario de Econom\u00eda del Conocimiento de la Municipalidad de C\u00f3rdoba; Alejandro Rodr\u00edguez, Dir. de Desarrollo Emprendedor de la Municipalidad de C\u00f3rdoba; Marianela Caro, Coordinadora del Club de Emprendedores de C\u00f3rdoba; Gabriel Allasia, Vicepresidente de Junior Achievement C\u00f3rdoba; Lucia Lauria, Technical Director del estudio de Gaming en Globant; Agustin Milanesio, Referente de Globant Cordoba; Sol Abalos Directora de Mundos E; Elina Etchart, Directora Ejecutiva de Junior Achievement C\u00f3rdoba.<\/p>\n<p><strong>Quienes deseen ver las charlas, pueden ingresar en el siguiente <a href=\"https:\/\/youtube.com\/live\/cCSM4c0EY2o?feature=share\" target=\"_blank\" rel=\"noopener\">enlace<\/a><\/strong><\/p>\n<p><strong>M\u00e1s sobre Potencia Emprendedora<\/strong><\/p>\n<p>Con m\u00e1s de 3.500 emprendedores potenciados a lo largo de sus siete ediciones <em>Potencia Emprendedora,<\/em> el ciclo organizado por <em>Globant<\/em>, <em>La Voz del Interior<\/em>, <em>Mundos E<\/em>, <em>Junior Achievement<\/em> y el <em>Club de Emprendedores de<\/em> <em>CorLab<\/em> de la Secretar\u00eda de Ciudad Inteligente y Transformaci\u00f3n Digital de la Municipalidad de C\u00f3rdoba, sigue afianz\u00e1ndose como un espacio clave para quienes buscan llevar sus emprendimientos al pr\u00f3ximo nivel.<\/p>\n<p>Acompa\u00f1an y hacen posible el evento: <a href=\"https:\/\/www.instagram.com\/fideincubadora\/?hl=es\">FIDE<\/a>, <a href=\"https:\/\/instagram.com\/innovacionunc?igshid=YmMyMTA2M2Y=\">Incubadora de Empresas<\/a> de la UNC, <a href=\"https:\/\/instagram.com\/centroanden?igshid=YmMyMTA2M2Y=\">Centro And\u00e9n<\/a> de UTN, <a href=\"https:\/\/www.instagram.com\/shaperscordoba\/\">Global Shapers<\/a>, <a href=\"https:\/\/www.instagram.com\/ceinnucc\/\">Centro de Emprendedorismo e Innovaci\u00f3n<\/a> de la Universidad Cat\u00f3lica de C\u00f3rdoba y la <a href=\"https:\/\/www.instagram.com\/lasiglo21\/\">Universidad Siglo 21<\/a>, <a href=\"https:\/\/instagram.com\/ublaspascal?igshid=YmMyMTA2M2Y=\">Doing Labs<\/a> de UBP, Fundaci\u00f3n <a href=\"https:\/\/instagram.com\/fundacionemase?igshid=YmMyMTA2M2Y=\">E+E<\/a>, Fundaci\u00f3n <a href=\"https:\/\/instagram.com\/fundaciongene?igshid=YmMyMTA2M2Y=\">Gen E<\/a> y <a href=\"https:\/\/instagram.com\/eecba?igshid=YmMyMTA2M2Y=\">Ecosistema Emprendedor<\/a> de C\u00f3rdoba.<\/p>\n","protected":false},"excerpt":{"rendered":"<p>La jornada brind\u00f3 herramientas para que los emprendedores puedan inspirarse y conectarse. Entre los oradores se destacaron Facundo \u201cEl Chino\u201d Herrera, l\u00edder y co-creador de la exitosa banda de cuarteto Q\u2019Lokura, Sebasti\u00e1n Sosa, presidente de RE\/MAX y Edgardo Donato, fundador y decano de Mundos E. La edici\u00f3n primavera de Potencia Emprendedora, el ciclo en el [&hellip;]<\/p>\n","protected":false},"author":1,"featured_media":156464,"comment_status":"closed","ping_status":"closed","sticky":false,"template":"","format":"standard","meta":[],"categories":[44],"tags":[],"_links":{"self":[{"href":"http:\/\/cordobadirecto.com\/index.php\/wp-json\/wp\/v2\/posts\/156463"}],"collection":[{"href":"http:\/\/cordobadirecto.com\/index.php\/wp-json\/wp\/v2\/posts"}],"about":[{"href":"http:\/\/cordobadirecto.com\/index.php\/wp-json\/wp\/v2\/types\/post"}],"author":[{"embeddable":true,"href":"http:\/\/cordobadirecto.com\/index.php\/wp-json\/wp\/v2\/users\/1"}],"replies":[{"embeddable":true,"href":"http:\/\/cordobadirecto.com\/index.php\/wp-json\/wp\/v2\/comments?post=156463"}],"version-history":[{"count":0,"href":"http:\/\/cordobadirecto.com\/index.php\/wp-json\/wp\/v2\/posts\/156463\/revisions"}],"wp:featuredmedia":[{"embeddable":true,"href":"http:\/\/cordobadirecto.com\/index.php\/wp-json\/wp\/v2\/media\/156464"}],"wp:attachment":[{"href":"http:\/\/cordobadirecto.com\/index.php\/wp-json\/wp\/v2\/media?parent=156463"}],"wp:term":[{"taxonomy":"category","embeddable":true,"href":"http:\/\/cordobadirecto.com\/index.php\/wp-json\/wp\/v2\/categories?post=156463"},{"taxonomy":"post_tag","embeddable":true,"href":"http:\/\/cordobadirecto.com\/index.php\/wp-json\/wp\/v2\/tags?post=156463"}],"curies":[{"name":"wp","href":"https:\/\/api.w.org\/{rel}","templated":true}]}}