{"id":156466,"date":"2024-10-02T19:42:04","date_gmt":"2024-10-02T19:42:04","guid":{"rendered":"https:\/\/cordoba.gob.ar\/?p=62096"},"modified":"2024-10-02T19:42:04","modified_gmt":"2024-10-02T19:42:04","slug":"con-el-lema-cultura-que-potencia-lecturas-que-transforman-el-proximo-martes-comenzara-la-38-feria-del-libro-cordoba","status":"publish","type":"post","link":"http:\/\/cordobadirecto.com\/index.php\/2024\/10\/02\/con-el-lema-cultura-que-potencia-lecturas-que-transforman-el-proximo-martes-comenzara-la-38-feria-del-libro-cordoba\/","title":{"rendered":"Con el lema \u201cCultura que potencia, lecturas que transforman\u201d, el pr\u00f3ximo martes comenzar\u00e1 la 38\u00b0 Feria del Libro C\u00f3rdoba"},"content":{"rendered":"<div><img src=\"http:\/\/cordobadirecto.com\/wp-content\/uploads\/2024\/10\/con-el-lema-cultura-que-potencia-lecturas-que-transforman-el-proximo-martes-comenzara-la-38-feria-del-libro-cordoba.jpg\" class=\"ff-og-image-inserted\"><\/div>\n<ul>\n<li><strong>Se extender\u00e1 hasta el 20 del mismo mes en la Supermanzana Intendencia y espacios culturales de la ciudad.<\/strong><\/li>\n<li><strong>En la grilla destaca la presencia de Camila Sosa Villada, Mar\u00eda Teresa Andruetto, Liliana Heker, Rocambole, Viviana Rivero, Mart\u00edn Kohan y Eduardo Sacheri, entre muchos otros.<\/strong><\/li>\n<li><strong>La programaci\u00f3n completa est\u00e1 disponible en feriadellibro.cordoba.gob.ar<\/strong><\/li>\n<\/ul>\n<hr>\n<p>El pr\u00f3ximo 8 de octubre iniciar\u00e1 la 38\u00b0 Feria del Libro C\u00f3rdoba, con entrada gratuita, que se extender\u00e1 hasta el 20 de octubre.<\/p>\n<p>Bajo la curadur\u00eda de Tito D\u00f3mina y Karina Fraccarolli, ofrecer\u00e1 m\u00e1s de 200 actividades, entre charlas, talleres, presentaciones de libros, debates, espect\u00e1culos musicales y cerca de 100 stands de expositores y editoriales independientes.<\/p>\n<p>Participar\u00e1n consagrados escritores y escritoras, periodistas, artistas y poetas, en una grilla para todos los gustos: Camila Sosa Villada, Mar\u00eda Teresa Andruetto, Liliana Heker, Rocambole, Viviana Rivero, Mart\u00edn Kohan y Eduardo Sacheri, entre otros.<\/p>\n<p>Neuqu\u00e9n y Bolivia ser\u00e1n la ciudad y el pa\u00eds invitado, que aportar\u00e1n su literatura, entre distintas propuestas durante la feria.<\/p>\n<p>El lema para este a\u00f1o ser\u00e1 \u201cCultura que potencia, lecturas que transforman\u201d, con miras en reconocer el trabajo en la ciudad y el aporte de la econom\u00eda naranja, impulsora del turismo y la industria editorial.<\/p>\n<p>Los ejes centrales girar\u00e1n en torno a la identidad, la diversidad y accesibilidad, como as\u00ed tambi\u00e9n el rol de la cultura como motor de desarrollo.<\/p>\n<p>El epicentro de la #FLC2024 ser\u00e1 la Supermanzana de la Intendencia, con muchas m\u00e1s propuestas para disfrutar en el Teatro Comedia, el MMAU, el Cine Arte C\u00f3rdoba y la Biblioteca C\u00f3rdoba, as\u00ed como tambi\u00e9n en las bibliotecas barriales.<\/p>\n<p>Habr\u00e1 seis espacios que llevar\u00e1n el nombre de reconocidos autores y autoras que dejaron un legado en nuestro patrimonio literario como Daniel Salzano, Graciela Bialet, Cristina Bajo, Vicente Luy, Nury Taborda y Malicha Leguizam\u00f3n.<\/p>\n<p><strong>En toda la ciudad<\/strong><\/p>\n<p>Adicionalmente, habr\u00e1 una serie de charlas bajo el nombre de \u201cEl cuarteto es Cultura-Arte-Literatura\u201d, coordinadas por el antrop\u00f3logo Gustavo Bl\u00e1zquez para discutir la influencia del g\u00e9nero musical en la construcci\u00f3n de la identidad cordobesa.<\/p>\n<p>Tambi\u00e9n se desarrollar\u00e1 el ciclo gastron\u00f3mico \u00abUtuco\u00bb, con debates sobre el patrimonio alimentario cordob\u00e9s y la relaci\u00f3n entre la gastronom\u00eda y la literatura.<\/p>\n<p>En materia de accesibilidad, habr\u00e1 plazas de estacionamiento para personas con movilidad reducida, ba\u00f1os adaptados, zonas de calma y descarga emocional, uso de rampas y una capacitaci\u00f3n para expositores con el fin de garantizar una atenci\u00f3n inclusiva.<\/p>\n<p>Adem\u00e1s, la sala de lectura infantojuvenil Malicha se trasladar\u00e1 a la Supermanzana de la Intendencia con una grilla de actividades literarias y l\u00fadicas para los m\u00e1s peque\u00f1os.<\/p>\n<p>Los dos primeros d\u00edas de la #FLC2024 estar\u00e1n destinados a la actividad de las escuelas de la ciudad, con el protagonismo de los ni\u00f1os y j\u00f3venes, mientras que desde el 10 de octubre, ya se podr\u00e1 disfrutar de las primeras charlas y exposiciones.<\/p>\n<p>Las carpas con los puestos de libros, igualmente, se podr\u00e1n visitar del 8 al 20 de octubre, en el horario de 11 a 20 horas de lunes a s\u00e1bado y de 15 a 20 horas los domingos y el feriado.<\/p>\n<p>Para ver la programaci\u00f3n completa ingresar en https:\/\/feriadellibro.cordoba.gob.ar\/<\/p>\n","protected":false},"excerpt":{"rendered":"<p>Se extender\u00e1 hasta el 20 del mismo mes en la Supermanzana Intendencia y espacios culturales de la ciudad. En la grilla destaca la presencia de Camila Sosa Villada, Mar\u00eda Teresa Andruetto, Liliana Heker, Rocambole, Viviana Rivero, Mart\u00edn Kohan y Eduardo Sacheri, entre muchos otros. La programaci\u00f3n completa est\u00e1 disponible en feriadellibro.cordoba.gob.ar El pr\u00f3ximo 8 de [&hellip;]<\/p>\n","protected":false},"author":1,"featured_media":156467,"comment_status":"closed","ping_status":"closed","sticky":false,"template":"","format":"standard","meta":[],"categories":[44],"tags":[],"_links":{"self":[{"href":"http:\/\/cordobadirecto.com\/index.php\/wp-json\/wp\/v2\/posts\/156466"}],"collection":[{"href":"http:\/\/cordobadirecto.com\/index.php\/wp-json\/wp\/v2\/posts"}],"about":[{"href":"http:\/\/cordobadirecto.com\/index.php\/wp-json\/wp\/v2\/types\/post"}],"author":[{"embeddable":true,"href":"http:\/\/cordobadirecto.com\/index.php\/wp-json\/wp\/v2\/users\/1"}],"replies":[{"embeddable":true,"href":"http:\/\/cordobadirecto.com\/index.php\/wp-json\/wp\/v2\/comments?post=156466"}],"version-history":[{"count":0,"href":"http:\/\/cordobadirecto.com\/index.php\/wp-json\/wp\/v2\/posts\/156466\/revisions"}],"wp:featuredmedia":[{"embeddable":true,"href":"http:\/\/cordobadirecto.com\/index.php\/wp-json\/wp\/v2\/media\/156467"}],"wp:attachment":[{"href":"http:\/\/cordobadirecto.com\/index.php\/wp-json\/wp\/v2\/media?parent=156466"}],"wp:term":[{"taxonomy":"category","embeddable":true,"href":"http:\/\/cordobadirecto.com\/index.php\/wp-json\/wp\/v2\/categories?post=156466"},{"taxonomy":"post_tag","embeddable":true,"href":"http:\/\/cordobadirecto.com\/index.php\/wp-json\/wp\/v2\/tags?post=156466"}],"curies":[{"name":"wp","href":"https:\/\/api.w.org\/{rel}","templated":true}]}}